{"id":1723,"date":"2024-08-08T13:27:38","date_gmt":"2024-08-08T17:27:38","guid":{"rendered":"https:\/\/www.sedesoruro.gob.bo\/?p=1723"},"modified":"2024-08-28T10:45:56","modified_gmt":"2024-08-28T14:45:56","slug":"caso-de-sarampion-servicio-departamental-de-salud-oruro","status":"publish","type":"post","link":"https:\/\/www.sedesoruro.gob.bo\/index.php\/2024\/08\/08\/caso-de-sarampion-servicio-departamental-de-salud-oruro\/","title":{"rendered":"ANTE EL CASO POSITIVO DE SARAMPI\u00d3N, SEDES ORURO ACTIVA ALERTA EPIDEMIOLOGICA"},"content":{"rendered":"\t\t<div data-elementor-type=\"wp-post\" data-elementor-id=\"1723\" class=\"elementor elementor-1723\">\n\t\t\t\t<div class=\"elementor-element elementor-element-7148215 e-flex e-con-boxed e-con e-parent\" data-id=\"7148215\" data-element_type=\"container\">\n\t\t\t\t\t<div class=\"e-con-inner\">\n\t\t\t\t<div class=\"elementor-element elementor-element-b071749 elementor-widget elementor-widget-heading\" data-id=\"b071749\" data-element_type=\"widget\" data-widget_type=\"heading.default\">\n\t\t\t\t<div class=\"elementor-widget-container\">\n\t\t\t\t\t<h4 class=\"elementor-heading-title elementor-size-default\">Despu\u00e9s de 20 a\u00f1os <\/h4>\t\t\t\t<\/div>\n\t\t\t\t<\/div>\n\t\t\t\t\t<\/div>\n\t\t\t\t<\/div>\n\t\t<div class=\"elementor-element elementor-element-6d5a3e01 e-flex e-con-boxed e-con e-parent\" data-id=\"6d5a3e01\" data-element_type=\"container\">\n\t\t\t\t\t<div class=\"e-con-inner\">\n\t\t\t\t<div class=\"elementor-element elementor-element-33ae5c97 elementor-widget elementor-widget-text-editor\" data-id=\"33ae5c97\" data-element_type=\"widget\" data-widget_type=\"text-editor.default\">\n\t\t\t\t<div class=\"elementor-widget-container\">\n\t\t\t\t\t\t\t\t\t\n<h1 class=\"wp-block-heading\"><strong>ANTE EL CASO POSITIVO DE SARAMPI\u00d3N, SEDES ORURO ACTIVA ALERTA EPIDEMIOLOGICA<\/strong><\/h1>\n\n\n\n<p><\/p>\n\n\n\n<p><\/p>\n\t\t\t\t\t\t\t\t<\/div>\n\t\t\t\t<\/div>\n\t\t\t\t\t<\/div>\n\t\t\t\t<\/div>\n\t\t<div class=\"elementor-element elementor-element-0b9d92c e-flex e-con-boxed e-con e-parent\" data-id=\"0b9d92c\" data-element_type=\"container\">\n\t\t\t\t\t<div class=\"e-con-inner\">\n\t\t<div class=\"elementor-element elementor-element-5f0928b e-con-full e-flex e-con e-child\" data-id=\"5f0928b\" data-element_type=\"container\">\n\t\t\t\t<div class=\"elementor-element elementor-element-2e7b252 elementor-widget elementor-widget-text-editor\" data-id=\"2e7b252\" data-element_type=\"widget\" data-widget_type=\"text-editor.default\">\n\t\t\t\t<div class=\"elementor-widget-container\">\n\t\t\t\t\t\t\t\t\t<p><span style=\"color: #000000;\">En fecha 3 de julio, el Ministerio de Salud y Deportes, dio a conocer sobre el primer caso positivo de sarampi\u00f3n detectado en el departamento de Oruro, motivo por el cual se activ\u00f3 la Alerta Epidemiol\u00f3gica en todo el pa\u00eds.<\/span><\/p>\n<p><span style=\"color: #000000;\">En conferencia de prensa, la Dra., Marcela Rosales, Director T\u00e9cnico del Servicio Departamental de Salud Oruro, se\u00f1alo que se trata de un ni\u00f1o de 2 a\u00f1os y 3 meses, procedente de la ciudad de La Paz, con residencia en la ciudad de Oruro, realizando sus controles con cierta frecuencia en un establecimiento de salud de la ciudad de El Alto, el menor no contaba con la vacuna de la SRP.<\/span><\/p>\n<p>\u00a0<\/p>\t\t\t\t\t\t\t\t<\/div>\n\t\t\t\t<\/div>\n\t\t\t\t<\/div>\n\t\t<div class=\"elementor-element elementor-element-54d6cdf e-con-full e-flex e-con e-child\" data-id=\"54d6cdf\" data-element_type=\"container\">\n\t\t\t\t<div class=\"elementor-element elementor-element-51e53d3 elementor-widget elementor-widget-image\" data-id=\"51e53d3\" data-element_type=\"widget\" data-widget_type=\"image.default\">\n\t\t\t\t<div class=\"elementor-widget-container\">\n\t\t\t\t\t\t\t\t\t\t\t\t\t\t\t<img fetchpriority=\"high\" decoding=\"async\" width=\"768\" height=\"479\" src=\"https:\/\/www.sedesoruro.gob.bo\/wp-content\/uploads\/2024\/08\/sar1-768x479.jpeg\" class=\"attachment-medium_large size-medium_large wp-image-1756\" alt=\"\" srcset=\"https:\/\/www.sedesoruro.gob.bo\/wp-content\/uploads\/2024\/08\/sar1-768x479.jpeg 768w, https:\/\/www.sedesoruro.gob.bo\/wp-content\/uploads\/2024\/08\/sar1-300x187.jpeg 300w, https:\/\/www.sedesoruro.gob.bo\/wp-content\/uploads\/2024\/08\/sar1-1024x638.jpeg 1024w, https:\/\/www.sedesoruro.gob.bo\/wp-content\/uploads\/2024\/08\/sar1.jpeg 1080w\" sizes=\"(max-width: 768px) 100vw, 768px\" \/>\t\t\t\t\t\t\t\t\t\t\t\t\t\t\t<\/div>\n\t\t\t\t<\/div>\n\t\t\t\t<\/div>\n\t\t\t\t\t<\/div>\n\t\t\t\t<\/div>\n\t\t<div class=\"elementor-element elementor-element-27699b3 e-flex e-con-boxed e-con e-parent\" data-id=\"27699b3\" data-element_type=\"container\">\n\t\t\t\t\t<div class=\"e-con-inner\">\n\t\t\t\t<div class=\"elementor-element elementor-element-94352d7 elementor-widget elementor-widget-text-editor\" data-id=\"94352d7\" data-element_type=\"widget\" data-widget_type=\"text-editor.default\">\n\t\t\t\t<div class=\"elementor-widget-container\">\n\t\t\t\t\t\t\t\t\t<p><span style=\"color: #000000;\">Desde la notificaci\u00f3n del caso sospechoso, el SEDES Oruro puso en marcha las acciones pertinentes seg\u00fan normativa, realizando el bloqueo de foco por el sector de la vivienda del menor, bloqueo vacunal a todos los grupos susceptibles, b\u00fasqueda activa institucional, b\u00fasqueda activa comunitaria para verificar sintomatolog\u00eda en el \u00e1rea, refuerzo de la vacunaci\u00f3n, se va realizando el seguimiento a todos los contactos con los que ha tenido el ni\u00f1o tanto en el establecimiento de salud como en el viaje.<\/span><\/p>\t\t\t\t\t\t\t\t<\/div>\n\t\t\t\t<\/div>\n\t\t\t\t\t<\/div>\n\t\t\t\t<\/div>\n\t\t<div class=\"elementor-element elementor-element-5408d6e e-flex e-con-boxed e-con e-parent\" data-id=\"5408d6e\" data-element_type=\"container\">\n\t\t\t\t\t<div class=\"e-con-inner\">\n\t\t<div class=\"elementor-element elementor-element-83402a8 e-con-full e-flex e-con e-child\" data-id=\"83402a8\" data-element_type=\"container\">\n\t\t\t\t<div class=\"elementor-element elementor-element-18a32d0 elementor-widget elementor-widget-image\" data-id=\"18a32d0\" data-element_type=\"widget\" data-widget_type=\"image.default\">\n\t\t\t\t<div class=\"elementor-widget-container\">\n\t\t\t\t\t\t\t\t\t\t\t\t\t\t\t<img decoding=\"async\" width=\"768\" height=\"876\" src=\"https:\/\/www.sedesoruro.gob.bo\/wp-content\/uploads\/2024\/08\/sar3-768x876.jpeg\" class=\"attachment-medium_large size-medium_large wp-image-1754\" alt=\"\" srcset=\"https:\/\/www.sedesoruro.gob.bo\/wp-content\/uploads\/2024\/08\/sar3-768x876.jpeg 768w, https:\/\/www.sedesoruro.gob.bo\/wp-content\/uploads\/2024\/08\/sar3-263x300.jpeg 263w, https:\/\/www.sedesoruro.gob.bo\/wp-content\/uploads\/2024\/08\/sar3-897x1024.jpeg 897w, https:\/\/www.sedesoruro.gob.bo\/wp-content\/uploads\/2024\/08\/sar3.jpeg 901w\" sizes=\"(max-width: 768px) 100vw, 768px\" \/>\t\t\t\t\t\t\t\t\t\t\t\t\t\t\t<\/div>\n\t\t\t\t<\/div>\n\t\t\t\t<\/div>\n\t\t<div class=\"elementor-element elementor-element-cde18c3 e-con-full e-flex e-con e-child\" data-id=\"cde18c3\" data-element_type=\"container\">\n\t\t\t\t<div class=\"elementor-element elementor-element-076702e elementor-widget elementor-widget-image\" data-id=\"076702e\" data-element_type=\"widget\" data-widget_type=\"image.default\">\n\t\t\t\t<div class=\"elementor-widget-container\">\n\t\t\t\t\t\t\t\t\t\t\t\t\t\t\t<img decoding=\"async\" width=\"720\" height=\"915\" src=\"https:\/\/www.sedesoruro.gob.bo\/wp-content\/uploads\/2024\/08\/sar2.jpeg\" class=\"attachment-medium_large size-medium_large wp-image-1755\" alt=\"\" srcset=\"https:\/\/www.sedesoruro.gob.bo\/wp-content\/uploads\/2024\/08\/sar2.jpeg 720w, https:\/\/www.sedesoruro.gob.bo\/wp-content\/uploads\/2024\/08\/sar2-236x300.jpeg 236w\" sizes=\"(max-width: 720px) 100vw, 720px\" \/>\t\t\t\t\t\t\t\t\t\t\t\t\t\t\t<\/div>\n\t\t\t\t<\/div>\n\t\t\t\t<\/div>\n\t\t\t\t\t<\/div>\n\t\t\t\t<\/div>\n\t\t<div class=\"elementor-element elementor-element-bde5eec e-flex e-con-boxed e-con e-parent\" data-id=\"bde5eec\" data-element_type=\"container\">\n\t\t\t\t\t<div class=\"e-con-inner\">\n\t\t\t\t<div class=\"elementor-element elementor-element-9c69402 elementor-widget elementor-widget-text-editor\" data-id=\"9c69402\" data-element_type=\"widget\" data-widget_type=\"text-editor.default\">\n\t\t\t\t<div class=\"elementor-widget-container\">\n\t\t\t\t\t\t\t\t\t<p>\u00a0<\/p>\n<p><span style=\"color: #000000;\">\u201cNosotros tenemos la cantidad suficiente de vacunas en los establecimientos de salud para realizar la vacunaci\u00f3n a la poblaci\u00f3n susceptible, se va a continuar con lo que es la vacunaci\u00f3n ahora de 6 a\u00f1os a 59 a\u00f1os poblaci\u00f3n que no haya recibido ninguna dosis de la vacuna contra el sarampi\u00f3n, tambi\u00e9n se va a continuar con la vacunaci\u00f3n de la SRP con sus 2 dosis con intervalo de 1 mes en nuestra poblaci\u00f3n objeto, en cuanto a la poblaci\u00f3n de salud tambi\u00e9n se ha hecho la vacunaci\u00f3n y vamos a hacer el seguimiento frente a cualquier sintomatolog\u00eda que se pueda presentar por el lapso de 3 meses\u201d, se\u00f1alo la Dra. Rosales.<\/span><\/p>\t\t\t\t\t\t\t\t<\/div>\n\t\t\t\t<\/div>\n\t\t\t\t\t<\/div>\n\t\t\t\t<\/div>\n\t\t<div class=\"elementor-element elementor-element-b6ab0f6 e-flex e-con-boxed e-con e-parent\" data-id=\"b6ab0f6\" data-element_type=\"container\">\n\t\t\t\t\t<div class=\"e-con-inner\">\n\t\t<div class=\"elementor-element elementor-element-2978706 e-con-full e-flex e-con e-child\" data-id=\"2978706\" data-element_type=\"container\">\n\t\t\t\t<\/div>\n\t\t<div class=\"elementor-element elementor-element-169a7c4 e-con-full e-flex e-con e-child\" data-id=\"169a7c4\" data-element_type=\"container\">\n\t\t\t\t<\/div>\n\t\t\t\t\t<\/div>\n\t\t\t\t<\/div>\n\t\t\t\t<\/div>\n\t\t","protected":false},"excerpt":{"rendered":"<p>Despu\u00e9s de 20 a\u00f1os ANTE EL CASO POSITIVO DE SARAMPI\u00d3N, SEDES ORURO ACTIVA ALERTA EPIDEMIOLOGICA En fecha 3 de julio, el Ministerio de Salud y Deportes, dio a conocer sobre el primer caso positivo&#46;&#46;&#46;<\/p>\n","protected":false},"author":1,"featured_media":1757,"comment_status":"closed","ping_status":"open","sticky":false,"template":"","format":"standard","meta":{"_cbd_carousel_blocks":"[]","footnotes":""},"categories":[17,49,15],"tags":[28,46],"class_list":["post-1723","post","type-post","status-publish","format-standard","has-post-thumbnail","hentry","category-comunicacion","category-epidemiologia","category-banner","tag-campana","tag-sarampion"],"yoast_head":"<!-- This site is optimized with the Yoast SEO plugin v23.1 - https:\/\/yoast.com\/wordpress\/plugins\/seo\/ -->\n<title>ANTE EL CASO POSITIVO DE SARAMPI\u00d3N, SEDES ORURO ACTIVA ALERTA EPIDEMIOLOGICA - NOTICIA<\/title>\n<meta name=\"description\" content=\"Despu\u00e9s de 20 a\u00f1os ANTE EL CASO POSITIVO DE SARAMPI\u00d3N, SEDES ORURO ACTIVA ALERTA EPIDEMIOLOGICA En fecha 3 de julio, el Ministerio de Salud y Deportes,\" \/>\n<meta name=\"robots\" content=\"index, follow, max-snippet:-1, max-image-preview:large, max-video-preview:-1\" \/>\n<link rel=\"canonical\" href=\"https:\/\/www.sedesoruro.gob.bo\/index.php\/2024\/08\/08\/caso-de-sarampion-servicio-departamental-de-salud-oruro\/\" \/>\n<meta property=\"og:locale\" content=\"es_ES\" \/>\n<meta property=\"og:type\" content=\"article\" \/>\n<meta property=\"og:title\" content=\"ANTE EL CASO POSITIVO DE SARAMPI\u00d3N, SEDES ORURO ACTIVA ALERTA EPIDEMIOLOGICA - NOTICIA\" \/>\n<meta property=\"og:description\" content=\"Despu\u00e9s de 20 a\u00f1os ANTE EL CASO POSITIVO DE SARAMPI\u00d3N, SEDES ORURO ACTIVA ALERTA EPIDEMIOLOGICA En fecha 3 de julio, el Ministerio de Salud y Deportes,\" \/>\n<meta property=\"og:url\" content=\"https:\/\/www.sedesoruro.gob.bo\/index.php\/2024\/08\/08\/caso-de-sarampion-servicio-departamental-de-salud-oruro\/\" \/>\n<meta property=\"og:site_name\" content=\"SERVICIO DEPARTAMENTAL DE SALUD - ORURO\" \/>\n<meta property=\"article:publisher\" content=\"https:\/\/www.facebook.com\/SEDESOR\" \/>\n<meta property=\"article:published_time\" content=\"2024-08-08T17:27:38+00:00\" \/>\n<meta property=\"article:modified_time\" content=\"2024-08-28T14:45:56+00:00\" \/>\n<meta property=\"og:image\" content=\"https:\/\/www.sedesoruro.gob.bo\/wp-content\/uploads\/2024\/08\/sar.jpeg\" \/>\n\t<meta property=\"og:image:width\" content=\"941\" \/>\n\t<meta property=\"og:image:height\" content=\"960\" \/>\n\t<meta property=\"og:image:type\" content=\"image\/jpeg\" \/>\n<meta name=\"author\" content=\"userdesse\" \/>\n<meta name=\"twitter:card\" content=\"summary_large_image\" \/>\n<meta name=\"twitter:label1\" content=\"Escrito por\" \/>\n\t<meta name=\"twitter:data1\" content=\"userdesse\" \/>\n\t<meta name=\"twitter:label2\" content=\"Tiempo de lectura\" \/>\n\t<meta name=\"twitter:data2\" content=\"3 minutos\" \/>\n<script type=\"application\/ld+json\" class=\"yoast-schema-graph\">{\"@context\":\"https:\/\/schema.org\",\"@graph\":[{\"@type\":\"Article\",\"@id\":\"https:\/\/www.sedesoruro.gob.bo\/index.php\/2024\/08\/08\/caso-de-sarampion-servicio-departamental-de-salud-oruro\/#article\",\"isPartOf\":{\"@id\":\"https:\/\/www.sedesoruro.gob.bo\/index.php\/2024\/08\/08\/caso-de-sarampion-servicio-departamental-de-salud-oruro\/\"},\"author\":{\"name\":\"userdesse\",\"@id\":\"https:\/\/www.sedesoruro.gob.bo\/#\/schema\/person\/269b8053e5fc16d4191978ba1f4ccfb0\"},\"headline\":\"ANTE EL CASO POSITIVO DE SARAMPI\u00d3N, SEDES ORURO ACTIVA ALERTA EPIDEMIOLOGICA\",\"datePublished\":\"2024-08-08T17:27:38+00:00\",\"dateModified\":\"2024-08-28T14:45:56+00:00\",\"mainEntityOfPage\":{\"@id\":\"https:\/\/www.sedesoruro.gob.bo\/index.php\/2024\/08\/08\/caso-de-sarampion-servicio-departamental-de-salud-oruro\/\"},\"wordCount\":350,\"publisher\":{\"@id\":\"https:\/\/www.sedesoruro.gob.bo\/#organization\"},\"image\":{\"@id\":\"https:\/\/www.sedesoruro.gob.bo\/index.php\/2024\/08\/08\/caso-de-sarampion-servicio-departamental-de-salud-oruro\/#primaryimage\"},\"thumbnailUrl\":\"https:\/\/www.sedesoruro.gob.bo\/wp-content\/uploads\/2024\/08\/sar.jpeg\",\"keywords\":[\"Campa\u00f1a\",\"sarampi\u00f3n\"],\"articleSection\":[\"COMUNICAC\u00cdON\",\"EPIDEMIOLOGIA\",\"NOTICIA\"],\"inLanguage\":\"es\"},{\"@type\":\"WebPage\",\"@id\":\"https:\/\/www.sedesoruro.gob.bo\/index.php\/2024\/08\/08\/caso-de-sarampion-servicio-departamental-de-salud-oruro\/\",\"url\":\"https:\/\/www.sedesoruro.gob.bo\/index.php\/2024\/08\/08\/caso-de-sarampion-servicio-departamental-de-salud-oruro\/\",\"name\":\"ANTE EL CASO POSITIVO DE SARAMPI\u00d3N, SEDES ORURO ACTIVA ALERTA EPIDEMIOLOGICA - NOTICIA\",\"isPartOf\":{\"@id\":\"https:\/\/www.sedesoruro.gob.bo\/#website\"},\"primaryImageOfPage\":{\"@id\":\"https:\/\/www.sedesoruro.gob.bo\/index.php\/2024\/08\/08\/caso-de-sarampion-servicio-departamental-de-salud-oruro\/#primaryimage\"},\"image\":{\"@id\":\"https:\/\/www.sedesoruro.gob.bo\/index.php\/2024\/08\/08\/caso-de-sarampion-servicio-departamental-de-salud-oruro\/#primaryimage\"},\"thumbnailUrl\":\"https:\/\/www.sedesoruro.gob.bo\/wp-content\/uploads\/2024\/08\/sar.jpeg\",\"datePublished\":\"2024-08-08T17:27:38+00:00\",\"dateModified\":\"2024-08-28T14:45:56+00:00\",\"description\":\"Despu\u00e9s de 20 a\u00f1os ANTE EL CASO POSITIVO DE SARAMPI\u00d3N, SEDES ORURO ACTIVA ALERTA EPIDEMIOLOGICA En fecha 3 de julio, el Ministerio de Salud y Deportes,\",\"breadcrumb\":{\"@id\":\"https:\/\/www.sedesoruro.gob.bo\/index.php\/2024\/08\/08\/caso-de-sarampion-servicio-departamental-de-salud-oruro\/#breadcrumb\"},\"inLanguage\":\"es\",\"potentialAction\":[{\"@type\":\"ReadAction\",\"target\":[\"https:\/\/www.sedesoruro.gob.bo\/index.php\/2024\/08\/08\/caso-de-sarampion-servicio-departamental-de-salud-oruro\/\"]}]},{\"@type\":\"ImageObject\",\"inLanguage\":\"es\",\"@id\":\"https:\/\/www.sedesoruro.gob.bo\/index.php\/2024\/08\/08\/caso-de-sarampion-servicio-departamental-de-salud-oruro\/#primaryimage\",\"url\":\"https:\/\/www.sedesoruro.gob.bo\/wp-content\/uploads\/2024\/08\/sar.jpeg\",\"contentUrl\":\"https:\/\/www.sedesoruro.gob.bo\/wp-content\/uploads\/2024\/08\/sar.jpeg\",\"width\":941,\"height\":960},{\"@type\":\"BreadcrumbList\",\"@id\":\"https:\/\/www.sedesoruro.gob.bo\/index.php\/2024\/08\/08\/caso-de-sarampion-servicio-departamental-de-salud-oruro\/#breadcrumb\",\"itemListElement\":[{\"@type\":\"ListItem\",\"position\":1,\"name\":\"Portada\",\"item\":\"https:\/\/www.sedesoruro.gob.bo\/\"},{\"@type\":\"ListItem\",\"position\":2,\"name\":\"ANTE EL CASO POSITIVO DE SARAMPI\u00d3N, SEDES ORURO ACTIVA ALERTA EPIDEMIOLOGICA\"}]},{\"@type\":\"WebSite\",\"@id\":\"https:\/\/www.sedesoruro.gob.bo\/#website\",\"url\":\"https:\/\/www.sedesoruro.gob.bo\/\",\"name\":\"sedesoruro.gob.bo\",\"description\":\"SERVICIO DEPARTAMENTAL DE SALUD - ORURO\",\"publisher\":{\"@id\":\"https:\/\/www.sedesoruro.gob.bo\/#organization\"},\"alternateName\":\"Servicio Departamental de Salud - Oruro\",\"potentialAction\":[{\"@type\":\"SearchAction\",\"target\":{\"@type\":\"EntryPoint\",\"urlTemplate\":\"https:\/\/www.sedesoruro.gob.bo\/?s={search_term_string}\"},\"query-input\":\"required name=search_term_string\"}],\"inLanguage\":\"es\"},{\"@type\":\"Organization\",\"@id\":\"https:\/\/www.sedesoruro.gob.bo\/#organization\",\"name\":\"Servicio Departamental de Salud - Oruro\",\"alternateName\":\"SEDES ORURO\",\"url\":\"https:\/\/www.sedesoruro.gob.bo\/\",\"logo\":{\"@type\":\"ImageObject\",\"inLanguage\":\"es\",\"@id\":\"https:\/\/www.sedesoruro.gob.bo\/#\/schema\/logo\/image\/\",\"url\":\"https:\/\/www.sedesoruro.gob.bo\/wp-content\/uploads\/2024\/08\/LOGO-SEDES.jpg\",\"contentUrl\":\"https:\/\/www.sedesoruro.gob.bo\/wp-content\/uploads\/2024\/08\/LOGO-SEDES.jpg\",\"width\":226,\"height\":223,\"caption\":\"Servicio Departamental de Salud - Oruro\"},\"image\":{\"@id\":\"https:\/\/www.sedesoruro.gob.bo\/#\/schema\/logo\/image\/\"},\"sameAs\":[\"https:\/\/www.facebook.com\/SEDESOR\"]},{\"@type\":\"Person\",\"@id\":\"https:\/\/www.sedesoruro.gob.bo\/#\/schema\/person\/269b8053e5fc16d4191978ba1f4ccfb0\",\"name\":\"userdesse\",\"image\":{\"@type\":\"ImageObject\",\"inLanguage\":\"es\",\"@id\":\"https:\/\/www.sedesoruro.gob.bo\/#\/schema\/person\/image\/\",\"url\":\"https:\/\/secure.gravatar.com\/avatar\/d620fe5460db87edd265e5743d4b6428870636320ba06173d03a4368a03d84aa?s=96&d=mm&r=g\",\"contentUrl\":\"https:\/\/secure.gravatar.com\/avatar\/d620fe5460db87edd265e5743d4b6428870636320ba06173d03a4368a03d84aa?s=96&d=mm&r=g\",\"caption\":\"userdesse\"},\"sameAs\":[\"http:\/\/www.sedesoruro.gob.bo\"]}]}<\/script>\n<!-- \/ Yoast SEO plugin. -->","yoast_head_json":{"title":"ANTE EL CASO POSITIVO DE SARAMPI\u00d3N, SEDES ORURO ACTIVA ALERTA EPIDEMIOLOGICA - NOTICIA","description":"Despu\u00e9s de 20 a\u00f1os ANTE EL CASO POSITIVO DE SARAMPI\u00d3N, SEDES ORURO ACTIVA ALERTA EPIDEMIOLOGICA En fecha 3 de julio, el Ministerio de Salud y Deportes,","robots":{"index":"index","follow":"follow","max-snippet":"max-snippet:-1","max-image-preview":"max-image-preview:large","max-video-preview":"max-video-preview:-1"},"canonical":"https:\/\/www.sedesoruro.gob.bo\/index.php\/2024\/08\/08\/caso-de-sarampion-servicio-departamental-de-salud-oruro\/","og_locale":"es_ES","og_type":"article","og_title":"ANTE EL CASO POSITIVO DE SARAMPI\u00d3N, SEDES ORURO ACTIVA ALERTA EPIDEMIOLOGICA - NOTICIA","og_description":"Despu\u00e9s de 20 a\u00f1os ANTE EL CASO POSITIVO DE SARAMPI\u00d3N, SEDES ORURO ACTIVA ALERTA EPIDEMIOLOGICA En fecha 3 de julio, el Ministerio de Salud y Deportes,","og_url":"https:\/\/www.sedesoruro.gob.bo\/index.php\/2024\/08\/08\/caso-de-sarampion-servicio-departamental-de-salud-oruro\/","og_site_name":"SERVICIO DEPARTAMENTAL DE SALUD - ORURO","article_publisher":"https:\/\/www.facebook.com\/SEDESOR","article_published_time":"2024-08-08T17:27:38+00:00","article_modified_time":"2024-08-28T14:45:56+00:00","og_image":[{"width":941,"height":960,"url":"https:\/\/www.sedesoruro.gob.bo\/wp-content\/uploads\/2024\/08\/sar.jpeg","type":"image\/jpeg"}],"author":"userdesse","twitter_card":"summary_large_image","twitter_misc":{"Escrito por":"userdesse","Tiempo de lectura":"3 minutos"},"schema":{"@context":"https:\/\/schema.org","@graph":[{"@type":"Article","@id":"https:\/\/www.sedesoruro.gob.bo\/index.php\/2024\/08\/08\/caso-de-sarampion-servicio-departamental-de-salud-oruro\/#article","isPartOf":{"@id":"https:\/\/www.sedesoruro.gob.bo\/index.php\/2024\/08\/08\/caso-de-sarampion-servicio-departamental-de-salud-oruro\/"},"author":{"name":"userdesse","@id":"https:\/\/www.sedesoruro.gob.bo\/#\/schema\/person\/269b8053e5fc16d4191978ba1f4ccfb0"},"headline":"ANTE EL CASO POSITIVO DE SARAMPI\u00d3N, SEDES ORURO ACTIVA ALERTA EPIDEMIOLOGICA","datePublished":"2024-08-08T17:27:38+00:00","dateModified":"2024-08-28T14:45:56+00:00","mainEntityOfPage":{"@id":"https:\/\/www.sedesoruro.gob.bo\/index.php\/2024\/08\/08\/caso-de-sarampion-servicio-departamental-de-salud-oruro\/"},"wordCount":350,"publisher":{"@id":"https:\/\/www.sedesoruro.gob.bo\/#organization"},"image":{"@id":"https:\/\/www.sedesoruro.gob.bo\/index.php\/2024\/08\/08\/caso-de-sarampion-servicio-departamental-de-salud-oruro\/#primaryimage"},"thumbnailUrl":"https:\/\/www.sedesoruro.gob.bo\/wp-content\/uploads\/2024\/08\/sar.jpeg","keywords":["Campa\u00f1a","sarampi\u00f3n"],"articleSection":["COMUNICAC\u00cdON","EPIDEMIOLOGIA","NOTICIA"],"inLanguage":"es"},{"@type":"WebPage","@id":"https:\/\/www.sedesoruro.gob.bo\/index.php\/2024\/08\/08\/caso-de-sarampion-servicio-departamental-de-salud-oruro\/","url":"https:\/\/www.sedesoruro.gob.bo\/index.php\/2024\/08\/08\/caso-de-sarampion-servicio-departamental-de-salud-oruro\/","name":"ANTE EL CASO POSITIVO DE SARAMPI\u00d3N, SEDES ORURO ACTIVA ALERTA EPIDEMIOLOGICA - NOTICIA","isPartOf":{"@id":"https:\/\/www.sedesoruro.gob.bo\/#website"},"primaryImageOfPage":{"@id":"https:\/\/www.sedesoruro.gob.bo\/index.php\/2024\/08\/08\/caso-de-sarampion-servicio-departamental-de-salud-oruro\/#primaryimage"},"image":{"@id":"https:\/\/www.sedesoruro.gob.bo\/index.php\/2024\/08\/08\/caso-de-sarampion-servicio-departamental-de-salud-oruro\/#primaryimage"},"thumbnailUrl":"https:\/\/www.sedesoruro.gob.bo\/wp-content\/uploads\/2024\/08\/sar.jpeg","datePublished":"2024-08-08T17:27:38+00:00","dateModified":"2024-08-28T14:45:56+00:00","description":"Despu\u00e9s de 20 a\u00f1os ANTE EL CASO POSITIVO DE SARAMPI\u00d3N, SEDES ORURO ACTIVA ALERTA EPIDEMIOLOGICA En fecha 3 de julio, el Ministerio de Salud y Deportes,","breadcrumb":{"@id":"https:\/\/www.sedesoruro.gob.bo\/index.php\/2024\/08\/08\/caso-de-sarampion-servicio-departamental-de-salud-oruro\/#breadcrumb"},"inLanguage":"es","potentialAction":[{"@type":"ReadAction","target":["https:\/\/www.sedesoruro.gob.bo\/index.php\/2024\/08\/08\/caso-de-sarampion-servicio-departamental-de-salud-oruro\/"]}]},{"@type":"ImageObject","inLanguage":"es","@id":"https:\/\/www.sedesoruro.gob.bo\/index.php\/2024\/08\/08\/caso-de-sarampion-servicio-departamental-de-salud-oruro\/#primaryimage","url":"https:\/\/www.sedesoruro.gob.bo\/wp-content\/uploads\/2024\/08\/sar.jpeg","contentUrl":"https:\/\/www.sedesoruro.gob.bo\/wp-content\/uploads\/2024\/08\/sar.jpeg","width":941,"height":960},{"@type":"BreadcrumbList","@id":"https:\/\/www.sedesoruro.gob.bo\/index.php\/2024\/08\/08\/caso-de-sarampion-servicio-departamental-de-salud-oruro\/#breadcrumb","itemListElement":[{"@type":"ListItem","position":1,"name":"Portada","item":"https:\/\/www.sedesoruro.gob.bo\/"},{"@type":"ListItem","position":2,"name":"ANTE EL CASO POSITIVO DE SARAMPI\u00d3N, SEDES ORURO ACTIVA ALERTA EPIDEMIOLOGICA"}]},{"@type":"WebSite","@id":"https:\/\/www.sedesoruro.gob.bo\/#website","url":"https:\/\/www.sedesoruro.gob.bo\/","name":"sedesoruro.gob.bo","description":"SERVICIO DEPARTAMENTAL DE SALUD - ORURO","publisher":{"@id":"https:\/\/www.sedesoruro.gob.bo\/#organization"},"alternateName":"Servicio Departamental de Salud - Oruro","potentialAction":[{"@type":"SearchAction","target":{"@type":"EntryPoint","urlTemplate":"https:\/\/www.sedesoruro.gob.bo\/?s={search_term_string}"},"query-input":"required name=search_term_string"}],"inLanguage":"es"},{"@type":"Organization","@id":"https:\/\/www.sedesoruro.gob.bo\/#organization","name":"Servicio Departamental de Salud - Oruro","alternateName":"SEDES ORURO","url":"https:\/\/www.sedesoruro.gob.bo\/","logo":{"@type":"ImageObject","inLanguage":"es","@id":"https:\/\/www.sedesoruro.gob.bo\/#\/schema\/logo\/image\/","url":"https:\/\/www.sedesoruro.gob.bo\/wp-content\/uploads\/2024\/08\/LOGO-SEDES.jpg","contentUrl":"https:\/\/www.sedesoruro.gob.bo\/wp-content\/uploads\/2024\/08\/LOGO-SEDES.jpg","width":226,"height":223,"caption":"Servicio Departamental de Salud - Oruro"},"image":{"@id":"https:\/\/www.sedesoruro.gob.bo\/#\/schema\/logo\/image\/"},"sameAs":["https:\/\/www.facebook.com\/SEDESOR"]},{"@type":"Person","@id":"https:\/\/www.sedesoruro.gob.bo\/#\/schema\/person\/269b8053e5fc16d4191978ba1f4ccfb0","name":"userdesse","image":{"@type":"ImageObject","inLanguage":"es","@id":"https:\/\/www.sedesoruro.gob.bo\/#\/schema\/person\/image\/","url":"https:\/\/secure.gravatar.com\/avatar\/d620fe5460db87edd265e5743d4b6428870636320ba06173d03a4368a03d84aa?s=96&d=mm&r=g","contentUrl":"https:\/\/secure.gravatar.com\/avatar\/d620fe5460db87edd265e5743d4b6428870636320ba06173d03a4368a03d84aa?s=96&d=mm&r=g","caption":"userdesse"},"sameAs":["http:\/\/www.sedesoruro.gob.bo"]}]}},"_links":{"self":[{"href":"https:\/\/www.sedesoruro.gob.bo\/index.php\/wp-json\/wp\/v2\/posts\/1723","targetHints":{"allow":["GET"]}}],"collection":[{"href":"https:\/\/www.sedesoruro.gob.bo\/index.php\/wp-json\/wp\/v2\/posts"}],"about":[{"href":"https:\/\/www.sedesoruro.gob.bo\/index.php\/wp-json\/wp\/v2\/types\/post"}],"author":[{"embeddable":true,"href":"https:\/\/www.sedesoruro.gob.bo\/index.php\/wp-json\/wp\/v2\/users\/1"}],"replies":[{"embeddable":true,"href":"https:\/\/www.sedesoruro.gob.bo\/index.php\/wp-json\/wp\/v2\/comments?post=1723"}],"version-history":[{"count":20,"href":"https:\/\/www.sedesoruro.gob.bo\/index.php\/wp-json\/wp\/v2\/posts\/1723\/revisions"}],"predecessor-version":[{"id":1769,"href":"https:\/\/www.sedesoruro.gob.bo\/index.php\/wp-json\/wp\/v2\/posts\/1723\/revisions\/1769"}],"wp:featuredmedia":[{"embeddable":true,"href":"https:\/\/www.sedesoruro.gob.bo\/index.php\/wp-json\/wp\/v2\/media\/1757"}],"wp:attachment":[{"href":"https:\/\/www.sedesoruro.gob.bo\/index.php\/wp-json\/wp\/v2\/media?parent=1723"}],"wp:term":[{"taxonomy":"category","embeddable":true,"href":"https:\/\/www.sedesoruro.gob.bo\/index.php\/wp-json\/wp\/v2\/categories?post=1723"},{"taxonomy":"post_tag","embeddable":true,"href":"https:\/\/www.sedesoruro.gob.bo\/index.php\/wp-json\/wp\/v2\/tags?post=1723"}],"curies":[{"name":"wp","href":"https:\/\/api.w.org\/{rel}","templated":true}]}}