{"id":1820,"date":"2024-08-14T14:09:58","date_gmt":"2024-08-14T18:09:58","guid":{"rendered":"https:\/\/www.sedesoruro.gob.bo\/?p=1820"},"modified":"2024-08-27T15:38:46","modified_gmt":"2024-08-27T19:38:46","slug":"sedes-oruro-posesiono-al-comite-departamental-de-vigilancia-de-mortalidad-perinatal-y-neonatal","status":"publish","type":"post","link":"https:\/\/www.sedesoruro.gob.bo\/index.php\/2024\/08\/14\/sedes-oruro-posesiono-al-comite-departamental-de-vigilancia-de-mortalidad-perinatal-y-neonatal\/","title":{"rendered":"SEDES ORURO POSESION\u00d3 AL COMIT\u00c9 DEPARTAMENTAL DE VIGILANCIA DE MORTALIDAD PERINATAL Y NEONATAL"},"content":{"rendered":"\t\t<div data-elementor-type=\"wp-post\" data-elementor-id=\"1820\" class=\"elementor elementor-1820\">\n\t\t\t\t<div class=\"elementor-element elementor-element-3e05f990 e-flex e-con-boxed e-con e-parent\" data-id=\"3e05f990\" data-element_type=\"container\">\n\t\t\t\t\t<div class=\"e-con-inner\">\n\t\t\t\t<div class=\"elementor-element elementor-element-54e2938b elementor-widget elementor-widget-text-editor\" data-id=\"54e2938b\" data-element_type=\"widget\" data-widget_type=\"text-editor.default\">\n\t\t\t\t<div class=\"elementor-widget-container\">\n\t\t\t\t\t\t\t\t\t\n<p>El Servicio Departamental de Salud Oruro, a trav\u00e9s del \u00c1rea de Ni\u00f1o\/Ni\u00f1a Escolar, llev\u00f3 a cabo la posesi\u00f3n del nuevo Comit\u00e9 Departamental de Vigilancia de Mortalidad Perinatal y Neonatal. Las funciones principales de este comit\u00e9 incluyen la b\u00fasqueda de estrategias y la realizaci\u00f3n de actividades en colaboraci\u00f3n con la poblaci\u00f3n y el sistema de salud, con el fin de disminuir los \u00edndices de mortalidad perinatal y neonatal.<\/p>\n\n\n\n<p><\/p>\n\t\t\t\t\t\t\t\t<\/div>\n\t\t\t\t<\/div>\n\t\t\t\t\t<\/div>\n\t\t\t\t<\/div>\n\t\t<div class=\"elementor-element elementor-element-4b2a87e e-flex e-con-boxed e-con e-parent\" data-id=\"4b2a87e\" data-element_type=\"container\">\n\t\t\t\t\t<div class=\"e-con-inner\">\n\t\t<div class=\"elementor-element elementor-element-390938e e-con-full e-flex e-con e-child\" data-id=\"390938e\" data-element_type=\"container\">\n\t\t\t\t<div class=\"elementor-element elementor-element-156279b elementor-widget elementor-widget-image\" data-id=\"156279b\" data-element_type=\"widget\" data-widget_type=\"image.default\">\n\t\t\t\t<div class=\"elementor-widget-container\">\n\t\t\t\t\t\t\t\t\t\t\t\t\t\t\t<img fetchpriority=\"high\" decoding=\"async\" width=\"1024\" height=\"683\" src=\"https:\/\/www.sedesoruro.gob.bo\/wp-content\/uploads\/2024\/08\/co2-1024x683.jpeg\" class=\"attachment-large size-large wp-image-1829\" alt=\"\" srcset=\"https:\/\/www.sedesoruro.gob.bo\/wp-content\/uploads\/2024\/08\/co2-1024x683.jpeg 1024w, https:\/\/www.sedesoruro.gob.bo\/wp-content\/uploads\/2024\/08\/co2-300x200.jpeg 300w\" sizes=\"(max-width: 1024px) 100vw, 1024px\" \/>\t\t\t\t\t\t\t\t\t\t\t\t\t\t\t<\/div>\n\t\t\t\t<\/div>\n\t\t\t\t<\/div>\n\t\t<div class=\"elementor-element elementor-element-f6240e1 e-con-full e-flex e-con e-child\" data-id=\"f6240e1\" data-element_type=\"container\">\n\t\t\t\t<div class=\"elementor-element elementor-element-0a044c0 elementor-widget elementor-widget-text-editor\" data-id=\"0a044c0\" data-element_type=\"widget\" data-widget_type=\"text-editor.default\">\n\t\t\t\t<div class=\"elementor-widget-container\">\n\t\t\t\t\t\t\t\t\t<p>La Dra. Carolina V\u00e9liz, encargada del \u00c1rea Ni\u00f1o\/Ni\u00f1a Escolar del SEDES Oruro, enfatiz\u00f3 la relevancia de formar estos comit\u00e9s en la regi\u00f3n, considerando que las tasas de mortalidad son un reflejo del nivel de desarrollo de un departamento y, por extensi\u00f3n, del pa\u00eds.<\/p>\n<p>Explic\u00f3 que es tarea del comit\u00e9 analizar los casos de muertes neonatales, sus causas y las posibles soluciones dentro del marco de los sistemas de salud.<\/p>\t\t\t\t\t\t\t\t<\/div>\n\t\t\t\t<\/div>\n\t\t\t\t<\/div>\n\t\t\t\t\t<\/div>\n\t\t\t\t<\/div>\n\t\t<div class=\"elementor-element elementor-element-d7b8246 e-flex e-con-boxed e-con e-parent\" data-id=\"d7b8246\" data-element_type=\"container\">\n\t\t\t\t\t<div class=\"e-con-inner\">\n\t\t\t\t<div class=\"elementor-element elementor-element-bad0fa8 elementor-widget elementor-widget-text-editor\" data-id=\"bad0fa8\" data-element_type=\"widget\" data-widget_type=\"text-editor.default\">\n\t\t\t\t<div class=\"elementor-widget-container\">\n\t\t\t\t\t\t\t\t\t<p>Veliz se\u00f1al\u00f3 que hay numerosos factores de riesgo que pueden incrementar la mortalidad infantil, incluyendo aspectos sociales, la falta de asistencia regular a controles prenatales, el rechazo a las ces\u00e1reas y las particularidades culturales de cada regi\u00f3n, as\u00ed como la atenci\u00f3n brindada a los neonatos en los centros de salud.<\/p>\n<p>El objetivo principal del SEDES es reducir la mortalidad neonatal; por ejemplo, entre 2023 y 2024, la tasa de mortalidad perinatal y neonatal en el departamento disminuy\u00f3 de un 11% a un 7.7%, cifra que fluct\u00faa constantemente seg\u00fan los reportes de fallecimientos.<\/p>\n<p>Veliz a\u00f1adi\u00f3 que las causas m\u00e1s comunes de mortalidad neonatal incluyen los nacimientos prematuros, infecciones y asfixia durante el parto.<\/p>\n<p>Los integrantes del nuevo Comit\u00e9 Departamental de Vigilancia de Mortalidad Perinatal y Neonatal se comprometen a trabajar en conjunto con los sistemas de salud y la comunidad para encontrar mecanismos de prevenci\u00f3n que disminuyan los \u00edndices de mortalidad neonatal.<\/p>\t\t\t\t\t\t\t\t<\/div>\n\t\t\t\t<\/div>\n\t\t\t\t\t<\/div>\n\t\t\t\t<\/div>\n\t\t<div class=\"elementor-element elementor-element-55d5a43 e-flex e-con-boxed e-con e-parent\" data-id=\"55d5a43\" data-element_type=\"container\">\n\t\t\t\t\t<div class=\"e-con-inner\">\n\t\t<div class=\"elementor-element elementor-element-0ae9c72 e-con-full e-flex e-con e-child\" data-id=\"0ae9c72\" data-element_type=\"container\">\n\t\t\t\t<div class=\"elementor-element elementor-element-e0f68fa elementor-widget elementor-widget-image\" data-id=\"e0f68fa\" data-element_type=\"widget\" data-widget_type=\"image.default\">\n\t\t\t\t<div class=\"elementor-widget-container\">\n\t\t\t\t\t\t\t\t\t\t\t\t\t\t\t<img decoding=\"async\" width=\"1024\" height=\"779\" src=\"https:\/\/www.sedesoruro.gob.bo\/wp-content\/uploads\/2024\/08\/co3-1024x779.jpeg\" class=\"attachment-large size-large wp-image-1828\" alt=\"\" srcset=\"https:\/\/www.sedesoruro.gob.bo\/wp-content\/uploads\/2024\/08\/co3-1024x779.jpeg 1024w, https:\/\/www.sedesoruro.gob.bo\/wp-content\/uploads\/2024\/08\/co3-300x228.jpeg 300w\" sizes=\"(max-width: 1024px) 100vw, 1024px\" \/>\t\t\t\t\t\t\t\t\t\t\t\t\t\t\t<\/div>\n\t\t\t\t<\/div>\n\t\t\t\t<\/div>\n\t\t<div class=\"elementor-element elementor-element-5b5eca0 e-con-full e-flex e-con e-child\" data-id=\"5b5eca0\" data-element_type=\"container\">\n\t\t\t\t<div class=\"elementor-element elementor-element-38e75bc elementor-widget elementor-widget-image\" data-id=\"38e75bc\" data-element_type=\"widget\" data-widget_type=\"image.default\">\n\t\t\t\t<div class=\"elementor-widget-container\">\n\t\t\t\t\t\t\t\t\t\t\t\t\t\t\t<img decoding=\"async\" width=\"961\" height=\"1024\" src=\"https:\/\/www.sedesoruro.gob.bo\/wp-content\/uploads\/2024\/08\/co4-961x1024.jpeg\" class=\"attachment-large size-large wp-image-1827\" alt=\"\" srcset=\"https:\/\/www.sedesoruro.gob.bo\/wp-content\/uploads\/2024\/08\/co4-961x1024.jpeg 961w, https:\/\/www.sedesoruro.gob.bo\/wp-content\/uploads\/2024\/08\/co4-281x300.jpeg 281w\" sizes=\"(max-width: 961px) 100vw, 961px\" \/>\t\t\t\t\t\t\t\t\t\t\t\t\t\t\t<\/div>\n\t\t\t\t<\/div>\n\t\t\t\t<\/div>\n\t\t<div class=\"elementor-element elementor-element-f653e34 e-con-full e-flex e-con e-child\" data-id=\"f653e34\" data-element_type=\"container\">\n\t\t\t\t<div class=\"elementor-element elementor-element-7bca2a1 elementor-widget elementor-widget-image\" data-id=\"7bca2a1\" data-element_type=\"widget\" data-widget_type=\"image.default\">\n\t\t\t\t<div class=\"elementor-widget-container\">\n\t\t\t\t\t\t\t\t\t\t\t\t\t\t\t<img loading=\"lazy\" decoding=\"async\" width=\"1024\" height=\"959\" src=\"https:\/\/www.sedesoruro.gob.bo\/wp-content\/uploads\/2024\/08\/co5-1024x959.jpeg\" class=\"attachment-large size-large wp-image-1826\" alt=\"\" srcset=\"https:\/\/www.sedesoruro.gob.bo\/wp-content\/uploads\/2024\/08\/co5-1024x959.jpeg 1024w, https:\/\/www.sedesoruro.gob.bo\/wp-content\/uploads\/2024\/08\/co5-300x281.jpeg 300w\" sizes=\"(max-width: 1024px) 100vw, 1024px\" \/>\t\t\t\t\t\t\t\t\t\t\t\t\t\t\t<\/div>\n\t\t\t\t<\/div>\n\t\t\t\t<\/div>\n\t\t<div class=\"elementor-element elementor-element-f3093cb e-con-full e-flex e-con e-child\" data-id=\"f3093cb\" data-element_type=\"container\">\n\t\t\t\t<div class=\"elementor-element elementor-element-47548cd elementor-widget elementor-widget-image\" data-id=\"47548cd\" data-element_type=\"widget\" data-widget_type=\"image.default\">\n\t\t\t\t<div class=\"elementor-widget-container\">\n\t\t\t\t\t\t\t\t\t\t\t\t\t\t\t<img loading=\"lazy\" decoding=\"async\" width=\"1024\" height=\"936\" src=\"https:\/\/www.sedesoruro.gob.bo\/wp-content\/uploads\/2024\/08\/co6-1024x936.jpeg\" class=\"attachment-large size-large wp-image-1825\" alt=\"\" srcset=\"https:\/\/www.sedesoruro.gob.bo\/wp-content\/uploads\/2024\/08\/co6-1024x936.jpeg 1024w, https:\/\/www.sedesoruro.gob.bo\/wp-content\/uploads\/2024\/08\/co6-300x274.jpeg 300w\" sizes=\"(max-width: 1024px) 100vw, 1024px\" \/>\t\t\t\t\t\t\t\t\t\t\t\t\t\t\t<\/div>\n\t\t\t\t<\/div>\n\t\t\t\t<\/div>\n\t\t<div class=\"elementor-element elementor-element-c411a78 e-con-full e-flex e-con e-child\" data-id=\"c411a78\" data-element_type=\"container\">\n\t\t\t\t<div class=\"elementor-element elementor-element-91b0165 elementor-widget elementor-widget-image\" data-id=\"91b0165\" data-element_type=\"widget\" data-widget_type=\"image.default\">\n\t\t\t\t<div class=\"elementor-widget-container\">\n\t\t\t\t\t\t\t\t\t\t\t\t\t\t\t<img loading=\"lazy\" decoding=\"async\" width=\"1024\" height=\"787\" src=\"https:\/\/www.sedesoruro.gob.bo\/wp-content\/uploads\/2024\/08\/co7-1024x787.jpeg\" class=\"attachment-large size-large wp-image-1824\" alt=\"\" srcset=\"https:\/\/www.sedesoruro.gob.bo\/wp-content\/uploads\/2024\/08\/co7-1024x787.jpeg 1024w, https:\/\/www.sedesoruro.gob.bo\/wp-content\/uploads\/2024\/08\/co7-300x231.jpeg 300w\" sizes=\"(max-width: 1024px) 100vw, 1024px\" \/>\t\t\t\t\t\t\t\t\t\t\t\t\t\t\t<\/div>\n\t\t\t\t<\/div>\n\t\t\t\t<\/div>\n\t\t<div class=\"elementor-element elementor-element-a5fdad2 e-con-full e-flex e-con e-child\" data-id=\"a5fdad2\" data-element_type=\"container\">\n\t\t\t\t<div class=\"elementor-element elementor-element-b8fbb06 elementor-widget elementor-widget-image\" data-id=\"b8fbb06\" data-element_type=\"widget\" data-widget_type=\"image.default\">\n\t\t\t\t<div class=\"elementor-widget-container\">\n\t\t\t\t\t\t\t\t\t\t\t\t\t\t\t<img loading=\"lazy\" decoding=\"async\" width=\"1024\" height=\"915\" src=\"https:\/\/www.sedesoruro.gob.bo\/wp-content\/uploads\/2024\/08\/co8-1024x915.jpeg\" class=\"attachment-large size-large wp-image-1823\" alt=\"\" srcset=\"https:\/\/www.sedesoruro.gob.bo\/wp-content\/uploads\/2024\/08\/co8-1024x915.jpeg 1024w, https:\/\/www.sedesoruro.gob.bo\/wp-content\/uploads\/2024\/08\/co8-300x268.jpeg 300w\" sizes=\"(max-width: 1024px) 100vw, 1024px\" \/>\t\t\t\t\t\t\t\t\t\t\t\t\t\t\t<\/div>\n\t\t\t\t<\/div>\n\t\t\t\t<\/div>\n\t\t\t\t\t<\/div>\n\t\t\t\t<\/div>\n\t\t<div class=\"elementor-element elementor-element-56227a7 e-flex e-con-boxed e-con e-parent\" data-id=\"56227a7\" data-element_type=\"container\">\n\t\t\t\t\t<div class=\"e-con-inner\">\n\t\t<div class=\"elementor-element elementor-element-2904fd4 e-con-full e-flex e-con e-child\" data-id=\"2904fd4\" data-element_type=\"container\">\n\t\t\t\t<div class=\"elementor-element elementor-element-2c3d834 elementor-widget elementor-widget-image\" data-id=\"2c3d834\" data-element_type=\"widget\" data-widget_type=\"image.default\">\n\t\t\t\t<div class=\"elementor-widget-container\">\n\t\t\t\t\t\t\t\t\t\t\t\t\t\t\t<img loading=\"lazy\" decoding=\"async\" width=\"1024\" height=\"1024\" src=\"https:\/\/www.sedesoruro.gob.bo\/wp-content\/uploads\/2024\/08\/co9-1024x1024.jpeg\" class=\"attachment-large size-large wp-image-1822\" alt=\"\" srcset=\"https:\/\/www.sedesoruro.gob.bo\/wp-content\/uploads\/2024\/08\/co9-1024x1024.jpeg 1024w, https:\/\/www.sedesoruro.gob.bo\/wp-content\/uploads\/2024\/08\/co9-300x300.jpeg 300w, https:\/\/www.sedesoruro.gob.bo\/wp-content\/uploads\/2024\/08\/co9-150x150.jpeg 150w\" sizes=\"(max-width: 1024px) 100vw, 1024px\" \/>\t\t\t\t\t\t\t\t\t\t\t\t\t\t\t<\/div>\n\t\t\t\t<\/div>\n\t\t\t\t<\/div>\n\t\t<div class=\"elementor-element elementor-element-34ce2c9 e-con-full e-flex e-con e-child\" data-id=\"34ce2c9\" data-element_type=\"container\">\n\t\t\t\t<div class=\"elementor-element elementor-element-5fa7d12 elementor-widget elementor-widget-image\" data-id=\"5fa7d12\" data-element_type=\"widget\" data-widget_type=\"image.default\">\n\t\t\t\t<div class=\"elementor-widget-container\">\n\t\t\t\t\t\t\t\t\t\t\t\t\t\t\t<img loading=\"lazy\" decoding=\"async\" width=\"1024\" height=\"939\" src=\"https:\/\/www.sedesoruro.gob.bo\/wp-content\/uploads\/2024\/08\/co10-1024x939.jpeg\" class=\"attachment-large size-large wp-image-1821\" alt=\"\" srcset=\"https:\/\/www.sedesoruro.gob.bo\/wp-content\/uploads\/2024\/08\/co10-1024x939.jpeg 1024w, https:\/\/www.sedesoruro.gob.bo\/wp-content\/uploads\/2024\/08\/co10-300x275.jpeg 300w\" sizes=\"(max-width: 1024px) 100vw, 1024px\" \/>\t\t\t\t\t\t\t\t\t\t\t\t\t\t\t<\/div>\n\t\t\t\t<\/div>\n\t\t\t\t<\/div>\n\t\t\t\t\t<\/div>\n\t\t\t\t<\/div>\n\t\t\t\t<\/div>\n\t\t","protected":false},"excerpt":{"rendered":"<p>El Servicio Departamental de Salud Oruro, a trav\u00e9s del \u00c1rea de Ni\u00f1o\/Ni\u00f1a Escolar, llev\u00f3 a cabo la posesi\u00f3n del nuevo Comit\u00e9 Departamental de Vigilancia de Mortalidad Perinatal y Neonatal. Las funciones principales de este&#46;&#46;&#46;<\/p>\n","protected":false},"author":1,"featured_media":1830,"comment_status":"closed","ping_status":"open","sticky":false,"template":"","format":"standard","meta":{"_cbd_carousel_blocks":"[]","footnotes":""},"categories":[17,51],"tags":[],"class_list":["post-1820","post","type-post","status-publish","format-standard","has-post-thumbnail","hentry","category-comunicacion","category-sedes"],"yoast_head":"<!-- This site is optimized with the Yoast SEO plugin v23.1 - https:\/\/yoast.com\/wordpress\/plugins\/seo\/ -->\n<title>SEDES ORURO POSESION\u00d3 AL COMIT\u00c9 DEPARTAMENTAL DE VIGILANCIA DE MORTALIDAD PERINATAL Y NEONATAL<\/title>\n<meta name=\"description\" content=\"El Servicio Departamental de Salud Oruro, a trav\u00e9s del \u00c1rea de Ni\u00f1o\/Ni\u00f1a Escolar, llev\u00f3 a cabo la posesi\u00f3n del nuevo Comit\u00e9 Departamental de Vigilancia de\" \/>\n<meta name=\"robots\" content=\"index, follow, max-snippet:-1, max-image-preview:large, max-video-preview:-1\" \/>\n<link rel=\"canonical\" href=\"https:\/\/www.sedesoruro.gob.bo\/index.php\/2024\/08\/14\/sedes-oruro-posesiono-al-comite-departamental-de-vigilancia-de-mortalidad-perinatal-y-neonatal\/\" \/>\n<meta property=\"og:locale\" content=\"es_ES\" \/>\n<meta property=\"og:type\" content=\"article\" \/>\n<meta property=\"og:title\" content=\"SEDES ORURO POSESION\u00d3 AL COMIT\u00c9 DEPARTAMENTAL DE VIGILANCIA DE MORTALIDAD PERINATAL Y NEONATAL\" \/>\n<meta property=\"og:description\" content=\"El Servicio Departamental de Salud Oruro, a trav\u00e9s del \u00c1rea de Ni\u00f1o\/Ni\u00f1a Escolar, llev\u00f3 a cabo la posesi\u00f3n del nuevo Comit\u00e9 Departamental de Vigilancia de\" \/>\n<meta property=\"og:url\" content=\"https:\/\/www.sedesoruro.gob.bo\/index.php\/2024\/08\/14\/sedes-oruro-posesiono-al-comite-departamental-de-vigilancia-de-mortalidad-perinatal-y-neonatal\/\" \/>\n<meta property=\"og:site_name\" content=\"SERVICIO DEPARTAMENTAL DE SALUD - ORURO\" \/>\n<meta property=\"article:publisher\" content=\"https:\/\/www.facebook.com\/SEDESOR\" \/>\n<meta property=\"article:published_time\" content=\"2024-08-14T18:09:58+00:00\" \/>\n<meta property=\"article:modified_time\" content=\"2024-08-27T19:38:46+00:00\" \/>\n<meta property=\"og:image\" content=\"https:\/\/www.sedesoruro.gob.bo\/wp-content\/uploads\/2024\/08\/co1.jpeg\" \/>\n\t<meta property=\"og:image:width\" content=\"1080\" \/>\n\t<meta property=\"og:image:height\" content=\"773\" \/>\n\t<meta property=\"og:image:type\" content=\"image\/jpeg\" \/>\n<meta name=\"author\" content=\"userdesse\" \/>\n<meta name=\"twitter:card\" content=\"summary_large_image\" \/>\n<meta name=\"twitter:label1\" content=\"Escrito por\" \/>\n\t<meta name=\"twitter:data1\" content=\"userdesse\" \/>\n\t<meta name=\"twitter:label2\" content=\"Tiempo de lectura\" \/>\n\t<meta name=\"twitter:data2\" content=\"4 minutos\" \/>\n<script type=\"application\/ld+json\" class=\"yoast-schema-graph\">{\"@context\":\"https:\/\/schema.org\",\"@graph\":[{\"@type\":\"Article\",\"@id\":\"https:\/\/www.sedesoruro.gob.bo\/index.php\/2024\/08\/14\/sedes-oruro-posesiono-al-comite-departamental-de-vigilancia-de-mortalidad-perinatal-y-neonatal\/#article\",\"isPartOf\":{\"@id\":\"https:\/\/www.sedesoruro.gob.bo\/index.php\/2024\/08\/14\/sedes-oruro-posesiono-al-comite-departamental-de-vigilancia-de-mortalidad-perinatal-y-neonatal\/\"},\"author\":{\"name\":\"userdesse\",\"@id\":\"https:\/\/www.sedesoruro.gob.bo\/#\/schema\/person\/269b8053e5fc16d4191978ba1f4ccfb0\"},\"headline\":\"SEDES ORURO POSESION\u00d3 AL COMIT\u00c9 DEPARTAMENTAL DE VIGILANCIA DE MORTALIDAD PERINATAL Y NEONATAL\",\"datePublished\":\"2024-08-14T18:09:58+00:00\",\"dateModified\":\"2024-08-27T19:38:46+00:00\",\"mainEntityOfPage\":{\"@id\":\"https:\/\/www.sedesoruro.gob.bo\/index.php\/2024\/08\/14\/sedes-oruro-posesiono-al-comite-departamental-de-vigilancia-de-mortalidad-perinatal-y-neonatal\/\"},\"wordCount\":322,\"publisher\":{\"@id\":\"https:\/\/www.sedesoruro.gob.bo\/#organization\"},\"image\":{\"@id\":\"https:\/\/www.sedesoruro.gob.bo\/index.php\/2024\/08\/14\/sedes-oruro-posesiono-al-comite-departamental-de-vigilancia-de-mortalidad-perinatal-y-neonatal\/#primaryimage\"},\"thumbnailUrl\":\"https:\/\/www.sedesoruro.gob.bo\/wp-content\/uploads\/2024\/08\/co1.jpeg\",\"articleSection\":[\"COMUNICAC\u00cdON\",\"SEDES\"],\"inLanguage\":\"es\"},{\"@type\":\"WebPage\",\"@id\":\"https:\/\/www.sedesoruro.gob.bo\/index.php\/2024\/08\/14\/sedes-oruro-posesiono-al-comite-departamental-de-vigilancia-de-mortalidad-perinatal-y-neonatal\/\",\"url\":\"https:\/\/www.sedesoruro.gob.bo\/index.php\/2024\/08\/14\/sedes-oruro-posesiono-al-comite-departamental-de-vigilancia-de-mortalidad-perinatal-y-neonatal\/\",\"name\":\"SEDES ORURO POSESION\u00d3 AL COMIT\u00c9 DEPARTAMENTAL DE VIGILANCIA DE MORTALIDAD PERINATAL Y NEONATAL\",\"isPartOf\":{\"@id\":\"https:\/\/www.sedesoruro.gob.bo\/#website\"},\"primaryImageOfPage\":{\"@id\":\"https:\/\/www.sedesoruro.gob.bo\/index.php\/2024\/08\/14\/sedes-oruro-posesiono-al-comite-departamental-de-vigilancia-de-mortalidad-perinatal-y-neonatal\/#primaryimage\"},\"image\":{\"@id\":\"https:\/\/www.sedesoruro.gob.bo\/index.php\/2024\/08\/14\/sedes-oruro-posesiono-al-comite-departamental-de-vigilancia-de-mortalidad-perinatal-y-neonatal\/#primaryimage\"},\"thumbnailUrl\":\"https:\/\/www.sedesoruro.gob.bo\/wp-content\/uploads\/2024\/08\/co1.jpeg\",\"datePublished\":\"2024-08-14T18:09:58+00:00\",\"dateModified\":\"2024-08-27T19:38:46+00:00\",\"description\":\"El Servicio Departamental de Salud Oruro, a trav\u00e9s del \u00c1rea de Ni\u00f1o\/Ni\u00f1a Escolar, llev\u00f3 a cabo la posesi\u00f3n del nuevo Comit\u00e9 Departamental de Vigilancia de\",\"breadcrumb\":{\"@id\":\"https:\/\/www.sedesoruro.gob.bo\/index.php\/2024\/08\/14\/sedes-oruro-posesiono-al-comite-departamental-de-vigilancia-de-mortalidad-perinatal-y-neonatal\/#breadcrumb\"},\"inLanguage\":\"es\",\"potentialAction\":[{\"@type\":\"ReadAction\",\"target\":[\"https:\/\/www.sedesoruro.gob.bo\/index.php\/2024\/08\/14\/sedes-oruro-posesiono-al-comite-departamental-de-vigilancia-de-mortalidad-perinatal-y-neonatal\/\"]}]},{\"@type\":\"ImageObject\",\"inLanguage\":\"es\",\"@id\":\"https:\/\/www.sedesoruro.gob.bo\/index.php\/2024\/08\/14\/sedes-oruro-posesiono-al-comite-departamental-de-vigilancia-de-mortalidad-perinatal-y-neonatal\/#primaryimage\",\"url\":\"https:\/\/www.sedesoruro.gob.bo\/wp-content\/uploads\/2024\/08\/co1.jpeg\",\"contentUrl\":\"https:\/\/www.sedesoruro.gob.bo\/wp-content\/uploads\/2024\/08\/co1.jpeg\",\"width\":1080,\"height\":773},{\"@type\":\"BreadcrumbList\",\"@id\":\"https:\/\/www.sedesoruro.gob.bo\/index.php\/2024\/08\/14\/sedes-oruro-posesiono-al-comite-departamental-de-vigilancia-de-mortalidad-perinatal-y-neonatal\/#breadcrumb\",\"itemListElement\":[{\"@type\":\"ListItem\",\"position\":1,\"name\":\"Portada\",\"item\":\"https:\/\/www.sedesoruro.gob.bo\/\"},{\"@type\":\"ListItem\",\"position\":2,\"name\":\"SEDES ORURO POSESION\u00d3 AL COMIT\u00c9 DEPARTAMENTAL DE VIGILANCIA DE MORTALIDAD PERINATAL Y NEONATAL\"}]},{\"@type\":\"WebSite\",\"@id\":\"https:\/\/www.sedesoruro.gob.bo\/#website\",\"url\":\"https:\/\/www.sedesoruro.gob.bo\/\",\"name\":\"sedesoruro.gob.bo\",\"description\":\"SERVICIO DEPARTAMENTAL DE SALUD - ORURO\",\"publisher\":{\"@id\":\"https:\/\/www.sedesoruro.gob.bo\/#organization\"},\"alternateName\":\"Servicio Departamental de Salud - Oruro\",\"potentialAction\":[{\"@type\":\"SearchAction\",\"target\":{\"@type\":\"EntryPoint\",\"urlTemplate\":\"https:\/\/www.sedesoruro.gob.bo\/?s={search_term_string}\"},\"query-input\":\"required name=search_term_string\"}],\"inLanguage\":\"es\"},{\"@type\":\"Organization\",\"@id\":\"https:\/\/www.sedesoruro.gob.bo\/#organization\",\"name\":\"Servicio Departamental de Salud - Oruro\",\"alternateName\":\"SEDES ORURO\",\"url\":\"https:\/\/www.sedesoruro.gob.bo\/\",\"logo\":{\"@type\":\"ImageObject\",\"inLanguage\":\"es\",\"@id\":\"https:\/\/www.sedesoruro.gob.bo\/#\/schema\/logo\/image\/\",\"url\":\"https:\/\/www.sedesoruro.gob.bo\/wp-content\/uploads\/2024\/08\/LOGO-SEDES.jpg\",\"contentUrl\":\"https:\/\/www.sedesoruro.gob.bo\/wp-content\/uploads\/2024\/08\/LOGO-SEDES.jpg\",\"width\":226,\"height\":223,\"caption\":\"Servicio Departamental de Salud - Oruro\"},\"image\":{\"@id\":\"https:\/\/www.sedesoruro.gob.bo\/#\/schema\/logo\/image\/\"},\"sameAs\":[\"https:\/\/www.facebook.com\/SEDESOR\"]},{\"@type\":\"Person\",\"@id\":\"https:\/\/www.sedesoruro.gob.bo\/#\/schema\/person\/269b8053e5fc16d4191978ba1f4ccfb0\",\"name\":\"userdesse\",\"image\":{\"@type\":\"ImageObject\",\"inLanguage\":\"es\",\"@id\":\"https:\/\/www.sedesoruro.gob.bo\/#\/schema\/person\/image\/\",\"url\":\"https:\/\/secure.gravatar.com\/avatar\/d620fe5460db87edd265e5743d4b6428870636320ba06173d03a4368a03d84aa?s=96&d=mm&r=g\",\"contentUrl\":\"https:\/\/secure.gravatar.com\/avatar\/d620fe5460db87edd265e5743d4b6428870636320ba06173d03a4368a03d84aa?s=96&d=mm&r=g\",\"caption\":\"userdesse\"},\"sameAs\":[\"http:\/\/www.sedesoruro.gob.bo\"]}]}<\/script>\n<!-- \/ Yoast SEO plugin. -->","yoast_head_json":{"title":"SEDES ORURO POSESION\u00d3 AL COMIT\u00c9 DEPARTAMENTAL DE VIGILANCIA DE MORTALIDAD PERINATAL Y NEONATAL","description":"El Servicio Departamental de Salud Oruro, a trav\u00e9s del \u00c1rea de Ni\u00f1o\/Ni\u00f1a Escolar, llev\u00f3 a cabo la posesi\u00f3n del nuevo Comit\u00e9 Departamental de Vigilancia de","robots":{"index":"index","follow":"follow","max-snippet":"max-snippet:-1","max-image-preview":"max-image-preview:large","max-video-preview":"max-video-preview:-1"},"canonical":"https:\/\/www.sedesoruro.gob.bo\/index.php\/2024\/08\/14\/sedes-oruro-posesiono-al-comite-departamental-de-vigilancia-de-mortalidad-perinatal-y-neonatal\/","og_locale":"es_ES","og_type":"article","og_title":"SEDES ORURO POSESION\u00d3 AL COMIT\u00c9 DEPARTAMENTAL DE VIGILANCIA DE MORTALIDAD PERINATAL Y NEONATAL","og_description":"El Servicio Departamental de Salud Oruro, a trav\u00e9s del \u00c1rea de Ni\u00f1o\/Ni\u00f1a Escolar, llev\u00f3 a cabo la posesi\u00f3n del nuevo Comit\u00e9 Departamental de Vigilancia de","og_url":"https:\/\/www.sedesoruro.gob.bo\/index.php\/2024\/08\/14\/sedes-oruro-posesiono-al-comite-departamental-de-vigilancia-de-mortalidad-perinatal-y-neonatal\/","og_site_name":"SERVICIO DEPARTAMENTAL DE SALUD - ORURO","article_publisher":"https:\/\/www.facebook.com\/SEDESOR","article_published_time":"2024-08-14T18:09:58+00:00","article_modified_time":"2024-08-27T19:38:46+00:00","og_image":[{"width":1080,"height":773,"url":"https:\/\/www.sedesoruro.gob.bo\/wp-content\/uploads\/2024\/08\/co1.jpeg","type":"image\/jpeg"}],"author":"userdesse","twitter_card":"summary_large_image","twitter_misc":{"Escrito por":"userdesse","Tiempo de lectura":"4 minutos"},"schema":{"@context":"https:\/\/schema.org","@graph":[{"@type":"Article","@id":"https:\/\/www.sedesoruro.gob.bo\/index.php\/2024\/08\/14\/sedes-oruro-posesiono-al-comite-departamental-de-vigilancia-de-mortalidad-perinatal-y-neonatal\/#article","isPartOf":{"@id":"https:\/\/www.sedesoruro.gob.bo\/index.php\/2024\/08\/14\/sedes-oruro-posesiono-al-comite-departamental-de-vigilancia-de-mortalidad-perinatal-y-neonatal\/"},"author":{"name":"userdesse","@id":"https:\/\/www.sedesoruro.gob.bo\/#\/schema\/person\/269b8053e5fc16d4191978ba1f4ccfb0"},"headline":"SEDES ORURO POSESION\u00d3 AL COMIT\u00c9 DEPARTAMENTAL DE VIGILANCIA DE MORTALIDAD PERINATAL Y NEONATAL","datePublished":"2024-08-14T18:09:58+00:00","dateModified":"2024-08-27T19:38:46+00:00","mainEntityOfPage":{"@id":"https:\/\/www.sedesoruro.gob.bo\/index.php\/2024\/08\/14\/sedes-oruro-posesiono-al-comite-departamental-de-vigilancia-de-mortalidad-perinatal-y-neonatal\/"},"wordCount":322,"publisher":{"@id":"https:\/\/www.sedesoruro.gob.bo\/#organization"},"image":{"@id":"https:\/\/www.sedesoruro.gob.bo\/index.php\/2024\/08\/14\/sedes-oruro-posesiono-al-comite-departamental-de-vigilancia-de-mortalidad-perinatal-y-neonatal\/#primaryimage"},"thumbnailUrl":"https:\/\/www.sedesoruro.gob.bo\/wp-content\/uploads\/2024\/08\/co1.jpeg","articleSection":["COMUNICAC\u00cdON","SEDES"],"inLanguage":"es"},{"@type":"WebPage","@id":"https:\/\/www.sedesoruro.gob.bo\/index.php\/2024\/08\/14\/sedes-oruro-posesiono-al-comite-departamental-de-vigilancia-de-mortalidad-perinatal-y-neonatal\/","url":"https:\/\/www.sedesoruro.gob.bo\/index.php\/2024\/08\/14\/sedes-oruro-posesiono-al-comite-departamental-de-vigilancia-de-mortalidad-perinatal-y-neonatal\/","name":"SEDES ORURO POSESION\u00d3 AL COMIT\u00c9 DEPARTAMENTAL DE VIGILANCIA DE MORTALIDAD PERINATAL Y NEONATAL","isPartOf":{"@id":"https:\/\/www.sedesoruro.gob.bo\/#website"},"primaryImageOfPage":{"@id":"https:\/\/www.sedesoruro.gob.bo\/index.php\/2024\/08\/14\/sedes-oruro-posesiono-al-comite-departamental-de-vigilancia-de-mortalidad-perinatal-y-neonatal\/#primaryimage"},"image":{"@id":"https:\/\/www.sedesoruro.gob.bo\/index.php\/2024\/08\/14\/sedes-oruro-posesiono-al-comite-departamental-de-vigilancia-de-mortalidad-perinatal-y-neonatal\/#primaryimage"},"thumbnailUrl":"https:\/\/www.sedesoruro.gob.bo\/wp-content\/uploads\/2024\/08\/co1.jpeg","datePublished":"2024-08-14T18:09:58+00:00","dateModified":"2024-08-27T19:38:46+00:00","description":"El Servicio Departamental de Salud Oruro, a trav\u00e9s del \u00c1rea de Ni\u00f1o\/Ni\u00f1a Escolar, llev\u00f3 a cabo la posesi\u00f3n del nuevo Comit\u00e9 Departamental de Vigilancia de","breadcrumb":{"@id":"https:\/\/www.sedesoruro.gob.bo\/index.php\/2024\/08\/14\/sedes-oruro-posesiono-al-comite-departamental-de-vigilancia-de-mortalidad-perinatal-y-neonatal\/#breadcrumb"},"inLanguage":"es","potentialAction":[{"@type":"ReadAction","target":["https:\/\/www.sedesoruro.gob.bo\/index.php\/2024\/08\/14\/sedes-oruro-posesiono-al-comite-departamental-de-vigilancia-de-mortalidad-perinatal-y-neonatal\/"]}]},{"@type":"ImageObject","inLanguage":"es","@id":"https:\/\/www.sedesoruro.gob.bo\/index.php\/2024\/08\/14\/sedes-oruro-posesiono-al-comite-departamental-de-vigilancia-de-mortalidad-perinatal-y-neonatal\/#primaryimage","url":"https:\/\/www.sedesoruro.gob.bo\/wp-content\/uploads\/2024\/08\/co1.jpeg","contentUrl":"https:\/\/www.sedesoruro.gob.bo\/wp-content\/uploads\/2024\/08\/co1.jpeg","width":1080,"height":773},{"@type":"BreadcrumbList","@id":"https:\/\/www.sedesoruro.gob.bo\/index.php\/2024\/08\/14\/sedes-oruro-posesiono-al-comite-departamental-de-vigilancia-de-mortalidad-perinatal-y-neonatal\/#breadcrumb","itemListElement":[{"@type":"ListItem","position":1,"name":"Portada","item":"https:\/\/www.sedesoruro.gob.bo\/"},{"@type":"ListItem","position":2,"name":"SEDES ORURO POSESION\u00d3 AL COMIT\u00c9 DEPARTAMENTAL DE VIGILANCIA DE MORTALIDAD PERINATAL Y NEONATAL"}]},{"@type":"WebSite","@id":"https:\/\/www.sedesoruro.gob.bo\/#website","url":"https:\/\/www.sedesoruro.gob.bo\/","name":"sedesoruro.gob.bo","description":"SERVICIO DEPARTAMENTAL DE SALUD - ORURO","publisher":{"@id":"https:\/\/www.sedesoruro.gob.bo\/#organization"},"alternateName":"Servicio Departamental de Salud - Oruro","potentialAction":[{"@type":"SearchAction","target":{"@type":"EntryPoint","urlTemplate":"https:\/\/www.sedesoruro.gob.bo\/?s={search_term_string}"},"query-input":"required name=search_term_string"}],"inLanguage":"es"},{"@type":"Organization","@id":"https:\/\/www.sedesoruro.gob.bo\/#organization","name":"Servicio Departamental de Salud - Oruro","alternateName":"SEDES ORURO","url":"https:\/\/www.sedesoruro.gob.bo\/","logo":{"@type":"ImageObject","inLanguage":"es","@id":"https:\/\/www.sedesoruro.gob.bo\/#\/schema\/logo\/image\/","url":"https:\/\/www.sedesoruro.gob.bo\/wp-content\/uploads\/2024\/08\/LOGO-SEDES.jpg","contentUrl":"https:\/\/www.sedesoruro.gob.bo\/wp-content\/uploads\/2024\/08\/LOGO-SEDES.jpg","width":226,"height":223,"caption":"Servicio Departamental de Salud - Oruro"},"image":{"@id":"https:\/\/www.sedesoruro.gob.bo\/#\/schema\/logo\/image\/"},"sameAs":["https:\/\/www.facebook.com\/SEDESOR"]},{"@type":"Person","@id":"https:\/\/www.sedesoruro.gob.bo\/#\/schema\/person\/269b8053e5fc16d4191978ba1f4ccfb0","name":"userdesse","image":{"@type":"ImageObject","inLanguage":"es","@id":"https:\/\/www.sedesoruro.gob.bo\/#\/schema\/person\/image\/","url":"https:\/\/secure.gravatar.com\/avatar\/d620fe5460db87edd265e5743d4b6428870636320ba06173d03a4368a03d84aa?s=96&d=mm&r=g","contentUrl":"https:\/\/secure.gravatar.com\/avatar\/d620fe5460db87edd265e5743d4b6428870636320ba06173d03a4368a03d84aa?s=96&d=mm&r=g","caption":"userdesse"},"sameAs":["http:\/\/www.sedesoruro.gob.bo"]}]}},"_links":{"self":[{"href":"https:\/\/www.sedesoruro.gob.bo\/index.php\/wp-json\/wp\/v2\/posts\/1820","targetHints":{"allow":["GET"]}}],"collection":[{"href":"https:\/\/www.sedesoruro.gob.bo\/index.php\/wp-json\/wp\/v2\/posts"}],"about":[{"href":"https:\/\/www.sedesoruro.gob.bo\/index.php\/wp-json\/wp\/v2\/types\/post"}],"author":[{"embeddable":true,"href":"https:\/\/www.sedesoruro.gob.bo\/index.php\/wp-json\/wp\/v2\/users\/1"}],"replies":[{"embeddable":true,"href":"https:\/\/www.sedesoruro.gob.bo\/index.php\/wp-json\/wp\/v2\/comments?post=1820"}],"version-history":[{"count":4,"href":"https:\/\/www.sedesoruro.gob.bo\/index.php\/wp-json\/wp\/v2\/posts\/1820\/revisions"}],"predecessor-version":[{"id":1835,"href":"https:\/\/www.sedesoruro.gob.bo\/index.php\/wp-json\/wp\/v2\/posts\/1820\/revisions\/1835"}],"wp:featuredmedia":[{"embeddable":true,"href":"https:\/\/www.sedesoruro.gob.bo\/index.php\/wp-json\/wp\/v2\/media\/1830"}],"wp:attachment":[{"href":"https:\/\/www.sedesoruro.gob.bo\/index.php\/wp-json\/wp\/v2\/media?parent=1820"}],"wp:term":[{"taxonomy":"category","embeddable":true,"href":"https:\/\/www.sedesoruro.gob.bo\/index.php\/wp-json\/wp\/v2\/categories?post=1820"},{"taxonomy":"post_tag","embeddable":true,"href":"https:\/\/www.sedesoruro.gob.bo\/index.php\/wp-json\/wp\/v2\/tags?post=1820"}],"curies":[{"name":"wp","href":"https:\/\/api.w.org\/{rel}","templated":true}]}}