{"id":1836,"date":"2024-08-14T14:28:56","date_gmt":"2024-08-14T18:28:56","guid":{"rendered":"https:\/\/www.sedesoruro.gob.bo\/?p=1836"},"modified":"2024-08-28T10:40:28","modified_gmt":"2024-08-28T14:40:28","slug":"personal-de-salud-capacitado-en-cuidados-paliativos-medicina-del-dolor-y-fisioterapia-oncologica","status":"publish","type":"post","link":"https:\/\/www.sedesoruro.gob.bo\/index.php\/2024\/08\/14\/personal-de-salud-capacitado-en-cuidados-paliativos-medicina-del-dolor-y-fisioterapia-oncologica\/","title":{"rendered":"PERSONAL DE SALUD ES CAPACITADO EN CUIDADOS PALIATIVOS, MEDICINA DEL DOLOR Y FISIOTERAPIA ONCOL\u00d3GICA"},"content":{"rendered":"\n<p>El Programa Departamental de Lucha Contra el C\u00e1ncer del Servicio Departamental de Salud Oruro dependiente del Gobierno Aut\u00f3nomo Departamental de Oruro en coordinaci\u00f3n con el Ministerio de Salud y Deportes, capacitaron al personal de salud del sistema publico de primer, segundo y tercer nivel del departamento en cuidados paliativos, medicina del dolor y fisioterapia oncol\u00f3gica, con el prop\u00f3sito de conformar las Unidades de Cuidados Paliativos y fortalecer la Red Oncol\u00f3gica dentro el departamento.<\/p>\n<p>La capacitaci\u00f3n se la realiz\u00f3 durante dos jornadas, donde participaron m\u00e9dicos, personal de enfermer\u00eda, psic\u00f3logos y fisioterapeutas, \u201clos mismos replicaran lo aprendido en sus establecimientos de salud y de esta forma poder dar una mejor atenci\u00f3n a nuestros pacientes que necesitan de cuidados paliativos\u201d, se\u00f1alo el Dr. Roberto C\u00e1rdenas Ledo, responsable del Programa Departamental de Lucha Contra el C\u00e1ncer SEDES Oruro.<\/p>\t\t\n\t\t\t<style>\/*! elementor - v3.23.0 - 05-08-2024 *\/\n.elementor-widget-image{text-align:center}.elementor-widget-image a{display:inline-block}.elementor-widget-image a img[src$=\".svg\"]{width:48px}.elementor-widget-image img{vertical-align:middle;display:inline-block}<\/style>\t\t\t\t\t\t\t\t\t\t<img fetchpriority=\"high\" decoding=\"async\" width=\"640\" height=\"433\" src=\"https:\/\/www.sedesoruro.gob.bo\/wp-content\/uploads\/2024\/08\/med2-768x519.jpeg\" alt=\"\" srcset=\"https:\/\/www.sedesoruro.gob.bo\/wp-content\/uploads\/2024\/08\/med2-768x519.jpeg 768w, https:\/\/www.sedesoruro.gob.bo\/wp-content\/uploads\/2024\/08\/med2-300x203.jpeg 300w, https:\/\/www.sedesoruro.gob.bo\/wp-content\/uploads\/2024\/08\/med2-1024x692.jpeg 1024w, https:\/\/www.sedesoruro.gob.bo\/wp-content\/uploads\/2024\/08\/med2.jpeg 1080w\" sizes=\"(max-width: 640px) 100vw, 640px\" \/>\t\t\t\t\t\t\t\t\t\t\t\t\t\n\t\t\t\t\t\t\t\t\t\t\t\t\t<img decoding=\"async\" width=\"640\" height=\"385\" src=\"https:\/\/www.sedesoruro.gob.bo\/wp-content\/uploads\/2024\/08\/med3-1024x616.jpeg\" alt=\"\" srcset=\"https:\/\/www.sedesoruro.gob.bo\/wp-content\/uploads\/2024\/08\/med3-1024x616.jpeg 1024w, https:\/\/www.sedesoruro.gob.bo\/wp-content\/uploads\/2024\/08\/med3-300x181.jpeg 300w, https:\/\/www.sedesoruro.gob.bo\/wp-content\/uploads\/2024\/08\/med3-768x462.jpeg 768w, https:\/\/www.sedesoruro.gob.bo\/wp-content\/uploads\/2024\/08\/med3.jpeg 1080w\" sizes=\"(max-width: 640px) 100vw, 640px\" \/>\t\t\t\t\t\t\t\t\t\t\t\t\t\n\t\t<p>C\u00e1rdenas acoto que por primera vez se est\u00e1 capacitando al personal de salud del sistema p\u00fablico en temas de cuidados paliativos para pacientes con enfermedades cr\u00f3nicas, a cargo de expositores del Ministerio de Salud y Deportes y la Caja Nacional de Salud que fueron capacitados a nivel internacional, y profesionales del departamento especializados en cuidados paliativos.<\/p><p>Los cuidados paliativos son un enfoque para mejorar la calidad de vida de los pacientes y sus familias que enfrentan los problemas asociados con enfermedades potencialmente mortales. Incluye la prevenci\u00f3n y el alivio del sufrimiento mediante la identificaci\u00f3n temprana, evaluaci\u00f3n y tratamiento del dolor, otros problemas f\u00edsicos, psicol\u00f3gicos y espirituales.<\/p>","protected":false},"excerpt":{"rendered":"<p>El Programa Departamental de Lucha Contra el C\u00e1ncer del Servicio Departamental de Salud Oruro dependiente del Gobierno Aut\u00f3nomo Departamental de Oruro en coordinaci\u00f3n con el Ministerio de Salud y Deportes, capacitaron al personal de&#46;&#46;&#46;<\/p>\n","protected":false},"author":1,"featured_media":1845,"comment_status":"closed","ping_status":"open","sticky":false,"template":"","format":"standard","meta":{"_cbd_carousel_blocks":"[]","footnotes":""},"categories":[17,49,15],"tags":[],"class_list":["post-1836","post","type-post","status-publish","format-standard","has-post-thumbnail","hentry","category-comunicacion","category-epidemiologia","category-banner"],"yoast_head":"<!-- This site is optimized with the Yoast SEO plugin v23.1 - https:\/\/yoast.com\/wordpress\/plugins\/seo\/ -->\n<title>PERSONAL DE SALUD ES CAPACITADO EN CUIDADOS PALIATIVOS, MEDICINA DEL DOLOR Y FISIOTERAPIA ONCOL\u00d3GICA<\/title>\n<meta name=\"description\" content=\"El Programa Departamental de Lucha Contra el C\u00e1ncer del Servicio Departamental de Salud Oruro dependiente del Gobierno Aut\u00f3nomo Departamental de Oruro en\" \/>\n<meta name=\"robots\" content=\"index, follow, max-snippet:-1, max-image-preview:large, max-video-preview:-1\" \/>\n<link rel=\"canonical\" href=\"https:\/\/www.sedesoruro.gob.bo\/index.php\/2024\/08\/14\/personal-de-salud-capacitado-en-cuidados-paliativos-medicina-del-dolor-y-fisioterapia-oncologica\/\" \/>\n<meta property=\"og:locale\" content=\"es_ES\" \/>\n<meta property=\"og:type\" content=\"article\" \/>\n<meta property=\"og:title\" content=\"PERSONAL DE SALUD ES CAPACITADO EN CUIDADOS PALIATIVOS, MEDICINA DEL DOLOR Y FISIOTERAPIA ONCOL\u00d3GICA\" \/>\n<meta property=\"og:description\" content=\"El Programa Departamental de Lucha Contra el C\u00e1ncer del Servicio Departamental de Salud Oruro dependiente del Gobierno Aut\u00f3nomo Departamental de Oruro en\" \/>\n<meta property=\"og:url\" content=\"https:\/\/www.sedesoruro.gob.bo\/index.php\/2024\/08\/14\/personal-de-salud-capacitado-en-cuidados-paliativos-medicina-del-dolor-y-fisioterapia-oncologica\/\" \/>\n<meta property=\"og:site_name\" content=\"SERVICIO DEPARTAMENTAL DE SALUD - ORURO\" \/>\n<meta property=\"article:publisher\" content=\"https:\/\/www.facebook.com\/SEDESOR\" \/>\n<meta property=\"article:published_time\" content=\"2024-08-14T18:28:56+00:00\" \/>\n<meta property=\"article:modified_time\" content=\"2024-08-28T14:40:28+00:00\" \/>\n<meta property=\"og:image\" content=\"https:\/\/www.sedesoruro.gob.bo\/wp-content\/uploads\/2024\/08\/med1.jpeg\" \/>\n\t<meta property=\"og:image:width\" content=\"1080\" \/>\n\t<meta property=\"og:image:height\" content=\"776\" \/>\n\t<meta property=\"og:image:type\" content=\"image\/jpeg\" \/>\n<meta name=\"author\" content=\"userdesse\" \/>\n<meta name=\"twitter:card\" content=\"summary_large_image\" \/>\n<meta name=\"twitter:label1\" content=\"Escrito por\" \/>\n\t<meta name=\"twitter:data1\" content=\"userdesse\" \/>\n\t<meta name=\"twitter:label2\" content=\"Tiempo de lectura\" \/>\n\t<meta name=\"twitter:data2\" content=\"2 minutos\" \/>\n<script type=\"application\/ld+json\" class=\"yoast-schema-graph\">{\"@context\":\"https:\/\/schema.org\",\"@graph\":[{\"@type\":\"Article\",\"@id\":\"https:\/\/www.sedesoruro.gob.bo\/index.php\/2024\/08\/14\/personal-de-salud-capacitado-en-cuidados-paliativos-medicina-del-dolor-y-fisioterapia-oncologica\/#article\",\"isPartOf\":{\"@id\":\"https:\/\/www.sedesoruro.gob.bo\/index.php\/2024\/08\/14\/personal-de-salud-capacitado-en-cuidados-paliativos-medicina-del-dolor-y-fisioterapia-oncologica\/\"},\"author\":{\"name\":\"userdesse\",\"@id\":\"https:\/\/www.sedesoruro.gob.bo\/#\/schema\/person\/269b8053e5fc16d4191978ba1f4ccfb0\"},\"headline\":\"PERSONAL DE SALUD ES CAPACITADO EN CUIDADOS PALIATIVOS, MEDICINA DEL DOLOR Y FISIOTERAPIA ONCOL\u00d3GICA\",\"datePublished\":\"2024-08-14T18:28:56+00:00\",\"dateModified\":\"2024-08-28T14:40:28+00:00\",\"mainEntityOfPage\":{\"@id\":\"https:\/\/www.sedesoruro.gob.bo\/index.php\/2024\/08\/14\/personal-de-salud-capacitado-en-cuidados-paliativos-medicina-del-dolor-y-fisioterapia-oncologica\/\"},\"wordCount\":277,\"publisher\":{\"@id\":\"https:\/\/www.sedesoruro.gob.bo\/#organization\"},\"image\":{\"@id\":\"https:\/\/www.sedesoruro.gob.bo\/index.php\/2024\/08\/14\/personal-de-salud-capacitado-en-cuidados-paliativos-medicina-del-dolor-y-fisioterapia-oncologica\/#primaryimage\"},\"thumbnailUrl\":\"https:\/\/www.sedesoruro.gob.bo\/wp-content\/uploads\/2024\/08\/med1.jpeg\",\"articleSection\":[\"COMUNICAC\u00cdON\",\"EPIDEMIOLOGIA\",\"NOTICIA\"],\"inLanguage\":\"es\"},{\"@type\":\"WebPage\",\"@id\":\"https:\/\/www.sedesoruro.gob.bo\/index.php\/2024\/08\/14\/personal-de-salud-capacitado-en-cuidados-paliativos-medicina-del-dolor-y-fisioterapia-oncologica\/\",\"url\":\"https:\/\/www.sedesoruro.gob.bo\/index.php\/2024\/08\/14\/personal-de-salud-capacitado-en-cuidados-paliativos-medicina-del-dolor-y-fisioterapia-oncologica\/\",\"name\":\"PERSONAL DE SALUD ES CAPACITADO EN CUIDADOS PALIATIVOS, MEDICINA DEL DOLOR Y FISIOTERAPIA ONCOL\u00d3GICA\",\"isPartOf\":{\"@id\":\"https:\/\/www.sedesoruro.gob.bo\/#website\"},\"primaryImageOfPage\":{\"@id\":\"https:\/\/www.sedesoruro.gob.bo\/index.php\/2024\/08\/14\/personal-de-salud-capacitado-en-cuidados-paliativos-medicina-del-dolor-y-fisioterapia-oncologica\/#primaryimage\"},\"image\":{\"@id\":\"https:\/\/www.sedesoruro.gob.bo\/index.php\/2024\/08\/14\/personal-de-salud-capacitado-en-cuidados-paliativos-medicina-del-dolor-y-fisioterapia-oncologica\/#primaryimage\"},\"thumbnailUrl\":\"https:\/\/www.sedesoruro.gob.bo\/wp-content\/uploads\/2024\/08\/med1.jpeg\",\"datePublished\":\"2024-08-14T18:28:56+00:00\",\"dateModified\":\"2024-08-28T14:40:28+00:00\",\"description\":\"El Programa Departamental de Lucha Contra el C\u00e1ncer del Servicio Departamental de Salud Oruro dependiente del Gobierno Aut\u00f3nomo Departamental de Oruro en\",\"breadcrumb\":{\"@id\":\"https:\/\/www.sedesoruro.gob.bo\/index.php\/2024\/08\/14\/personal-de-salud-capacitado-en-cuidados-paliativos-medicina-del-dolor-y-fisioterapia-oncologica\/#breadcrumb\"},\"inLanguage\":\"es\",\"potentialAction\":[{\"@type\":\"ReadAction\",\"target\":[\"https:\/\/www.sedesoruro.gob.bo\/index.php\/2024\/08\/14\/personal-de-salud-capacitado-en-cuidados-paliativos-medicina-del-dolor-y-fisioterapia-oncologica\/\"]}]},{\"@type\":\"ImageObject\",\"inLanguage\":\"es\",\"@id\":\"https:\/\/www.sedesoruro.gob.bo\/index.php\/2024\/08\/14\/personal-de-salud-capacitado-en-cuidados-paliativos-medicina-del-dolor-y-fisioterapia-oncologica\/#primaryimage\",\"url\":\"https:\/\/www.sedesoruro.gob.bo\/wp-content\/uploads\/2024\/08\/med1.jpeg\",\"contentUrl\":\"https:\/\/www.sedesoruro.gob.bo\/wp-content\/uploads\/2024\/08\/med1.jpeg\",\"width\":1080,\"height\":776},{\"@type\":\"BreadcrumbList\",\"@id\":\"https:\/\/www.sedesoruro.gob.bo\/index.php\/2024\/08\/14\/personal-de-salud-capacitado-en-cuidados-paliativos-medicina-del-dolor-y-fisioterapia-oncologica\/#breadcrumb\",\"itemListElement\":[{\"@type\":\"ListItem\",\"position\":1,\"name\":\"Portada\",\"item\":\"https:\/\/www.sedesoruro.gob.bo\/\"},{\"@type\":\"ListItem\",\"position\":2,\"name\":\"PERSONAL DE SALUD ES CAPACITADO EN CUIDADOS PALIATIVOS, MEDICINA DEL DOLOR Y FISIOTERAPIA ONCOL\u00d3GICA\"}]},{\"@type\":\"WebSite\",\"@id\":\"https:\/\/www.sedesoruro.gob.bo\/#website\",\"url\":\"https:\/\/www.sedesoruro.gob.bo\/\",\"name\":\"sedesoruro.gob.bo\",\"description\":\"SERVICIO DEPARTAMENTAL DE SALUD - ORURO\",\"publisher\":{\"@id\":\"https:\/\/www.sedesoruro.gob.bo\/#organization\"},\"alternateName\":\"Servicio Departamental de Salud - Oruro\",\"potentialAction\":[{\"@type\":\"SearchAction\",\"target\":{\"@type\":\"EntryPoint\",\"urlTemplate\":\"https:\/\/www.sedesoruro.gob.bo\/?s={search_term_string}\"},\"query-input\":\"required name=search_term_string\"}],\"inLanguage\":\"es\"},{\"@type\":\"Organization\",\"@id\":\"https:\/\/www.sedesoruro.gob.bo\/#organization\",\"name\":\"Servicio Departamental de Salud - Oruro\",\"alternateName\":\"SEDES ORURO\",\"url\":\"https:\/\/www.sedesoruro.gob.bo\/\",\"logo\":{\"@type\":\"ImageObject\",\"inLanguage\":\"es\",\"@id\":\"https:\/\/www.sedesoruro.gob.bo\/#\/schema\/logo\/image\/\",\"url\":\"https:\/\/www.sedesoruro.gob.bo\/wp-content\/uploads\/2024\/08\/LOGO-SEDES.jpg\",\"contentUrl\":\"https:\/\/www.sedesoruro.gob.bo\/wp-content\/uploads\/2024\/08\/LOGO-SEDES.jpg\",\"width\":226,\"height\":223,\"caption\":\"Servicio Departamental de Salud - Oruro\"},\"image\":{\"@id\":\"https:\/\/www.sedesoruro.gob.bo\/#\/schema\/logo\/image\/\"},\"sameAs\":[\"https:\/\/www.facebook.com\/SEDESOR\"]},{\"@type\":\"Person\",\"@id\":\"https:\/\/www.sedesoruro.gob.bo\/#\/schema\/person\/269b8053e5fc16d4191978ba1f4ccfb0\",\"name\":\"userdesse\",\"image\":{\"@type\":\"ImageObject\",\"inLanguage\":\"es\",\"@id\":\"https:\/\/www.sedesoruro.gob.bo\/#\/schema\/person\/image\/\",\"url\":\"https:\/\/secure.gravatar.com\/avatar\/d620fe5460db87edd265e5743d4b6428870636320ba06173d03a4368a03d84aa?s=96&d=mm&r=g\",\"contentUrl\":\"https:\/\/secure.gravatar.com\/avatar\/d620fe5460db87edd265e5743d4b6428870636320ba06173d03a4368a03d84aa?s=96&d=mm&r=g\",\"caption\":\"userdesse\"},\"sameAs\":[\"http:\/\/www.sedesoruro.gob.bo\"]}]}<\/script>\n<!-- \/ Yoast SEO plugin. -->","yoast_head_json":{"title":"PERSONAL DE SALUD ES CAPACITADO EN CUIDADOS PALIATIVOS, MEDICINA DEL DOLOR Y FISIOTERAPIA ONCOL\u00d3GICA","description":"El Programa Departamental de Lucha Contra el C\u00e1ncer del Servicio Departamental de Salud Oruro dependiente del Gobierno Aut\u00f3nomo Departamental de Oruro en","robots":{"index":"index","follow":"follow","max-snippet":"max-snippet:-1","max-image-preview":"max-image-preview:large","max-video-preview":"max-video-preview:-1"},"canonical":"https:\/\/www.sedesoruro.gob.bo\/index.php\/2024\/08\/14\/personal-de-salud-capacitado-en-cuidados-paliativos-medicina-del-dolor-y-fisioterapia-oncologica\/","og_locale":"es_ES","og_type":"article","og_title":"PERSONAL DE SALUD ES CAPACITADO EN CUIDADOS PALIATIVOS, MEDICINA DEL DOLOR Y FISIOTERAPIA ONCOL\u00d3GICA","og_description":"El Programa Departamental de Lucha Contra el C\u00e1ncer del Servicio Departamental de Salud Oruro dependiente del Gobierno Aut\u00f3nomo Departamental de Oruro en","og_url":"https:\/\/www.sedesoruro.gob.bo\/index.php\/2024\/08\/14\/personal-de-salud-capacitado-en-cuidados-paliativos-medicina-del-dolor-y-fisioterapia-oncologica\/","og_site_name":"SERVICIO DEPARTAMENTAL DE SALUD - ORURO","article_publisher":"https:\/\/www.facebook.com\/SEDESOR","article_published_time":"2024-08-14T18:28:56+00:00","article_modified_time":"2024-08-28T14:40:28+00:00","og_image":[{"width":1080,"height":776,"url":"https:\/\/www.sedesoruro.gob.bo\/wp-content\/uploads\/2024\/08\/med1.jpeg","type":"image\/jpeg"}],"author":"userdesse","twitter_card":"summary_large_image","twitter_misc":{"Escrito por":"userdesse","Tiempo de lectura":"2 minutos"},"schema":{"@context":"https:\/\/schema.org","@graph":[{"@type":"Article","@id":"https:\/\/www.sedesoruro.gob.bo\/index.php\/2024\/08\/14\/personal-de-salud-capacitado-en-cuidados-paliativos-medicina-del-dolor-y-fisioterapia-oncologica\/#article","isPartOf":{"@id":"https:\/\/www.sedesoruro.gob.bo\/index.php\/2024\/08\/14\/personal-de-salud-capacitado-en-cuidados-paliativos-medicina-del-dolor-y-fisioterapia-oncologica\/"},"author":{"name":"userdesse","@id":"https:\/\/www.sedesoruro.gob.bo\/#\/schema\/person\/269b8053e5fc16d4191978ba1f4ccfb0"},"headline":"PERSONAL DE SALUD ES CAPACITADO EN CUIDADOS PALIATIVOS, MEDICINA DEL DOLOR Y FISIOTERAPIA ONCOL\u00d3GICA","datePublished":"2024-08-14T18:28:56+00:00","dateModified":"2024-08-28T14:40:28+00:00","mainEntityOfPage":{"@id":"https:\/\/www.sedesoruro.gob.bo\/index.php\/2024\/08\/14\/personal-de-salud-capacitado-en-cuidados-paliativos-medicina-del-dolor-y-fisioterapia-oncologica\/"},"wordCount":277,"publisher":{"@id":"https:\/\/www.sedesoruro.gob.bo\/#organization"},"image":{"@id":"https:\/\/www.sedesoruro.gob.bo\/index.php\/2024\/08\/14\/personal-de-salud-capacitado-en-cuidados-paliativos-medicina-del-dolor-y-fisioterapia-oncologica\/#primaryimage"},"thumbnailUrl":"https:\/\/www.sedesoruro.gob.bo\/wp-content\/uploads\/2024\/08\/med1.jpeg","articleSection":["COMUNICAC\u00cdON","EPIDEMIOLOGIA","NOTICIA"],"inLanguage":"es"},{"@type":"WebPage","@id":"https:\/\/www.sedesoruro.gob.bo\/index.php\/2024\/08\/14\/personal-de-salud-capacitado-en-cuidados-paliativos-medicina-del-dolor-y-fisioterapia-oncologica\/","url":"https:\/\/www.sedesoruro.gob.bo\/index.php\/2024\/08\/14\/personal-de-salud-capacitado-en-cuidados-paliativos-medicina-del-dolor-y-fisioterapia-oncologica\/","name":"PERSONAL DE SALUD ES CAPACITADO EN CUIDADOS PALIATIVOS, MEDICINA DEL DOLOR Y FISIOTERAPIA ONCOL\u00d3GICA","isPartOf":{"@id":"https:\/\/www.sedesoruro.gob.bo\/#website"},"primaryImageOfPage":{"@id":"https:\/\/www.sedesoruro.gob.bo\/index.php\/2024\/08\/14\/personal-de-salud-capacitado-en-cuidados-paliativos-medicina-del-dolor-y-fisioterapia-oncologica\/#primaryimage"},"image":{"@id":"https:\/\/www.sedesoruro.gob.bo\/index.php\/2024\/08\/14\/personal-de-salud-capacitado-en-cuidados-paliativos-medicina-del-dolor-y-fisioterapia-oncologica\/#primaryimage"},"thumbnailUrl":"https:\/\/www.sedesoruro.gob.bo\/wp-content\/uploads\/2024\/08\/med1.jpeg","datePublished":"2024-08-14T18:28:56+00:00","dateModified":"2024-08-28T14:40:28+00:00","description":"El Programa Departamental de Lucha Contra el C\u00e1ncer del Servicio Departamental de Salud Oruro dependiente del Gobierno Aut\u00f3nomo Departamental de Oruro en","breadcrumb":{"@id":"https:\/\/www.sedesoruro.gob.bo\/index.php\/2024\/08\/14\/personal-de-salud-capacitado-en-cuidados-paliativos-medicina-del-dolor-y-fisioterapia-oncologica\/#breadcrumb"},"inLanguage":"es","potentialAction":[{"@type":"ReadAction","target":["https:\/\/www.sedesoruro.gob.bo\/index.php\/2024\/08\/14\/personal-de-salud-capacitado-en-cuidados-paliativos-medicina-del-dolor-y-fisioterapia-oncologica\/"]}]},{"@type":"ImageObject","inLanguage":"es","@id":"https:\/\/www.sedesoruro.gob.bo\/index.php\/2024\/08\/14\/personal-de-salud-capacitado-en-cuidados-paliativos-medicina-del-dolor-y-fisioterapia-oncologica\/#primaryimage","url":"https:\/\/www.sedesoruro.gob.bo\/wp-content\/uploads\/2024\/08\/med1.jpeg","contentUrl":"https:\/\/www.sedesoruro.gob.bo\/wp-content\/uploads\/2024\/08\/med1.jpeg","width":1080,"height":776},{"@type":"BreadcrumbList","@id":"https:\/\/www.sedesoruro.gob.bo\/index.php\/2024\/08\/14\/personal-de-salud-capacitado-en-cuidados-paliativos-medicina-del-dolor-y-fisioterapia-oncologica\/#breadcrumb","itemListElement":[{"@type":"ListItem","position":1,"name":"Portada","item":"https:\/\/www.sedesoruro.gob.bo\/"},{"@type":"ListItem","position":2,"name":"PERSONAL DE SALUD ES CAPACITADO EN CUIDADOS PALIATIVOS, MEDICINA DEL DOLOR Y FISIOTERAPIA ONCOL\u00d3GICA"}]},{"@type":"WebSite","@id":"https:\/\/www.sedesoruro.gob.bo\/#website","url":"https:\/\/www.sedesoruro.gob.bo\/","name":"sedesoruro.gob.bo","description":"SERVICIO DEPARTAMENTAL DE SALUD - ORURO","publisher":{"@id":"https:\/\/www.sedesoruro.gob.bo\/#organization"},"alternateName":"Servicio Departamental de Salud - Oruro","potentialAction":[{"@type":"SearchAction","target":{"@type":"EntryPoint","urlTemplate":"https:\/\/www.sedesoruro.gob.bo\/?s={search_term_string}"},"query-input":"required name=search_term_string"}],"inLanguage":"es"},{"@type":"Organization","@id":"https:\/\/www.sedesoruro.gob.bo\/#organization","name":"Servicio Departamental de Salud - Oruro","alternateName":"SEDES ORURO","url":"https:\/\/www.sedesoruro.gob.bo\/","logo":{"@type":"ImageObject","inLanguage":"es","@id":"https:\/\/www.sedesoruro.gob.bo\/#\/schema\/logo\/image\/","url":"https:\/\/www.sedesoruro.gob.bo\/wp-content\/uploads\/2024\/08\/LOGO-SEDES.jpg","contentUrl":"https:\/\/www.sedesoruro.gob.bo\/wp-content\/uploads\/2024\/08\/LOGO-SEDES.jpg","width":226,"height":223,"caption":"Servicio Departamental de Salud - Oruro"},"image":{"@id":"https:\/\/www.sedesoruro.gob.bo\/#\/schema\/logo\/image\/"},"sameAs":["https:\/\/www.facebook.com\/SEDESOR"]},{"@type":"Person","@id":"https:\/\/www.sedesoruro.gob.bo\/#\/schema\/person\/269b8053e5fc16d4191978ba1f4ccfb0","name":"userdesse","image":{"@type":"ImageObject","inLanguage":"es","@id":"https:\/\/www.sedesoruro.gob.bo\/#\/schema\/person\/image\/","url":"https:\/\/secure.gravatar.com\/avatar\/d620fe5460db87edd265e5743d4b6428870636320ba06173d03a4368a03d84aa?s=96&d=mm&r=g","contentUrl":"https:\/\/secure.gravatar.com\/avatar\/d620fe5460db87edd265e5743d4b6428870636320ba06173d03a4368a03d84aa?s=96&d=mm&r=g","caption":"userdesse"},"sameAs":["http:\/\/www.sedesoruro.gob.bo"]}]}},"_links":{"self":[{"href":"https:\/\/www.sedesoruro.gob.bo\/index.php\/wp-json\/wp\/v2\/posts\/1836","targetHints":{"allow":["GET"]}}],"collection":[{"href":"https:\/\/www.sedesoruro.gob.bo\/index.php\/wp-json\/wp\/v2\/posts"}],"about":[{"href":"https:\/\/www.sedesoruro.gob.bo\/index.php\/wp-json\/wp\/v2\/types\/post"}],"author":[{"embeddable":true,"href":"https:\/\/www.sedesoruro.gob.bo\/index.php\/wp-json\/wp\/v2\/users\/1"}],"replies":[{"embeddable":true,"href":"https:\/\/www.sedesoruro.gob.bo\/index.php\/wp-json\/wp\/v2\/comments?post=1836"}],"version-history":[{"count":4,"href":"https:\/\/www.sedesoruro.gob.bo\/index.php\/wp-json\/wp\/v2\/posts\/1836\/revisions"}],"predecessor-version":[{"id":1850,"href":"https:\/\/www.sedesoruro.gob.bo\/index.php\/wp-json\/wp\/v2\/posts\/1836\/revisions\/1850"}],"wp:featuredmedia":[{"embeddable":true,"href":"https:\/\/www.sedesoruro.gob.bo\/index.php\/wp-json\/wp\/v2\/media\/1845"}],"wp:attachment":[{"href":"https:\/\/www.sedesoruro.gob.bo\/index.php\/wp-json\/wp\/v2\/media?parent=1836"}],"wp:term":[{"taxonomy":"category","embeddable":true,"href":"https:\/\/www.sedesoruro.gob.bo\/index.php\/wp-json\/wp\/v2\/categories?post=1836"},{"taxonomy":"post_tag","embeddable":true,"href":"https:\/\/www.sedesoruro.gob.bo\/index.php\/wp-json\/wp\/v2\/tags?post=1836"}],"curies":[{"name":"wp","href":"https:\/\/api.w.org\/{rel}","templated":true}]}}