{"id":290,"date":"2024-06-18T22:08:56","date_gmt":"2024-06-19T02:08:56","guid":{"rendered":"https:\/\/www.sedesoruro.gob.bo\/?p=290"},"modified":"2024-07-22T16:17:55","modified_gmt":"2024-07-22T20:17:55","slug":"leycancer","status":"publish","type":"post","link":"https:\/\/www.sedesoruro.gob.bo\/index.php\/2024\/06\/18\/leycancer\/","title":{"rendered":"SEDES ORURO REALIZ\u00d3 LA SOCIALIZACI\u00d3N DE LA LEY DEL C\u00c1NCER"},"content":{"rendered":"\t\t<div data-elementor-type=\"wp-post\" data-elementor-id=\"290\" class=\"elementor elementor-290\">\n\t\t\t\t<div class=\"elementor-element elementor-element-5a9679da e-flex e-con-boxed e-con e-parent\" data-id=\"5a9679da\" data-element_type=\"container\">\n\t\t\t\t\t<div class=\"e-con-inner\">\n\t\t\t\t<div class=\"elementor-element elementor-element-3ef25d21 elementor-widget elementor-widget-text-editor\" data-id=\"3ef25d21\" data-element_type=\"widget\" data-widget_type=\"text-editor.default\">\n\t\t\t\t<div class=\"elementor-widget-container\">\n\t\t\t\t\t\t\t\t\t<p class=\"MsoNormal\" style=\"text-align: justify;\"><span lang=\"ES\">El Programa Departamental de Lucha Contra el C\u00e1ncer del Servicio Departamental de Salud Oruro, dependiente del Gobierno Aut\u00f3nomo Departamental de Oruro,\u00a0 en coordinaci\u00f3n con AMDEOR y el Consejo Departamental de Salud, desarroll\u00f3 el Taller de Socializaci\u00f3n e Implementaci\u00f3n de la Ley del C\u00e1ncer N\u00b0 1223, dirigido a alcaldes municipales, concejales municipales de salud, autoridades locales de salud y jefes m\u00e9dicos de los establecimientos de salud, el objetivo central del taller socializar la Ley del C\u00e1ncer para su implementaci\u00f3n, informar la situaci\u00f3n actual del c\u00e1ncer, pronunciamiento de necesidades en relaci\u00f3n del c\u00e1ncer y acciones de prevenci\u00f3n contra esta enfermedad.<\/span><\/p>\n<p class=\"MsoNormal\" style=\"text-align: justify;\"><span lang=\"ES\">Esta Ley hace referencia a que todos los municipios deben asumir por competencia sus obligaciones realizando actividades de prevenci\u00f3n, promoci\u00f3n, diagn\u00f3stico precoz del C\u00e1ncer, tratamientos y cuidados paliativos, buscando la motivaci\u00f3n para que realicen sus propias leyes municipales para que los municipios de acuerdo a su realidad puedan asumir un plan de trabajo y dar respuesta a la lucha contra el c\u00e1ncer, <i>anuncio del Dr. Roberto C\u00e1rdenas Ledo, responsable del Programa Departamental de Lucha Contra el C\u00e1ncer SEDES Oruro.<\/i> <\/span><\/p>\n<p class=\"MsoNormal\" style=\"text-align: justify;\"><span lang=\"ES\">Anuncio tambi\u00e9n, que el c\u00e1ncer m\u00e1s com\u00fan en Oruro es el C\u00e1ncer C\u00e9rvico Uterino, seguido del C\u00e1ncer de Mama que afectan a la poblaci\u00f3n femenina, en el caso de los varones el c\u00e1ncer de pr\u00f3stata y tambi\u00e9n est\u00e1 la leucemia.<\/span><\/p>\n<p class=\"MsoNormal\" style=\"text-align: justify;\"><span lang=\"ES\">Gracias a gestiones del Gobernador, Dr. Johnny Vedia Rodr\u00edguez y Dra. Marcela Rosales Rodr\u00edguez, Director T\u00e9cnico SEDES Oruro, se cre\u00f3 el Programa Departamental de Lucha Contra el C\u00e1ncer, en beneficio de la poblaci\u00f3n vulnerable que padece esta enfermedad.<\/span><\/p>\n<p>\u00a0<\/p>\n<p class=\"MsoNormal\" style=\"text-align: justify;\"><span lang=\"ES\">La ley tiene como objetivo garantizar el acceso universal e integral de las personas con c\u00e1ncer, mediante la prestaci\u00f3n de servicios, promoci\u00f3n, prevenci\u00f3n, detecci\u00f3n temprana, atenci\u00f3n, tratamiento, cuidados paliativos, de acuerdo al perfil epidemiol\u00f3gico y al financiamiento existente en el marco del Sistema \u00danico de Salud<span style=\"color: black; background-image: initial; background-position: initial; background-size: initial; background-repeat: initial; background-attachment: initial; background-origin: initial; background-clip: initial;\">.<\/span><\/span><\/p>\t\t\t\t\t\t\t\t<\/div>\n\t\t\t\t<\/div>\n\t\t\t\t\t<\/div>\n\t\t\t\t<\/div>\n\t\t<div class=\"elementor-element elementor-element-c59cc67 e-flex e-con-boxed e-con e-parent\" data-id=\"c59cc67\" data-element_type=\"container\">\n\t\t\t\t\t<div class=\"e-con-inner\">\n\t\t\t\t<div class=\"elementor-element elementor-element-09f1b4d gallery-spacing-custom elementor-widget elementor-widget-image-gallery\" data-id=\"09f1b4d\" data-element_type=\"widget\" data-widget_type=\"image-gallery.default\">\n\t\t\t\t<div class=\"elementor-widget-container\">\n\t\t\t\t\t\t\t<div class=\"elementor-image-gallery\">\n\t\t\t\n\t\t<style>\n\t\t\t#gallery-1 {\n\t\t\t\tmargin: auto;\n\t\t\t}\n\t\t\t#gallery-1 .gallery-item {\n\t\t\t\tfloat: left;\n\t\t\t\tmargin-top: 10px;\n\t\t\t\ttext-align: center;\n\t\t\t\twidth: 33%;\n\t\t\t}\n\t\t\t#gallery-1 img {\n\t\t\t\tborder: 2px solid #cfcfcf;\n\t\t\t}\n\t\t\t#gallery-1 .gallery-caption {\n\t\t\t\tmargin-left: 0;\n\t\t\t}\n\t\t\t\/* see gallery_shortcode() in wp-includes\/media.php *\/\n\t\t<\/style>\n\t\t<div id='gallery-1' class='gallery galleryid-290 gallery-columns-3 gallery-size-thumbnail'><dl class='gallery-item'>\n\t\t\t<dt class='gallery-icon landscape'>\n\t\t\t\t<a data-elementor-open-lightbox=\"yes\" data-elementor-lightbox-slideshow=\"09f1b4d\" data-elementor-lightbox-title=\"DSC2725\" data-e-action-hash=\"#elementor-action%3Aaction%3Dlightbox%26settings%3DeyJpZCI6ODgwLCJ1cmwiOiJodHRwczpcL1wvd3d3LnNlZGVzb3J1cm8uZ29iLmJvXC93cC1jb250ZW50XC91cGxvYWRzXC8yMDI0XC8wN1wvRFNDMjcyNS5qcGciLCJzbGlkZXNob3ciOiIwOWYxYjRkIn0%3D\" href='https:\/\/www.sedesoruro.gob.bo\/wp-content\/uploads\/2024\/07\/DSC2725.jpg'><img decoding=\"async\" width=\"150\" height=\"150\" src=\"https:\/\/www.sedesoruro.gob.bo\/wp-content\/uploads\/2024\/07\/DSC2725-150x150.jpg\" class=\"attachment-thumbnail size-thumbnail\" alt=\"\" \/><\/a>\n\t\t\t<\/dt><\/dl><dl class='gallery-item'>\n\t\t\t<dt class='gallery-icon landscape'>\n\t\t\t\t<a data-elementor-open-lightbox=\"yes\" data-elementor-lightbox-slideshow=\"09f1b4d\" data-elementor-lightbox-title=\"DSC2728\" data-e-action-hash=\"#elementor-action%3Aaction%3Dlightbox%26settings%3DeyJpZCI6ODc5LCJ1cmwiOiJodHRwczpcL1wvd3d3LnNlZGVzb3J1cm8uZ29iLmJvXC93cC1jb250ZW50XC91cGxvYWRzXC8yMDI0XC8wN1wvRFNDMjcyOC5qcGciLCJzbGlkZXNob3ciOiIwOWYxYjRkIn0%3D\" href='https:\/\/www.sedesoruro.gob.bo\/wp-content\/uploads\/2024\/07\/DSC2728.jpg'><img decoding=\"async\" width=\"150\" height=\"150\" src=\"https:\/\/www.sedesoruro.gob.bo\/wp-content\/uploads\/2024\/07\/DSC2728-150x150.jpg\" class=\"attachment-thumbnail size-thumbnail\" alt=\"\" \/><\/a>\n\t\t\t<\/dt><\/dl><dl class='gallery-item'>\n\t\t\t<dt class='gallery-icon landscape'>\n\t\t\t\t<a data-elementor-open-lightbox=\"yes\" data-elementor-lightbox-slideshow=\"09f1b4d\" data-elementor-lightbox-title=\"DSC2706\" data-e-action-hash=\"#elementor-action%3Aaction%3Dlightbox%26settings%3DeyJpZCI6ODc3LCJ1cmwiOiJodHRwczpcL1wvd3d3LnNlZGVzb3J1cm8uZ29iLmJvXC93cC1jb250ZW50XC91cGxvYWRzXC8yMDI0XC8wN1wvRFNDMjcwNi5qcGciLCJzbGlkZXNob3ciOiIwOWYxYjRkIn0%3D\" href='https:\/\/www.sedesoruro.gob.bo\/wp-content\/uploads\/2024\/07\/DSC2706.jpg'><img decoding=\"async\" width=\"150\" height=\"150\" src=\"https:\/\/www.sedesoruro.gob.bo\/wp-content\/uploads\/2024\/07\/DSC2706-150x150.jpg\" class=\"attachment-thumbnail size-thumbnail\" alt=\"\" \/><\/a>\n\t\t\t<\/dt><\/dl><br style=\"clear: both\" \/><dl class='gallery-item'>\n\t\t\t<dt class='gallery-icon landscape'>\n\t\t\t\t<a data-elementor-open-lightbox=\"yes\" data-elementor-lightbox-slideshow=\"09f1b4d\" data-elementor-lightbox-title=\"DSCN0047\" data-e-action-hash=\"#elementor-action%3Aaction%3Dlightbox%26settings%3DeyJpZCI6ODgzLCJ1cmwiOiJodHRwczpcL1wvd3d3LnNlZGVzb3J1cm8uZ29iLmJvXC93cC1jb250ZW50XC91cGxvYWRzXC8yMDI0XC8wN1wvRFNDTjAwNDcuanBnIiwic2xpZGVzaG93IjoiMDlmMWI0ZCJ9\" href='https:\/\/www.sedesoruro.gob.bo\/wp-content\/uploads\/2024\/07\/DSCN0047.jpg'><img loading=\"lazy\" decoding=\"async\" width=\"150\" height=\"150\" src=\"https:\/\/www.sedesoruro.gob.bo\/wp-content\/uploads\/2024\/07\/DSCN0047-150x150.jpg\" class=\"attachment-thumbnail size-thumbnail\" alt=\"\" \/><\/a>\n\t\t\t<\/dt><\/dl><dl class='gallery-item'>\n\t\t\t<dt class='gallery-icon landscape'>\n\t\t\t\t<a data-elementor-open-lightbox=\"yes\" data-elementor-lightbox-slideshow=\"09f1b4d\" data-elementor-lightbox-title=\"DSC2731\" data-e-action-hash=\"#elementor-action%3Aaction%3Dlightbox%26settings%3DeyJpZCI6ODgxLCJ1cmwiOiJodHRwczpcL1wvd3d3LnNlZGVzb3J1cm8uZ29iLmJvXC93cC1jb250ZW50XC91cGxvYWRzXC8yMDI0XC8wN1wvRFNDMjczMS5qcGciLCJzbGlkZXNob3ciOiIwOWYxYjRkIn0%3D\" href='https:\/\/www.sedesoruro.gob.bo\/wp-content\/uploads\/2024\/07\/DSC2731.jpg'><img loading=\"lazy\" decoding=\"async\" width=\"150\" height=\"150\" src=\"https:\/\/www.sedesoruro.gob.bo\/wp-content\/uploads\/2024\/07\/DSC2731-150x150.jpg\" class=\"attachment-thumbnail size-thumbnail\" alt=\"\" \/><\/a>\n\t\t\t<\/dt><\/dl><dl class='gallery-item'>\n\t\t\t<dt class='gallery-icon landscape'>\n\t\t\t\t<a data-elementor-open-lightbox=\"yes\" data-elementor-lightbox-slideshow=\"09f1b4d\" data-elementor-lightbox-title=\"DSC2703\" data-e-action-hash=\"#elementor-action%3Aaction%3Dlightbox%26settings%3DeyJpZCI6ODgyLCJ1cmwiOiJodHRwczpcL1wvd3d3LnNlZGVzb3J1cm8uZ29iLmJvXC93cC1jb250ZW50XC91cGxvYWRzXC8yMDI0XC8wN1wvRFNDMjcwMy5qcGciLCJzbGlkZXNob3ciOiIwOWYxYjRkIn0%3D\" href='https:\/\/www.sedesoruro.gob.bo\/wp-content\/uploads\/2024\/07\/DSC2703.jpg'><img loading=\"lazy\" decoding=\"async\" width=\"150\" height=\"150\" src=\"https:\/\/www.sedesoruro.gob.bo\/wp-content\/uploads\/2024\/07\/DSC2703-150x150.jpg\" class=\"attachment-thumbnail size-thumbnail\" alt=\"\" \/><\/a>\n\t\t\t<\/dt><\/dl><br style=\"clear: both\" \/>\n\t\t<\/div>\n\t\t<\/div>\n\t\t\t\t\t\t<\/div>\n\t\t\t\t<\/div>\n\t\t\t\t\t<\/div>\n\t\t\t\t<\/div>\n\t\t\t\t<\/div>\n\t\t","protected":false},"excerpt":{"rendered":"<p>El Programa Departamental de Lucha Contra el C\u00e1ncer del Servicio Departamental de Salud Oruro, dependiente del Gobierno Aut\u00f3nomo Departamental de Oruro,\u00a0 en coordinaci\u00f3n con AMDEOR y el Consejo Departamental de Salud, desarroll\u00f3 el Taller&#46;&#46;&#46;<\/p>\n","protected":false},"author":1,"featured_media":880,"comment_status":"closed","ping_status":"closed","sticky":false,"template":"elementor_theme","format":"standard","meta":{"_cbd_carousel_blocks":"[]","footnotes":""},"categories":[15],"tags":[32,31],"class_list":["post-290","post","type-post","status-publish","format-standard","has-post-thumbnail","hentry","category-banner","tag-cancer","tag-ley"],"yoast_head":"<!-- This site is optimized with the Yoast SEO plugin v23.1 - https:\/\/yoast.com\/wordpress\/plugins\/seo\/ -->\n<title>SEDES ORURO REALIZ\u00d3 LA SOCIALIZACI\u00d3N DE LA LEY DEL C\u00c1NCER<\/title>\n<meta name=\"description\" content=\"El Programa Departamental de Lucha Contra el C\u00e1ncer del Servicio Departamental de Salud Oruro, dependiente del Gobierno Aut\u00f3nomo Departamental de Oruro,\u00a0\" \/>\n<meta name=\"robots\" content=\"index, follow, max-snippet:-1, max-image-preview:large, max-video-preview:-1\" \/>\n<link rel=\"canonical\" href=\"https:\/\/www.sedesoruro.gob.bo\/index.php\/2024\/06\/18\/leycancer\/\" \/>\n<meta property=\"og:locale\" content=\"es_ES\" \/>\n<meta property=\"og:type\" content=\"article\" \/>\n<meta property=\"og:title\" content=\"SEDES ORURO REALIZ\u00d3 LA SOCIALIZACI\u00d3N DE LA LEY DEL C\u00c1NCER\" \/>\n<meta property=\"og:description\" content=\"El Programa Departamental de Lucha Contra el C\u00e1ncer del Servicio Departamental de Salud Oruro, dependiente del Gobierno Aut\u00f3nomo Departamental de Oruro,\u00a0\" \/>\n<meta property=\"og:url\" content=\"https:\/\/www.sedesoruro.gob.bo\/index.php\/2024\/06\/18\/leycancer\/\" \/>\n<meta property=\"og:site_name\" content=\"SERVICIO DEPARTAMENTAL DE SALUD - ORURO\" \/>\n<meta property=\"article:publisher\" content=\"https:\/\/www.facebook.com\/SEDESOR\" \/>\n<meta property=\"article:published_time\" content=\"2024-06-19T02:08:56+00:00\" \/>\n<meta property=\"article:modified_time\" content=\"2024-07-22T20:17:55+00:00\" \/>\n<meta property=\"og:image\" content=\"https:\/\/www.sedesoruro.gob.bo\/wp-content\/uploads\/2024\/07\/DSC2725.jpg\" \/>\n\t<meta property=\"og:image:width\" content=\"850\" \/>\n\t<meta property=\"og:image:height\" content=\"554\" \/>\n\t<meta property=\"og:image:type\" content=\"image\/jpeg\" \/>\n<meta name=\"author\" content=\"userdesse\" \/>\n<meta name=\"twitter:card\" content=\"summary_large_image\" \/>\n<meta name=\"twitter:label1\" content=\"Escrito por\" \/>\n\t<meta name=\"twitter:data1\" content=\"userdesse\" \/>\n\t<meta name=\"twitter:label2\" content=\"Tiempo de lectura\" \/>\n\t<meta name=\"twitter:data2\" content=\"2 minutos\" \/>\n<script type=\"application\/ld+json\" class=\"yoast-schema-graph\">{\"@context\":\"https:\/\/schema.org\",\"@graph\":[{\"@type\":\"Article\",\"@id\":\"https:\/\/www.sedesoruro.gob.bo\/index.php\/2024\/06\/18\/leycancer\/#article\",\"isPartOf\":{\"@id\":\"https:\/\/www.sedesoruro.gob.bo\/index.php\/2024\/06\/18\/leycancer\/\"},\"author\":{\"name\":\"userdesse\",\"@id\":\"https:\/\/www.sedesoruro.gob.bo\/#\/schema\/person\/269b8053e5fc16d4191978ba1f4ccfb0\"},\"headline\":\"SEDES ORURO REALIZ\u00d3 LA SOCIALIZACI\u00d3N DE LA LEY DEL C\u00c1NCER\",\"datePublished\":\"2024-06-19T02:08:56+00:00\",\"dateModified\":\"2024-07-22T20:17:55+00:00\",\"mainEntityOfPage\":{\"@id\":\"https:\/\/www.sedesoruro.gob.bo\/index.php\/2024\/06\/18\/leycancer\/\"},\"wordCount\":357,\"publisher\":{\"@id\":\"https:\/\/www.sedesoruro.gob.bo\/#organization\"},\"image\":{\"@id\":\"https:\/\/www.sedesoruro.gob.bo\/index.php\/2024\/06\/18\/leycancer\/#primaryimage\"},\"thumbnailUrl\":\"https:\/\/www.sedesoruro.gob.bo\/wp-content\/uploads\/2024\/07\/DSC2725.jpg\",\"keywords\":[\"cancer\",\"ley\"],\"articleSection\":[\"NOTICIA\"],\"inLanguage\":\"es\"},{\"@type\":\"WebPage\",\"@id\":\"https:\/\/www.sedesoruro.gob.bo\/index.php\/2024\/06\/18\/leycancer\/\",\"url\":\"https:\/\/www.sedesoruro.gob.bo\/index.php\/2024\/06\/18\/leycancer\/\",\"name\":\"SEDES ORURO REALIZ\u00d3 LA SOCIALIZACI\u00d3N DE LA LEY DEL C\u00c1NCER\",\"isPartOf\":{\"@id\":\"https:\/\/www.sedesoruro.gob.bo\/#website\"},\"primaryImageOfPage\":{\"@id\":\"https:\/\/www.sedesoruro.gob.bo\/index.php\/2024\/06\/18\/leycancer\/#primaryimage\"},\"image\":{\"@id\":\"https:\/\/www.sedesoruro.gob.bo\/index.php\/2024\/06\/18\/leycancer\/#primaryimage\"},\"thumbnailUrl\":\"https:\/\/www.sedesoruro.gob.bo\/wp-content\/uploads\/2024\/07\/DSC2725.jpg\",\"datePublished\":\"2024-06-19T02:08:56+00:00\",\"dateModified\":\"2024-07-22T20:17:55+00:00\",\"description\":\"El Programa Departamental de Lucha Contra el C\u00e1ncer del Servicio Departamental de Salud Oruro, dependiente del Gobierno Aut\u00f3nomo Departamental de Oruro,\u00a0\",\"breadcrumb\":{\"@id\":\"https:\/\/www.sedesoruro.gob.bo\/index.php\/2024\/06\/18\/leycancer\/#breadcrumb\"},\"inLanguage\":\"es\",\"potentialAction\":[{\"@type\":\"ReadAction\",\"target\":[\"https:\/\/www.sedesoruro.gob.bo\/index.php\/2024\/06\/18\/leycancer\/\"]}]},{\"@type\":\"ImageObject\",\"inLanguage\":\"es\",\"@id\":\"https:\/\/www.sedesoruro.gob.bo\/index.php\/2024\/06\/18\/leycancer\/#primaryimage\",\"url\":\"https:\/\/www.sedesoruro.gob.bo\/wp-content\/uploads\/2024\/07\/DSC2725.jpg\",\"contentUrl\":\"https:\/\/www.sedesoruro.gob.bo\/wp-content\/uploads\/2024\/07\/DSC2725.jpg\",\"width\":850,\"height\":554},{\"@type\":\"BreadcrumbList\",\"@id\":\"https:\/\/www.sedesoruro.gob.bo\/index.php\/2024\/06\/18\/leycancer\/#breadcrumb\",\"itemListElement\":[{\"@type\":\"ListItem\",\"position\":1,\"name\":\"Portada\",\"item\":\"https:\/\/www.sedesoruro.gob.bo\/\"},{\"@type\":\"ListItem\",\"position\":2,\"name\":\"SEDES ORURO REALIZ\u00d3 LA SOCIALIZACI\u00d3N DE LA LEY DEL C\u00c1NCER\"}]},{\"@type\":\"WebSite\",\"@id\":\"https:\/\/www.sedesoruro.gob.bo\/#website\",\"url\":\"https:\/\/www.sedesoruro.gob.bo\/\",\"name\":\"sedesoruro.gob.bo\",\"description\":\"SERVICIO DEPARTAMENTAL DE SALUD - ORURO\",\"publisher\":{\"@id\":\"https:\/\/www.sedesoruro.gob.bo\/#organization\"},\"alternateName\":\"Servicio Departamental de Salud - Oruro\",\"potentialAction\":[{\"@type\":\"SearchAction\",\"target\":{\"@type\":\"EntryPoint\",\"urlTemplate\":\"https:\/\/www.sedesoruro.gob.bo\/?s={search_term_string}\"},\"query-input\":\"required name=search_term_string\"}],\"inLanguage\":\"es\"},{\"@type\":\"Organization\",\"@id\":\"https:\/\/www.sedesoruro.gob.bo\/#organization\",\"name\":\"Servicio Departamental de Salud - Oruro\",\"alternateName\":\"SEDES ORURO\",\"url\":\"https:\/\/www.sedesoruro.gob.bo\/\",\"logo\":{\"@type\":\"ImageObject\",\"inLanguage\":\"es\",\"@id\":\"https:\/\/www.sedesoruro.gob.bo\/#\/schema\/logo\/image\/\",\"url\":\"https:\/\/www.sedesoruro.gob.bo\/wp-content\/uploads\/2024\/08\/LOGO-SEDES.jpg\",\"contentUrl\":\"https:\/\/www.sedesoruro.gob.bo\/wp-content\/uploads\/2024\/08\/LOGO-SEDES.jpg\",\"width\":226,\"height\":223,\"caption\":\"Servicio Departamental de Salud - Oruro\"},\"image\":{\"@id\":\"https:\/\/www.sedesoruro.gob.bo\/#\/schema\/logo\/image\/\"},\"sameAs\":[\"https:\/\/www.facebook.com\/SEDESOR\"]},{\"@type\":\"Person\",\"@id\":\"https:\/\/www.sedesoruro.gob.bo\/#\/schema\/person\/269b8053e5fc16d4191978ba1f4ccfb0\",\"name\":\"userdesse\",\"image\":{\"@type\":\"ImageObject\",\"inLanguage\":\"es\",\"@id\":\"https:\/\/www.sedesoruro.gob.bo\/#\/schema\/person\/image\/\",\"url\":\"https:\/\/secure.gravatar.com\/avatar\/d620fe5460db87edd265e5743d4b6428870636320ba06173d03a4368a03d84aa?s=96&d=mm&r=g\",\"contentUrl\":\"https:\/\/secure.gravatar.com\/avatar\/d620fe5460db87edd265e5743d4b6428870636320ba06173d03a4368a03d84aa?s=96&d=mm&r=g\",\"caption\":\"userdesse\"},\"sameAs\":[\"http:\/\/www.sedesoruro.gob.bo\"]}]}<\/script>\n<!-- \/ Yoast SEO plugin. -->","yoast_head_json":{"title":"SEDES ORURO REALIZ\u00d3 LA SOCIALIZACI\u00d3N DE LA LEY DEL C\u00c1NCER","description":"El Programa Departamental de Lucha Contra el C\u00e1ncer del Servicio Departamental de Salud Oruro, dependiente del Gobierno Aut\u00f3nomo Departamental de Oruro,\u00a0","robots":{"index":"index","follow":"follow","max-snippet":"max-snippet:-1","max-image-preview":"max-image-preview:large","max-video-preview":"max-video-preview:-1"},"canonical":"https:\/\/www.sedesoruro.gob.bo\/index.php\/2024\/06\/18\/leycancer\/","og_locale":"es_ES","og_type":"article","og_title":"SEDES ORURO REALIZ\u00d3 LA SOCIALIZACI\u00d3N DE LA LEY DEL C\u00c1NCER","og_description":"El Programa Departamental de Lucha Contra el C\u00e1ncer del Servicio Departamental de Salud Oruro, dependiente del Gobierno Aut\u00f3nomo Departamental de Oruro,\u00a0","og_url":"https:\/\/www.sedesoruro.gob.bo\/index.php\/2024\/06\/18\/leycancer\/","og_site_name":"SERVICIO DEPARTAMENTAL DE SALUD - ORURO","article_publisher":"https:\/\/www.facebook.com\/SEDESOR","article_published_time":"2024-06-19T02:08:56+00:00","article_modified_time":"2024-07-22T20:17:55+00:00","og_image":[{"width":850,"height":554,"url":"https:\/\/www.sedesoruro.gob.bo\/wp-content\/uploads\/2024\/07\/DSC2725.jpg","type":"image\/jpeg"}],"author":"userdesse","twitter_card":"summary_large_image","twitter_misc":{"Escrito por":"userdesse","Tiempo de lectura":"2 minutos"},"schema":{"@context":"https:\/\/schema.org","@graph":[{"@type":"Article","@id":"https:\/\/www.sedesoruro.gob.bo\/index.php\/2024\/06\/18\/leycancer\/#article","isPartOf":{"@id":"https:\/\/www.sedesoruro.gob.bo\/index.php\/2024\/06\/18\/leycancer\/"},"author":{"name":"userdesse","@id":"https:\/\/www.sedesoruro.gob.bo\/#\/schema\/person\/269b8053e5fc16d4191978ba1f4ccfb0"},"headline":"SEDES ORURO REALIZ\u00d3 LA SOCIALIZACI\u00d3N DE LA LEY DEL C\u00c1NCER","datePublished":"2024-06-19T02:08:56+00:00","dateModified":"2024-07-22T20:17:55+00:00","mainEntityOfPage":{"@id":"https:\/\/www.sedesoruro.gob.bo\/index.php\/2024\/06\/18\/leycancer\/"},"wordCount":357,"publisher":{"@id":"https:\/\/www.sedesoruro.gob.bo\/#organization"},"image":{"@id":"https:\/\/www.sedesoruro.gob.bo\/index.php\/2024\/06\/18\/leycancer\/#primaryimage"},"thumbnailUrl":"https:\/\/www.sedesoruro.gob.bo\/wp-content\/uploads\/2024\/07\/DSC2725.jpg","keywords":["cancer","ley"],"articleSection":["NOTICIA"],"inLanguage":"es"},{"@type":"WebPage","@id":"https:\/\/www.sedesoruro.gob.bo\/index.php\/2024\/06\/18\/leycancer\/","url":"https:\/\/www.sedesoruro.gob.bo\/index.php\/2024\/06\/18\/leycancer\/","name":"SEDES ORURO REALIZ\u00d3 LA SOCIALIZACI\u00d3N DE LA LEY DEL C\u00c1NCER","isPartOf":{"@id":"https:\/\/www.sedesoruro.gob.bo\/#website"},"primaryImageOfPage":{"@id":"https:\/\/www.sedesoruro.gob.bo\/index.php\/2024\/06\/18\/leycancer\/#primaryimage"},"image":{"@id":"https:\/\/www.sedesoruro.gob.bo\/index.php\/2024\/06\/18\/leycancer\/#primaryimage"},"thumbnailUrl":"https:\/\/www.sedesoruro.gob.bo\/wp-content\/uploads\/2024\/07\/DSC2725.jpg","datePublished":"2024-06-19T02:08:56+00:00","dateModified":"2024-07-22T20:17:55+00:00","description":"El Programa Departamental de Lucha Contra el C\u00e1ncer del Servicio Departamental de Salud Oruro, dependiente del Gobierno Aut\u00f3nomo Departamental de Oruro,\u00a0","breadcrumb":{"@id":"https:\/\/www.sedesoruro.gob.bo\/index.php\/2024\/06\/18\/leycancer\/#breadcrumb"},"inLanguage":"es","potentialAction":[{"@type":"ReadAction","target":["https:\/\/www.sedesoruro.gob.bo\/index.php\/2024\/06\/18\/leycancer\/"]}]},{"@type":"ImageObject","inLanguage":"es","@id":"https:\/\/www.sedesoruro.gob.bo\/index.php\/2024\/06\/18\/leycancer\/#primaryimage","url":"https:\/\/www.sedesoruro.gob.bo\/wp-content\/uploads\/2024\/07\/DSC2725.jpg","contentUrl":"https:\/\/www.sedesoruro.gob.bo\/wp-content\/uploads\/2024\/07\/DSC2725.jpg","width":850,"height":554},{"@type":"BreadcrumbList","@id":"https:\/\/www.sedesoruro.gob.bo\/index.php\/2024\/06\/18\/leycancer\/#breadcrumb","itemListElement":[{"@type":"ListItem","position":1,"name":"Portada","item":"https:\/\/www.sedesoruro.gob.bo\/"},{"@type":"ListItem","position":2,"name":"SEDES ORURO REALIZ\u00d3 LA SOCIALIZACI\u00d3N DE LA LEY DEL C\u00c1NCER"}]},{"@type":"WebSite","@id":"https:\/\/www.sedesoruro.gob.bo\/#website","url":"https:\/\/www.sedesoruro.gob.bo\/","name":"sedesoruro.gob.bo","description":"SERVICIO DEPARTAMENTAL DE SALUD - ORURO","publisher":{"@id":"https:\/\/www.sedesoruro.gob.bo\/#organization"},"alternateName":"Servicio Departamental de Salud - Oruro","potentialAction":[{"@type":"SearchAction","target":{"@type":"EntryPoint","urlTemplate":"https:\/\/www.sedesoruro.gob.bo\/?s={search_term_string}"},"query-input":"required name=search_term_string"}],"inLanguage":"es"},{"@type":"Organization","@id":"https:\/\/www.sedesoruro.gob.bo\/#organization","name":"Servicio Departamental de Salud - Oruro","alternateName":"SEDES ORURO","url":"https:\/\/www.sedesoruro.gob.bo\/","logo":{"@type":"ImageObject","inLanguage":"es","@id":"https:\/\/www.sedesoruro.gob.bo\/#\/schema\/logo\/image\/","url":"https:\/\/www.sedesoruro.gob.bo\/wp-content\/uploads\/2024\/08\/LOGO-SEDES.jpg","contentUrl":"https:\/\/www.sedesoruro.gob.bo\/wp-content\/uploads\/2024\/08\/LOGO-SEDES.jpg","width":226,"height":223,"caption":"Servicio Departamental de Salud - Oruro"},"image":{"@id":"https:\/\/www.sedesoruro.gob.bo\/#\/schema\/logo\/image\/"},"sameAs":["https:\/\/www.facebook.com\/SEDESOR"]},{"@type":"Person","@id":"https:\/\/www.sedesoruro.gob.bo\/#\/schema\/person\/269b8053e5fc16d4191978ba1f4ccfb0","name":"userdesse","image":{"@type":"ImageObject","inLanguage":"es","@id":"https:\/\/www.sedesoruro.gob.bo\/#\/schema\/person\/image\/","url":"https:\/\/secure.gravatar.com\/avatar\/d620fe5460db87edd265e5743d4b6428870636320ba06173d03a4368a03d84aa?s=96&d=mm&r=g","contentUrl":"https:\/\/secure.gravatar.com\/avatar\/d620fe5460db87edd265e5743d4b6428870636320ba06173d03a4368a03d84aa?s=96&d=mm&r=g","caption":"userdesse"},"sameAs":["http:\/\/www.sedesoruro.gob.bo"]}]}},"_links":{"self":[{"href":"https:\/\/www.sedesoruro.gob.bo\/index.php\/wp-json\/wp\/v2\/posts\/290","targetHints":{"allow":["GET"]}}],"collection":[{"href":"https:\/\/www.sedesoruro.gob.bo\/index.php\/wp-json\/wp\/v2\/posts"}],"about":[{"href":"https:\/\/www.sedesoruro.gob.bo\/index.php\/wp-json\/wp\/v2\/types\/post"}],"author":[{"embeddable":true,"href":"https:\/\/www.sedesoruro.gob.bo\/index.php\/wp-json\/wp\/v2\/users\/1"}],"replies":[{"embeddable":true,"href":"https:\/\/www.sedesoruro.gob.bo\/index.php\/wp-json\/wp\/v2\/comments?post=290"}],"version-history":[{"count":16,"href":"https:\/\/www.sedesoruro.gob.bo\/index.php\/wp-json\/wp\/v2\/posts\/290\/revisions"}],"predecessor-version":[{"id":1482,"href":"https:\/\/www.sedesoruro.gob.bo\/index.php\/wp-json\/wp\/v2\/posts\/290\/revisions\/1482"}],"wp:featuredmedia":[{"embeddable":true,"href":"https:\/\/www.sedesoruro.gob.bo\/index.php\/wp-json\/wp\/v2\/media\/880"}],"wp:attachment":[{"href":"https:\/\/www.sedesoruro.gob.bo\/index.php\/wp-json\/wp\/v2\/media?parent=290"}],"wp:term":[{"taxonomy":"category","embeddable":true,"href":"https:\/\/www.sedesoruro.gob.bo\/index.php\/wp-json\/wp\/v2\/categories?post=290"},{"taxonomy":"post_tag","embeddable":true,"href":"https:\/\/www.sedesoruro.gob.bo\/index.php\/wp-json\/wp\/v2\/tags?post=290"}],"curies":[{"name":"wp","href":"https:\/\/api.w.org\/{rel}","templated":true}]}}