{"id":3143,"date":"2024-10-02T20:59:13","date_gmt":"2024-10-03T00:59:13","guid":{"rendered":"https:\/\/www.sedesoruro.gob.bo\/?p=3143"},"modified":"2024-10-02T21:09:36","modified_gmt":"2024-10-03T01:09:36","slug":"compromiso-por-la-salud-director-del-sedes-oruro-dr-juan-carlos-challapa-convoca-a-unir-fuerzas-para-mejorar-servicios","status":"publish","type":"post","link":"https:\/\/www.sedesoruro.gob.bo\/index.php\/2024\/10\/02\/compromiso-por-la-salud-director-del-sedes-oruro-dr-juan-carlos-challapa-convoca-a-unir-fuerzas-para-mejorar-servicios\/","title":{"rendered":"COMPROMISO POR LA SALUD: DIRECTOR DEL SEDES ORURO, DR. JUAN CARLOS CHALLAPA, CONVOCA A UNIR FUERZAS PARA MEJORAR SERVICIOS"},"content":{"rendered":"\t\t<div data-elementor-type=\"wp-post\" data-elementor-id=\"3143\" class=\"elementor elementor-3143\">\n\t\t\t\t<div class=\"elementor-element elementor-element-96cfb5c e-flex e-con-boxed e-con e-parent\" data-id=\"96cfb5c\" data-element_type=\"container\">\n\t\t\t\t\t<div class=\"e-con-inner\">\n\t\t\t\t<div class=\"elementor-element elementor-element-d1b4169 elementor-widget elementor-widget-text-editor\" data-id=\"d1b4169\" data-element_type=\"widget\" data-widget_type=\"text-editor.default\">\n\t\t\t\t<div class=\"elementor-widget-container\">\n\t\t\t\t\t\t\t\t\t<p>El nuevo director t\u00e9cnico del Servicio Departamental de Salud (SEDES) Oruro, Dr. Juan Carlos Challapa Mancilla, se\u00f1al\u00f3 que se emprende una segunda etapa al mando de esta importante instituci\u00f3n dependiente de la Gobernaci\u00f3n, donde el trabajo se enfocar\u00e1 a profundizar los polos de desarrollo que se han encaminado en bien de preservar la salud de la poblaci\u00f3n en todo el departamento.<\/p><p>\u201cGracias a la confianza del se\u00f1or Gobernador, Dr. Johnny Vedia, reiniciamos una segunda etapa de un trabajo t\u00e9cnico administrativo que nos toca desempe\u00f1ar en el periodo\u201d, asever\u00f3 Challapa tras asumir sus funciones con la mentalidad puesta en encaminar las acciones necesarias para brindar a la poblaci\u00f3n un mejor sistema de salud integral.<\/p>\t\t\t\t\t\t\t\t<\/div>\n\t\t\t\t<\/div>\n\t\t\t\t\t<\/div>\n\t\t\t\t<\/div>\n\t\t<div class=\"elementor-element elementor-element-a51cbd4 e-flex e-con-boxed e-con e-parent\" data-id=\"a51cbd4\" data-element_type=\"container\">\n\t\t\t\t\t<div class=\"e-con-inner\">\n\t\t<div class=\"elementor-element elementor-element-ea3fdfb e-con-full e-flex e-con e-child\" data-id=\"ea3fdfb\" data-element_type=\"container\">\n\t\t\t\t<div class=\"elementor-element elementor-element-0dc5294 elementor-widget elementor-widget-image\" data-id=\"0dc5294\" data-element_type=\"widget\" data-widget_type=\"image.default\">\n\t\t\t\t<div class=\"elementor-widget-container\">\n\t\t\t\t\t\t\t\t\t\t\t\t\t\t\t<img fetchpriority=\"high\" decoding=\"async\" width=\"871\" height=\"1024\" src=\"https:\/\/www.sedesoruro.gob.bo\/wp-content\/uploads\/2024\/10\/WhatsApp-Image-2024-09-29-at-9.08.34-PM-871x1024.jpeg\" class=\"attachment-large size-large wp-image-3148\" alt=\"\" srcset=\"https:\/\/www.sedesoruro.gob.bo\/wp-content\/uploads\/2024\/10\/WhatsApp-Image-2024-09-29-at-9.08.34-PM-871x1024.jpeg 871w, https:\/\/www.sedesoruro.gob.bo\/wp-content\/uploads\/2024\/10\/WhatsApp-Image-2024-09-29-at-9.08.34-PM-255x300.jpeg 255w\" sizes=\"(max-width: 871px) 100vw, 871px\" \/>\t\t\t\t\t\t\t\t\t\t\t\t\t\t\t<\/div>\n\t\t\t\t<\/div>\n\t\t\t\t<\/div>\n\t\t<div class=\"elementor-element elementor-element-6952964 e-con-full e-flex e-con e-child\" data-id=\"6952964\" data-element_type=\"container\">\n\t\t\t\t<div class=\"elementor-element elementor-element-8f0e4ee elementor-widget elementor-widget-text-editor\" data-id=\"8f0e4ee\" data-element_type=\"widget\" data-widget_type=\"text-editor.default\">\n\t\t\t\t<div class=\"elementor-widget-container\">\n\t\t\t\t\t\t\t\t\t<p>Explic\u00f3 que la pausa que se tom\u00f3 luego de su primer periodo al mando del SEDES Oruro, sirvi\u00f3 para tomar un merecido descanso, pero tambi\u00e9n para hacer un seguimiento cercano a todas las tareas que se realizaron en bien del departamento donde ahora ya se est\u00e1 viendo los primeros frutos con obras de importancia, \u201cCuando me toc\u00f3 trabajar en un cargo operativo pudimos verificar que ya se dio inicio de obras en algunos municipios, La Rivera conjuntamente Curahuara de Carangas\u201d, mencion\u00f3.<\/p><p>El titular indic\u00f3 que se vienen m\u00e1s obras en el tema de la salud para municipios como Carangas, Huayllamarca, Huari, Soracachi, entre otros, que ser\u00e1n favorecidos con nuevas infraestructuras en materia de salud.<\/p><p>Tambi\u00e9n se est\u00e1 trabajando con la Unidad de Proyectos Especiales (UPRE) para no solo contar con la infraestructura sino tambi\u00e9n con el equipamiento respectivo para un servicio m\u00e1s moderno en bien de la poblaci\u00f3n, \u201cEstamos viviendo un periodo de procesos y resultados efectivos, porque gracias a una planificaci\u00f3n de las gestiones anteriores vamos a cosechar las cosas positivas para la salud\u201d, agreg\u00f3.<\/p><p>Challapa convoc\u00f3 a todo el personal de salud para unir fuerzas y seguir trabajando con mayor compromiso en favor de la salud ya que se trata de la vida de ni\u00f1os, adolescentes y personas mayores y por ello se debe encarar este proceso con una doble responsabilidad.<\/p>\t\t\t\t\t\t\t\t<\/div>\n\t\t\t\t<\/div>\n\t\t\t\t<\/div>\n\t\t\t\t\t<\/div>\n\t\t\t\t<\/div>\n\t\t<div class=\"elementor-element elementor-element-da49ee3 e-flex e-con-boxed e-con e-parent\" data-id=\"da49ee3\" data-element_type=\"container\">\n\t\t\t\t\t<div class=\"e-con-inner\">\n\t\t<div class=\"elementor-element elementor-element-97c4ecc e-con-full e-flex e-con e-child\" data-id=\"97c4ecc\" data-element_type=\"container\">\n\t\t\t\t<div class=\"elementor-element elementor-element-51e46e5 elementor-widget elementor-widget-image\" data-id=\"51e46e5\" data-element_type=\"widget\" data-widget_type=\"image.default\">\n\t\t\t\t<div class=\"elementor-widget-container\">\n\t\t\t\t\t\t\t\t\t\t\t\t\t\t\t<img decoding=\"async\" width=\"1024\" height=\"683\" src=\"https:\/\/www.sedesoruro.gob.bo\/wp-content\/uploads\/2024\/10\/WhatsApp-Image-2024-09-29-at-9.08.34-PM-2-1024x683.jpeg\" class=\"attachment-large size-large wp-image-3147\" alt=\"\" srcset=\"https:\/\/www.sedesoruro.gob.bo\/wp-content\/uploads\/2024\/10\/WhatsApp-Image-2024-09-29-at-9.08.34-PM-2-1024x683.jpeg 1024w, https:\/\/www.sedesoruro.gob.bo\/wp-content\/uploads\/2024\/10\/WhatsApp-Image-2024-09-29-at-9.08.34-PM-2-300x200.jpeg 300w\" sizes=\"(max-width: 1024px) 100vw, 1024px\" \/>\t\t\t\t\t\t\t\t\t\t\t\t\t\t\t<\/div>\n\t\t\t\t<\/div>\n\t\t\t\t<\/div>\n\t\t<div class=\"elementor-element elementor-element-3063eaf e-con-full e-flex e-con e-child\" data-id=\"3063eaf\" data-element_type=\"container\">\n\t\t\t\t<div class=\"elementor-element elementor-element-0436629 elementor-widget elementor-widget-image\" data-id=\"0436629\" data-element_type=\"widget\" data-widget_type=\"image.default\">\n\t\t\t\t<div class=\"elementor-widget-container\">\n\t\t\t\t\t\t\t\t\t\t\t\t\t\t\t<img decoding=\"async\" width=\"1024\" height=\"683\" src=\"https:\/\/www.sedesoruro.gob.bo\/wp-content\/uploads\/2024\/10\/WhatsApp-Image-2024-09-29-at-9.08.35-PM-1024x683.jpeg\" class=\"attachment-large size-large wp-image-3146\" alt=\"\" srcset=\"https:\/\/www.sedesoruro.gob.bo\/wp-content\/uploads\/2024\/10\/WhatsApp-Image-2024-09-29-at-9.08.35-PM-1024x683.jpeg 1024w, https:\/\/www.sedesoruro.gob.bo\/wp-content\/uploads\/2024\/10\/WhatsApp-Image-2024-09-29-at-9.08.35-PM-300x200.jpeg 300w\" sizes=\"(max-width: 1024px) 100vw, 1024px\" \/>\t\t\t\t\t\t\t\t\t\t\t\t\t\t\t<\/div>\n\t\t\t\t<\/div>\n\t\t\t\t<\/div>\n\t\t\t\t\t<\/div>\n\t\t\t\t<\/div>\n\t\t\t\t<\/div>\n\t\t","protected":false},"excerpt":{"rendered":"<p>El nuevo director t\u00e9cnico del Servicio Departamental de Salud (SEDES) Oruro, Dr. Juan Carlos Challapa Mancilla, se\u00f1al\u00f3 que se emprende una segunda etapa al mando de esta importante instituci\u00f3n dependiente de la Gobernaci\u00f3n, donde&#46;&#46;&#46;<\/p>\n","protected":false},"author":1,"featured_media":3144,"comment_status":"closed","ping_status":"open","sticky":false,"template":"","format":"standard","meta":{"_cbd_carousel_blocks":"[]","footnotes":""},"categories":[17,51],"tags":[],"class_list":["post-3143","post","type-post","status-publish","format-standard","has-post-thumbnail","hentry","category-comunicacion","category-sedes"],"yoast_head":"<!-- This site is optimized with the Yoast SEO plugin v23.1 - https:\/\/yoast.com\/wordpress\/plugins\/seo\/ -->\n<title>COMPROMISO POR LA SALUD: DIRECTOR DEL SEDES ORURO, DR. JUAN CARLOS CHALLAPA, CONVOCA A UNIR FUERZAS PARA MEJORAR SERVICIOS<\/title>\n<meta name=\"description\" content=\"El nuevo director t\u00e9cnico del Servicio Departamental de Salud (SEDES) Oruro, Dr. Juan Carlos Challapa Mancilla, se\u00f1al\u00f3 que se emprende una segunda etapa\" \/>\n<meta name=\"robots\" content=\"index, follow, max-snippet:-1, max-image-preview:large, max-video-preview:-1\" \/>\n<link rel=\"canonical\" href=\"https:\/\/www.sedesoruro.gob.bo\/index.php\/2024\/10\/02\/compromiso-por-la-salud-director-del-sedes-oruro-dr-juan-carlos-challapa-convoca-a-unir-fuerzas-para-mejorar-servicios\/\" \/>\n<meta property=\"og:locale\" content=\"es_ES\" \/>\n<meta property=\"og:type\" content=\"article\" \/>\n<meta property=\"og:title\" content=\"COMPROMISO POR LA SALUD: DIRECTOR DEL SEDES ORURO, DR. JUAN CARLOS CHALLAPA, CONVOCA A UNIR FUERZAS PARA MEJORAR SERVICIOS\" \/>\n<meta property=\"og:description\" content=\"El nuevo director t\u00e9cnico del Servicio Departamental de Salud (SEDES) Oruro, Dr. Juan Carlos Challapa Mancilla, se\u00f1al\u00f3 que se emprende una segunda etapa\" \/>\n<meta property=\"og:url\" content=\"https:\/\/www.sedesoruro.gob.bo\/index.php\/2024\/10\/02\/compromiso-por-la-salud-director-del-sedes-oruro-dr-juan-carlos-challapa-convoca-a-unir-fuerzas-para-mejorar-servicios\/\" \/>\n<meta property=\"og:site_name\" content=\"SERVICIO DEPARTAMENTAL DE SALUD - ORURO\" \/>\n<meta property=\"article:publisher\" content=\"https:\/\/www.facebook.com\/SEDESOR\" \/>\n<meta property=\"article:published_time\" content=\"2024-10-03T00:59:13+00:00\" \/>\n<meta property=\"article:modified_time\" content=\"2024-10-03T01:09:36+00:00\" \/>\n<meta property=\"og:image\" content=\"https:\/\/www.sedesoruro.gob.bo\/wp-content\/uploads\/2024\/10\/WhatsApp-Image-2024-09-29-at-9.08.34-PM-1.jpeg\" \/>\n\t<meta property=\"og:image:width\" content=\"749\" \/>\n\t<meta property=\"og:image:height\" content=\"661\" \/>\n\t<meta property=\"og:image:type\" content=\"image\/jpeg\" \/>\n<meta name=\"author\" content=\"userdesse\" \/>\n<meta name=\"twitter:card\" content=\"summary_large_image\" \/>\n<meta name=\"twitter:label1\" content=\"Escrito por\" \/>\n\t<meta name=\"twitter:data1\" content=\"userdesse\" \/>\n\t<meta name=\"twitter:label2\" content=\"Tiempo de lectura\" \/>\n\t<meta name=\"twitter:data2\" content=\"3 minutos\" \/>\n<script type=\"application\/ld+json\" class=\"yoast-schema-graph\">{\"@context\":\"https:\/\/schema.org\",\"@graph\":[{\"@type\":\"Article\",\"@id\":\"https:\/\/www.sedesoruro.gob.bo\/index.php\/2024\/10\/02\/compromiso-por-la-salud-director-del-sedes-oruro-dr-juan-carlos-challapa-convoca-a-unir-fuerzas-para-mejorar-servicios\/#article\",\"isPartOf\":{\"@id\":\"https:\/\/www.sedesoruro.gob.bo\/index.php\/2024\/10\/02\/compromiso-por-la-salud-director-del-sedes-oruro-dr-juan-carlos-challapa-convoca-a-unir-fuerzas-para-mejorar-servicios\/\"},\"author\":{\"name\":\"userdesse\",\"@id\":\"https:\/\/www.sedesoruro.gob.bo\/#\/schema\/person\/269b8053e5fc16d4191978ba1f4ccfb0\"},\"headline\":\"COMPROMISO POR LA SALUD: DIRECTOR DEL SEDES ORURO, DR. JUAN CARLOS CHALLAPA, CONVOCA A UNIR FUERZAS PARA MEJORAR SERVICIOS\",\"datePublished\":\"2024-10-03T00:59:13+00:00\",\"dateModified\":\"2024-10-03T01:09:36+00:00\",\"mainEntityOfPage\":{\"@id\":\"https:\/\/www.sedesoruro.gob.bo\/index.php\/2024\/10\/02\/compromiso-por-la-salud-director-del-sedes-oruro-dr-juan-carlos-challapa-convoca-a-unir-fuerzas-para-mejorar-servicios\/\"},\"wordCount\":373,\"publisher\":{\"@id\":\"https:\/\/www.sedesoruro.gob.bo\/#organization\"},\"image\":{\"@id\":\"https:\/\/www.sedesoruro.gob.bo\/index.php\/2024\/10\/02\/compromiso-por-la-salud-director-del-sedes-oruro-dr-juan-carlos-challapa-convoca-a-unir-fuerzas-para-mejorar-servicios\/#primaryimage\"},\"thumbnailUrl\":\"https:\/\/www.sedesoruro.gob.bo\/wp-content\/uploads\/2024\/10\/WhatsApp-Image-2024-09-29-at-9.08.34-PM-1.jpeg\",\"articleSection\":[\"COMUNICAC\u00cdON\",\"SEDES\"],\"inLanguage\":\"es\"},{\"@type\":\"WebPage\",\"@id\":\"https:\/\/www.sedesoruro.gob.bo\/index.php\/2024\/10\/02\/compromiso-por-la-salud-director-del-sedes-oruro-dr-juan-carlos-challapa-convoca-a-unir-fuerzas-para-mejorar-servicios\/\",\"url\":\"https:\/\/www.sedesoruro.gob.bo\/index.php\/2024\/10\/02\/compromiso-por-la-salud-director-del-sedes-oruro-dr-juan-carlos-challapa-convoca-a-unir-fuerzas-para-mejorar-servicios\/\",\"name\":\"COMPROMISO POR LA SALUD: DIRECTOR DEL SEDES ORURO, DR. JUAN CARLOS CHALLAPA, CONVOCA A UNIR FUERZAS PARA MEJORAR SERVICIOS\",\"isPartOf\":{\"@id\":\"https:\/\/www.sedesoruro.gob.bo\/#website\"},\"primaryImageOfPage\":{\"@id\":\"https:\/\/www.sedesoruro.gob.bo\/index.php\/2024\/10\/02\/compromiso-por-la-salud-director-del-sedes-oruro-dr-juan-carlos-challapa-convoca-a-unir-fuerzas-para-mejorar-servicios\/#primaryimage\"},\"image\":{\"@id\":\"https:\/\/www.sedesoruro.gob.bo\/index.php\/2024\/10\/02\/compromiso-por-la-salud-director-del-sedes-oruro-dr-juan-carlos-challapa-convoca-a-unir-fuerzas-para-mejorar-servicios\/#primaryimage\"},\"thumbnailUrl\":\"https:\/\/www.sedesoruro.gob.bo\/wp-content\/uploads\/2024\/10\/WhatsApp-Image-2024-09-29-at-9.08.34-PM-1.jpeg\",\"datePublished\":\"2024-10-03T00:59:13+00:00\",\"dateModified\":\"2024-10-03T01:09:36+00:00\",\"description\":\"El nuevo director t\u00e9cnico del Servicio Departamental de Salud (SEDES) Oruro, Dr. Juan Carlos Challapa Mancilla, se\u00f1al\u00f3 que se emprende una segunda etapa\",\"breadcrumb\":{\"@id\":\"https:\/\/www.sedesoruro.gob.bo\/index.php\/2024\/10\/02\/compromiso-por-la-salud-director-del-sedes-oruro-dr-juan-carlos-challapa-convoca-a-unir-fuerzas-para-mejorar-servicios\/#breadcrumb\"},\"inLanguage\":\"es\",\"potentialAction\":[{\"@type\":\"ReadAction\",\"target\":[\"https:\/\/www.sedesoruro.gob.bo\/index.php\/2024\/10\/02\/compromiso-por-la-salud-director-del-sedes-oruro-dr-juan-carlos-challapa-convoca-a-unir-fuerzas-para-mejorar-servicios\/\"]}]},{\"@type\":\"ImageObject\",\"inLanguage\":\"es\",\"@id\":\"https:\/\/www.sedesoruro.gob.bo\/index.php\/2024\/10\/02\/compromiso-por-la-salud-director-del-sedes-oruro-dr-juan-carlos-challapa-convoca-a-unir-fuerzas-para-mejorar-servicios\/#primaryimage\",\"url\":\"https:\/\/www.sedesoruro.gob.bo\/wp-content\/uploads\/2024\/10\/WhatsApp-Image-2024-09-29-at-9.08.34-PM-1.jpeg\",\"contentUrl\":\"https:\/\/www.sedesoruro.gob.bo\/wp-content\/uploads\/2024\/10\/WhatsApp-Image-2024-09-29-at-9.08.34-PM-1.jpeg\",\"width\":749,\"height\":661},{\"@type\":\"BreadcrumbList\",\"@id\":\"https:\/\/www.sedesoruro.gob.bo\/index.php\/2024\/10\/02\/compromiso-por-la-salud-director-del-sedes-oruro-dr-juan-carlos-challapa-convoca-a-unir-fuerzas-para-mejorar-servicios\/#breadcrumb\",\"itemListElement\":[{\"@type\":\"ListItem\",\"position\":1,\"name\":\"Portada\",\"item\":\"https:\/\/www.sedesoruro.gob.bo\/\"},{\"@type\":\"ListItem\",\"position\":2,\"name\":\"COMPROMISO POR LA SALUD: DIRECTOR DEL SEDES ORURO, DR. JUAN CARLOS CHALLAPA, CONVOCA A UNIR FUERZAS PARA MEJORAR SERVICIOS\"}]},{\"@type\":\"WebSite\",\"@id\":\"https:\/\/www.sedesoruro.gob.bo\/#website\",\"url\":\"https:\/\/www.sedesoruro.gob.bo\/\",\"name\":\"sedesoruro.gob.bo\",\"description\":\"SERVICIO DEPARTAMENTAL DE SALUD - ORURO\",\"publisher\":{\"@id\":\"https:\/\/www.sedesoruro.gob.bo\/#organization\"},\"alternateName\":\"Servicio Departamental de Salud - Oruro\",\"potentialAction\":[{\"@type\":\"SearchAction\",\"target\":{\"@type\":\"EntryPoint\",\"urlTemplate\":\"https:\/\/www.sedesoruro.gob.bo\/?s={search_term_string}\"},\"query-input\":\"required name=search_term_string\"}],\"inLanguage\":\"es\"},{\"@type\":\"Organization\",\"@id\":\"https:\/\/www.sedesoruro.gob.bo\/#organization\",\"name\":\"Servicio Departamental de Salud - Oruro\",\"alternateName\":\"SEDES ORURO\",\"url\":\"https:\/\/www.sedesoruro.gob.bo\/\",\"logo\":{\"@type\":\"ImageObject\",\"inLanguage\":\"es\",\"@id\":\"https:\/\/www.sedesoruro.gob.bo\/#\/schema\/logo\/image\/\",\"url\":\"https:\/\/www.sedesoruro.gob.bo\/wp-content\/uploads\/2024\/08\/LOGO-SEDES.jpg\",\"contentUrl\":\"https:\/\/www.sedesoruro.gob.bo\/wp-content\/uploads\/2024\/08\/LOGO-SEDES.jpg\",\"width\":226,\"height\":223,\"caption\":\"Servicio Departamental de Salud - Oruro\"},\"image\":{\"@id\":\"https:\/\/www.sedesoruro.gob.bo\/#\/schema\/logo\/image\/\"},\"sameAs\":[\"https:\/\/www.facebook.com\/SEDESOR\"]},{\"@type\":\"Person\",\"@id\":\"https:\/\/www.sedesoruro.gob.bo\/#\/schema\/person\/269b8053e5fc16d4191978ba1f4ccfb0\",\"name\":\"userdesse\",\"image\":{\"@type\":\"ImageObject\",\"inLanguage\":\"es\",\"@id\":\"https:\/\/www.sedesoruro.gob.bo\/#\/schema\/person\/image\/\",\"url\":\"https:\/\/secure.gravatar.com\/avatar\/d620fe5460db87edd265e5743d4b6428870636320ba06173d03a4368a03d84aa?s=96&d=mm&r=g\",\"contentUrl\":\"https:\/\/secure.gravatar.com\/avatar\/d620fe5460db87edd265e5743d4b6428870636320ba06173d03a4368a03d84aa?s=96&d=mm&r=g\",\"caption\":\"userdesse\"},\"sameAs\":[\"http:\/\/www.sedesoruro.gob.bo\"]}]}<\/script>\n<!-- \/ Yoast SEO plugin. -->","yoast_head_json":{"title":"COMPROMISO POR LA SALUD: DIRECTOR DEL SEDES ORURO, DR. JUAN CARLOS CHALLAPA, CONVOCA A UNIR FUERZAS PARA MEJORAR SERVICIOS","description":"El nuevo director t\u00e9cnico del Servicio Departamental de Salud (SEDES) Oruro, Dr. Juan Carlos Challapa Mancilla, se\u00f1al\u00f3 que se emprende una segunda etapa","robots":{"index":"index","follow":"follow","max-snippet":"max-snippet:-1","max-image-preview":"max-image-preview:large","max-video-preview":"max-video-preview:-1"},"canonical":"https:\/\/www.sedesoruro.gob.bo\/index.php\/2024\/10\/02\/compromiso-por-la-salud-director-del-sedes-oruro-dr-juan-carlos-challapa-convoca-a-unir-fuerzas-para-mejorar-servicios\/","og_locale":"es_ES","og_type":"article","og_title":"COMPROMISO POR LA SALUD: DIRECTOR DEL SEDES ORURO, DR. JUAN CARLOS CHALLAPA, CONVOCA A UNIR FUERZAS PARA MEJORAR SERVICIOS","og_description":"El nuevo director t\u00e9cnico del Servicio Departamental de Salud (SEDES) Oruro, Dr. Juan Carlos Challapa Mancilla, se\u00f1al\u00f3 que se emprende una segunda etapa","og_url":"https:\/\/www.sedesoruro.gob.bo\/index.php\/2024\/10\/02\/compromiso-por-la-salud-director-del-sedes-oruro-dr-juan-carlos-challapa-convoca-a-unir-fuerzas-para-mejorar-servicios\/","og_site_name":"SERVICIO DEPARTAMENTAL DE SALUD - ORURO","article_publisher":"https:\/\/www.facebook.com\/SEDESOR","article_published_time":"2024-10-03T00:59:13+00:00","article_modified_time":"2024-10-03T01:09:36+00:00","og_image":[{"width":749,"height":661,"url":"https:\/\/www.sedesoruro.gob.bo\/wp-content\/uploads\/2024\/10\/WhatsApp-Image-2024-09-29-at-9.08.34-PM-1.jpeg","type":"image\/jpeg"}],"author":"userdesse","twitter_card":"summary_large_image","twitter_misc":{"Escrito por":"userdesse","Tiempo de lectura":"3 minutos"},"schema":{"@context":"https:\/\/schema.org","@graph":[{"@type":"Article","@id":"https:\/\/www.sedesoruro.gob.bo\/index.php\/2024\/10\/02\/compromiso-por-la-salud-director-del-sedes-oruro-dr-juan-carlos-challapa-convoca-a-unir-fuerzas-para-mejorar-servicios\/#article","isPartOf":{"@id":"https:\/\/www.sedesoruro.gob.bo\/index.php\/2024\/10\/02\/compromiso-por-la-salud-director-del-sedes-oruro-dr-juan-carlos-challapa-convoca-a-unir-fuerzas-para-mejorar-servicios\/"},"author":{"name":"userdesse","@id":"https:\/\/www.sedesoruro.gob.bo\/#\/schema\/person\/269b8053e5fc16d4191978ba1f4ccfb0"},"headline":"COMPROMISO POR LA SALUD: DIRECTOR DEL SEDES ORURO, DR. JUAN CARLOS CHALLAPA, CONVOCA A UNIR FUERZAS PARA MEJORAR SERVICIOS","datePublished":"2024-10-03T00:59:13+00:00","dateModified":"2024-10-03T01:09:36+00:00","mainEntityOfPage":{"@id":"https:\/\/www.sedesoruro.gob.bo\/index.php\/2024\/10\/02\/compromiso-por-la-salud-director-del-sedes-oruro-dr-juan-carlos-challapa-convoca-a-unir-fuerzas-para-mejorar-servicios\/"},"wordCount":373,"publisher":{"@id":"https:\/\/www.sedesoruro.gob.bo\/#organization"},"image":{"@id":"https:\/\/www.sedesoruro.gob.bo\/index.php\/2024\/10\/02\/compromiso-por-la-salud-director-del-sedes-oruro-dr-juan-carlos-challapa-convoca-a-unir-fuerzas-para-mejorar-servicios\/#primaryimage"},"thumbnailUrl":"https:\/\/www.sedesoruro.gob.bo\/wp-content\/uploads\/2024\/10\/WhatsApp-Image-2024-09-29-at-9.08.34-PM-1.jpeg","articleSection":["COMUNICAC\u00cdON","SEDES"],"inLanguage":"es"},{"@type":"WebPage","@id":"https:\/\/www.sedesoruro.gob.bo\/index.php\/2024\/10\/02\/compromiso-por-la-salud-director-del-sedes-oruro-dr-juan-carlos-challapa-convoca-a-unir-fuerzas-para-mejorar-servicios\/","url":"https:\/\/www.sedesoruro.gob.bo\/index.php\/2024\/10\/02\/compromiso-por-la-salud-director-del-sedes-oruro-dr-juan-carlos-challapa-convoca-a-unir-fuerzas-para-mejorar-servicios\/","name":"COMPROMISO POR LA SALUD: DIRECTOR DEL SEDES ORURO, DR. JUAN CARLOS CHALLAPA, CONVOCA A UNIR FUERZAS PARA MEJORAR SERVICIOS","isPartOf":{"@id":"https:\/\/www.sedesoruro.gob.bo\/#website"},"primaryImageOfPage":{"@id":"https:\/\/www.sedesoruro.gob.bo\/index.php\/2024\/10\/02\/compromiso-por-la-salud-director-del-sedes-oruro-dr-juan-carlos-challapa-convoca-a-unir-fuerzas-para-mejorar-servicios\/#primaryimage"},"image":{"@id":"https:\/\/www.sedesoruro.gob.bo\/index.php\/2024\/10\/02\/compromiso-por-la-salud-director-del-sedes-oruro-dr-juan-carlos-challapa-convoca-a-unir-fuerzas-para-mejorar-servicios\/#primaryimage"},"thumbnailUrl":"https:\/\/www.sedesoruro.gob.bo\/wp-content\/uploads\/2024\/10\/WhatsApp-Image-2024-09-29-at-9.08.34-PM-1.jpeg","datePublished":"2024-10-03T00:59:13+00:00","dateModified":"2024-10-03T01:09:36+00:00","description":"El nuevo director t\u00e9cnico del Servicio Departamental de Salud (SEDES) Oruro, Dr. Juan Carlos Challapa Mancilla, se\u00f1al\u00f3 que se emprende una segunda etapa","breadcrumb":{"@id":"https:\/\/www.sedesoruro.gob.bo\/index.php\/2024\/10\/02\/compromiso-por-la-salud-director-del-sedes-oruro-dr-juan-carlos-challapa-convoca-a-unir-fuerzas-para-mejorar-servicios\/#breadcrumb"},"inLanguage":"es","potentialAction":[{"@type":"ReadAction","target":["https:\/\/www.sedesoruro.gob.bo\/index.php\/2024\/10\/02\/compromiso-por-la-salud-director-del-sedes-oruro-dr-juan-carlos-challapa-convoca-a-unir-fuerzas-para-mejorar-servicios\/"]}]},{"@type":"ImageObject","inLanguage":"es","@id":"https:\/\/www.sedesoruro.gob.bo\/index.php\/2024\/10\/02\/compromiso-por-la-salud-director-del-sedes-oruro-dr-juan-carlos-challapa-convoca-a-unir-fuerzas-para-mejorar-servicios\/#primaryimage","url":"https:\/\/www.sedesoruro.gob.bo\/wp-content\/uploads\/2024\/10\/WhatsApp-Image-2024-09-29-at-9.08.34-PM-1.jpeg","contentUrl":"https:\/\/www.sedesoruro.gob.bo\/wp-content\/uploads\/2024\/10\/WhatsApp-Image-2024-09-29-at-9.08.34-PM-1.jpeg","width":749,"height":661},{"@type":"BreadcrumbList","@id":"https:\/\/www.sedesoruro.gob.bo\/index.php\/2024\/10\/02\/compromiso-por-la-salud-director-del-sedes-oruro-dr-juan-carlos-challapa-convoca-a-unir-fuerzas-para-mejorar-servicios\/#breadcrumb","itemListElement":[{"@type":"ListItem","position":1,"name":"Portada","item":"https:\/\/www.sedesoruro.gob.bo\/"},{"@type":"ListItem","position":2,"name":"COMPROMISO POR LA SALUD: DIRECTOR DEL SEDES ORURO, DR. JUAN CARLOS CHALLAPA, CONVOCA A UNIR FUERZAS PARA MEJORAR SERVICIOS"}]},{"@type":"WebSite","@id":"https:\/\/www.sedesoruro.gob.bo\/#website","url":"https:\/\/www.sedesoruro.gob.bo\/","name":"sedesoruro.gob.bo","description":"SERVICIO DEPARTAMENTAL DE SALUD - ORURO","publisher":{"@id":"https:\/\/www.sedesoruro.gob.bo\/#organization"},"alternateName":"Servicio Departamental de Salud - Oruro","potentialAction":[{"@type":"SearchAction","target":{"@type":"EntryPoint","urlTemplate":"https:\/\/www.sedesoruro.gob.bo\/?s={search_term_string}"},"query-input":"required name=search_term_string"}],"inLanguage":"es"},{"@type":"Organization","@id":"https:\/\/www.sedesoruro.gob.bo\/#organization","name":"Servicio Departamental de Salud - Oruro","alternateName":"SEDES ORURO","url":"https:\/\/www.sedesoruro.gob.bo\/","logo":{"@type":"ImageObject","inLanguage":"es","@id":"https:\/\/www.sedesoruro.gob.bo\/#\/schema\/logo\/image\/","url":"https:\/\/www.sedesoruro.gob.bo\/wp-content\/uploads\/2024\/08\/LOGO-SEDES.jpg","contentUrl":"https:\/\/www.sedesoruro.gob.bo\/wp-content\/uploads\/2024\/08\/LOGO-SEDES.jpg","width":226,"height":223,"caption":"Servicio Departamental de Salud - Oruro"},"image":{"@id":"https:\/\/www.sedesoruro.gob.bo\/#\/schema\/logo\/image\/"},"sameAs":["https:\/\/www.facebook.com\/SEDESOR"]},{"@type":"Person","@id":"https:\/\/www.sedesoruro.gob.bo\/#\/schema\/person\/269b8053e5fc16d4191978ba1f4ccfb0","name":"userdesse","image":{"@type":"ImageObject","inLanguage":"es","@id":"https:\/\/www.sedesoruro.gob.bo\/#\/schema\/person\/image\/","url":"https:\/\/secure.gravatar.com\/avatar\/d620fe5460db87edd265e5743d4b6428870636320ba06173d03a4368a03d84aa?s=96&d=mm&r=g","contentUrl":"https:\/\/secure.gravatar.com\/avatar\/d620fe5460db87edd265e5743d4b6428870636320ba06173d03a4368a03d84aa?s=96&d=mm&r=g","caption":"userdesse"},"sameAs":["http:\/\/www.sedesoruro.gob.bo"]}]}},"_links":{"self":[{"href":"https:\/\/www.sedesoruro.gob.bo\/index.php\/wp-json\/wp\/v2\/posts\/3143","targetHints":{"allow":["GET"]}}],"collection":[{"href":"https:\/\/www.sedesoruro.gob.bo\/index.php\/wp-json\/wp\/v2\/posts"}],"about":[{"href":"https:\/\/www.sedesoruro.gob.bo\/index.php\/wp-json\/wp\/v2\/types\/post"}],"author":[{"embeddable":true,"href":"https:\/\/www.sedesoruro.gob.bo\/index.php\/wp-json\/wp\/v2\/users\/1"}],"replies":[{"embeddable":true,"href":"https:\/\/www.sedesoruro.gob.bo\/index.php\/wp-json\/wp\/v2\/comments?post=3143"}],"version-history":[{"count":4,"href":"https:\/\/www.sedesoruro.gob.bo\/index.php\/wp-json\/wp\/v2\/posts\/3143\/revisions"}],"predecessor-version":[{"id":3151,"href":"https:\/\/www.sedesoruro.gob.bo\/index.php\/wp-json\/wp\/v2\/posts\/3143\/revisions\/3151"}],"wp:featuredmedia":[{"embeddable":true,"href":"https:\/\/www.sedesoruro.gob.bo\/index.php\/wp-json\/wp\/v2\/media\/3144"}],"wp:attachment":[{"href":"https:\/\/www.sedesoruro.gob.bo\/index.php\/wp-json\/wp\/v2\/media?parent=3143"}],"wp:term":[{"taxonomy":"category","embeddable":true,"href":"https:\/\/www.sedesoruro.gob.bo\/index.php\/wp-json\/wp\/v2\/categories?post=3143"},{"taxonomy":"post_tag","embeddable":true,"href":"https:\/\/www.sedesoruro.gob.bo\/index.php\/wp-json\/wp\/v2\/tags?post=3143"}],"curies":[{"name":"wp","href":"https:\/\/api.w.org\/{rel}","templated":true}]}}