{"id":3206,"date":"2024-10-04T15:06:08","date_gmt":"2024-10-04T19:06:08","guid":{"rendered":"https:\/\/www.sedesoruro.gob.bo\/?p=3206"},"modified":"2024-10-04T15:23:06","modified_gmt":"2024-10-04T19:23:06","slug":"en-conmemoracion-a-san-roque","status":"publish","type":"post","link":"https:\/\/www.sedesoruro.gob.bo\/index.php\/2024\/10\/04\/en-conmemoracion-a-san-roque\/","title":{"rendered":"EN CONMEMORACI\u00d3N A SAN ROQUE"},"content":{"rendered":"\t\t<div data-elementor-type=\"wp-post\" data-elementor-id=\"3206\" class=\"elementor elementor-3206\">\n\t\t\t\t<div class=\"elementor-element elementor-element-cc1ab0 e-flex e-con-boxed e-con e-parent\" data-id=\"cc1ab0\" data-element_type=\"container\">\n\t\t\t\t\t<div class=\"e-con-inner\">\n\t\t\t\t<div class=\"elementor-element elementor-element-ff91999 elementor-widget elementor-widget-text-editor\" data-id=\"ff91999\" data-element_type=\"widget\" data-widget_type=\"text-editor.default\">\n\t\t\t\t<div class=\"elementor-widget-container\">\n\t\t\t\t\t\t\t\t\t\n<h1 class=\"wp-block-heading\"><strong>SEDES ORURO ORGANIZ\u00d3 DIFERENTES ACTIVIDADES SOBRE TENENCIA RESPONSABLE DE MASCOTAS<\/strong><\/h1>\n\n\n\n<p><\/p>\n\t\t\t\t\t\t\t\t<\/div>\n\t\t\t\t<\/div>\n\t\t\t\t\t<\/div>\n\t\t\t\t<\/div>\n\t\t<div class=\"elementor-element elementor-element-e02688a e-flex e-con-boxed e-con e-parent\" data-id=\"e02688a\" data-element_type=\"container\">\n\t\t\t\t\t<div class=\"e-con-inner\">\n\t\t\t\t<div class=\"elementor-element elementor-element-8028a33 elementor-widget elementor-widget-text-editor\" data-id=\"8028a33\" data-element_type=\"widget\" data-widget_type=\"text-editor.default\">\n\t\t\t\t<div class=\"elementor-widget-container\">\n\t\t\t\t\t\t\t\t\t<p>Conmemorando la fiesta de San Roque, patrono de todas las mascotas, el Servicio Departamental de Salud (SEDES) Oruro, a trav\u00e9s del programa de Enfermedades Zoon\u00f3ticas, en coordinaci\u00f3n con Rotari Kids Club Sebasti\u00e1n Pagador, organizaron una interesante feria de salud el pasado 17 de agosto en el frontis de la Gobernaci\u00f3n, adem\u00e1s de un desfile de concientizaci\u00f3n sobre la tenencia responsable de animales, ambas actividades fueron catalogadas como todo un \u00e9xito.<\/p>\t\t\t\t\t\t\t\t<\/div>\n\t\t\t\t<\/div>\n\t\t\t\t\t<\/div>\n\t\t\t\t<\/div>\n\t\t<div class=\"elementor-element elementor-element-9b90042 e-flex e-con-boxed e-con e-parent\" data-id=\"9b90042\" data-element_type=\"container\">\n\t\t\t\t\t<div class=\"e-con-inner\">\n\t\t<div class=\"elementor-element elementor-element-af02e7e e-con-full e-flex e-con e-child\" data-id=\"af02e7e\" data-element_type=\"container\">\n\t\t\t\t<div class=\"elementor-element elementor-element-cc6e976 elementor-widget elementor-widget-text-editor\" data-id=\"cc6e976\" data-element_type=\"widget\" data-widget_type=\"text-editor.default\">\n\t\t\t\t<div class=\"elementor-widget-container\">\n\t\t\t\t\t\t\t\t\t<p>El compa\u00f1ero fiel del hogar tuvo su d\u00eda de celebraci\u00f3n, con una serie de actividades, la cual estuvo enfocada en fomentar las pr\u00e1cticas de tenencia responsable de mascotas y la prevenci\u00f3n ante mordeduras y ataques de canes. El T\u00e9cnico Ernesto V\u00e1squez, responsable del Programa de Enfermedades Zoon\u00f3ticas del Servicio Departamental de Salud Oruro, indic\u00f3 que, <em>\u201cLas mascotas son las que le dan brillo y alegr\u00eda al hogar y por ello se los debe tratar de forma adecuada\u201d.<\/em><\/p>\n<p>En la feria se tuvo diferentes stands de los establecimientos de salud de la Red de Salud Urbana y la participaci\u00f3n de la Universidad de Aquino Bolivia (UDABOL), donde se orient\u00f3 a la poblaci\u00f3n sobre c\u00f3mo cuidar a las mascotas, prevenci\u00f3n de enfermedades, prevenci\u00f3n de ataques caninos, correcta alimentaci\u00f3n, as\u00ed mismo se instal\u00f3 un punto de vacunaci\u00f3n contra la rabia canina.<\/p>\n<p>V\u00e1squez acot\u00f3 que a la par de estas actividades, tambi\u00e9n se organiz\u00f3 una marcha d\u00f3nde ni\u00f1os y j\u00f3venes junto a sus mascotas transitaron por diferentes arterias de la ciudad con mensajes de cuidado y protecci\u00f3n de las mascotas, la caravana concluy\u00f3 en la plaza principal 10 de Febrero en medio de la feria informativa y preventiva.<\/p>\t\t\t\t\t\t\t\t<\/div>\n\t\t\t\t<\/div>\n\t\t\t\t<\/div>\n\t\t<div class=\"elementor-element elementor-element-1801145 e-con-full e-flex e-con e-child\" data-id=\"1801145\" data-element_type=\"container\">\n\t\t\t\t<div class=\"elementor-element elementor-element-3f88736 elementor-widget elementor-widget-image\" data-id=\"3f88736\" data-element_type=\"widget\" data-widget_type=\"image.default\">\n\t\t\t\t<div class=\"elementor-widget-container\">\n\t\t\t\t\t\t\t\t\t\t\t\t\t\t\t<img fetchpriority=\"high\" decoding=\"async\" width=\"1024\" height=\"683\" src=\"https:\/\/www.sedesoruro.gob.bo\/wp-content\/uploads\/2024\/10\/WhatsApp-Image-2024-09-29-at-9.36.41-PM-1-1024x683.jpeg\" class=\"attachment-large size-large wp-image-3220\" alt=\"\" srcset=\"https:\/\/www.sedesoruro.gob.bo\/wp-content\/uploads\/2024\/10\/WhatsApp-Image-2024-09-29-at-9.36.41-PM-1-1024x683.jpeg 1024w, https:\/\/www.sedesoruro.gob.bo\/wp-content\/uploads\/2024\/10\/WhatsApp-Image-2024-09-29-at-9.36.41-PM-1-300x200.jpeg 300w, https:\/\/www.sedesoruro.gob.bo\/wp-content\/uploads\/2024\/10\/WhatsApp-Image-2024-09-29-at-9.36.41-PM-1-768x512.jpeg 768w, https:\/\/www.sedesoruro.gob.bo\/wp-content\/uploads\/2024\/10\/WhatsApp-Image-2024-09-29-at-9.36.41-PM-1.jpeg 1080w\" sizes=\"(max-width: 1024px) 100vw, 1024px\" \/>\t\t\t\t\t\t\t\t\t\t\t\t\t\t\t<\/div>\n\t\t\t\t<\/div>\n\t\t\t\t<\/div>\n\t\t\t\t\t<\/div>\n\t\t\t\t<\/div>\n\t\t<div class=\"elementor-element elementor-element-e71a2fc e-flex e-con-boxed e-con e-parent\" data-id=\"e71a2fc\" data-element_type=\"container\">\n\t\t\t\t\t<div class=\"e-con-inner\">\n\t\t<div class=\"elementor-element elementor-element-09d3c8e e-con-full e-flex e-con e-child\" data-id=\"09d3c8e\" data-element_type=\"container\">\n\t\t\t\t<div class=\"elementor-element elementor-element-15bac74 elementor-widget elementor-widget-image\" data-id=\"15bac74\" data-element_type=\"widget\" data-widget_type=\"image.default\">\n\t\t\t\t<div class=\"elementor-widget-container\">\n\t\t\t\t\t\t\t\t\t\t\t\t\t\t\t<img decoding=\"async\" width=\"1024\" height=\"968\" src=\"https:\/\/www.sedesoruro.gob.bo\/wp-content\/uploads\/2024\/10\/WhatsApp-Image-2024-09-29-at-9.36.41-PM-1024x968.jpeg\" class=\"attachment-large size-large wp-image-3221\" alt=\"\" srcset=\"https:\/\/www.sedesoruro.gob.bo\/wp-content\/uploads\/2024\/10\/WhatsApp-Image-2024-09-29-at-9.36.41-PM-1024x968.jpeg 1024w, https:\/\/www.sedesoruro.gob.bo\/wp-content\/uploads\/2024\/10\/WhatsApp-Image-2024-09-29-at-9.36.41-PM-300x284.jpeg 300w, https:\/\/www.sedesoruro.gob.bo\/wp-content\/uploads\/2024\/10\/WhatsApp-Image-2024-09-29-at-9.36.41-PM-768x726.jpeg 768w, https:\/\/www.sedesoruro.gob.bo\/wp-content\/uploads\/2024\/10\/WhatsApp-Image-2024-09-29-at-9.36.41-PM.jpeg 1080w\" sizes=\"(max-width: 1024px) 100vw, 1024px\" \/>\t\t\t\t\t\t\t\t\t\t\t\t\t\t\t<\/div>\n\t\t\t\t<\/div>\n\t\t\t\t<\/div>\n\t\t<div class=\"elementor-element elementor-element-5a258df e-con-full e-flex e-con e-child\" data-id=\"5a258df\" data-element_type=\"container\">\n\t\t\t\t<div class=\"elementor-element elementor-element-81a267c elementor-widget elementor-widget-image\" data-id=\"81a267c\" data-element_type=\"widget\" data-widget_type=\"image.default\">\n\t\t\t\t<div class=\"elementor-widget-container\">\n\t\t\t\t\t\t\t\t\t\t\t\t\t\t\t<img decoding=\"async\" width=\"1024\" height=\"768\" src=\"https:\/\/www.sedesoruro.gob.bo\/wp-content\/uploads\/2024\/10\/WhatsApp-Image-2024-09-29-at-9.36.40-PM-1024x768.jpeg\" class=\"attachment-large size-large wp-image-3219\" alt=\"\" srcset=\"https:\/\/www.sedesoruro.gob.bo\/wp-content\/uploads\/2024\/10\/WhatsApp-Image-2024-09-29-at-9.36.40-PM-1024x768.jpeg 1024w, https:\/\/www.sedesoruro.gob.bo\/wp-content\/uploads\/2024\/10\/WhatsApp-Image-2024-09-29-at-9.36.40-PM-300x225.jpeg 300w, https:\/\/www.sedesoruro.gob.bo\/wp-content\/uploads\/2024\/10\/WhatsApp-Image-2024-09-29-at-9.36.40-PM-768x576.jpeg 768w, https:\/\/www.sedesoruro.gob.bo\/wp-content\/uploads\/2024\/10\/WhatsApp-Image-2024-09-29-at-9.36.40-PM.jpeg 1040w\" sizes=\"(max-width: 1024px) 100vw, 1024px\" \/>\t\t\t\t\t\t\t\t\t\t\t\t\t\t\t<\/div>\n\t\t\t\t<\/div>\n\t\t\t\t<\/div>\n\t\t<div class=\"elementor-element elementor-element-54727e5 e-con-full e-flex e-con e-child\" data-id=\"54727e5\" data-element_type=\"container\">\n\t\t\t\t<div class=\"elementor-element elementor-element-2e2c340 elementor-widget elementor-widget-image\" data-id=\"2e2c340\" data-element_type=\"widget\" data-widget_type=\"image.default\">\n\t\t\t\t<div class=\"elementor-widget-container\">\n\t\t\t\t\t\t\t\t\t\t\t\t\t\t\t<img loading=\"lazy\" decoding=\"async\" width=\"1024\" height=\"683\" src=\"https:\/\/www.sedesoruro.gob.bo\/wp-content\/uploads\/2024\/10\/WhatsApp-Image-2024-09-29-at-9.36.40-PM-3-1024x683.jpeg\" class=\"attachment-large size-large wp-image-3218\" alt=\"\" srcset=\"https:\/\/www.sedesoruro.gob.bo\/wp-content\/uploads\/2024\/10\/WhatsApp-Image-2024-09-29-at-9.36.40-PM-3-1024x683.jpeg 1024w, https:\/\/www.sedesoruro.gob.bo\/wp-content\/uploads\/2024\/10\/WhatsApp-Image-2024-09-29-at-9.36.40-PM-3-300x200.jpeg 300w, https:\/\/www.sedesoruro.gob.bo\/wp-content\/uploads\/2024\/10\/WhatsApp-Image-2024-09-29-at-9.36.40-PM-3-768x512.jpeg 768w, https:\/\/www.sedesoruro.gob.bo\/wp-content\/uploads\/2024\/10\/WhatsApp-Image-2024-09-29-at-9.36.40-PM-3.jpeg 1080w\" sizes=\"(max-width: 1024px) 100vw, 1024px\" \/>\t\t\t\t\t\t\t\t\t\t\t\t\t\t\t<\/div>\n\t\t\t\t<\/div>\n\t\t\t\t<\/div>\n\t\t<div class=\"elementor-element elementor-element-1c9adc2 e-con-full e-flex e-con e-child\" data-id=\"1c9adc2\" data-element_type=\"container\">\n\t\t\t\t<div class=\"elementor-element elementor-element-08a4e0d elementor-widget elementor-widget-image\" data-id=\"08a4e0d\" data-element_type=\"widget\" data-widget_type=\"image.default\">\n\t\t\t\t<div class=\"elementor-widget-container\">\n\t\t\t\t\t\t\t\t\t\t\t\t\t\t\t<img loading=\"lazy\" decoding=\"async\" width=\"1024\" height=\"768\" src=\"https:\/\/www.sedesoruro.gob.bo\/wp-content\/uploads\/2024\/10\/WhatsApp-Image-2024-09-29-at-9.36.40-PM-2-1024x768.jpeg\" class=\"attachment-large size-large wp-image-3217\" alt=\"\" srcset=\"https:\/\/www.sedesoruro.gob.bo\/wp-content\/uploads\/2024\/10\/WhatsApp-Image-2024-09-29-at-9.36.40-PM-2-1024x768.jpeg 1024w, https:\/\/www.sedesoruro.gob.bo\/wp-content\/uploads\/2024\/10\/WhatsApp-Image-2024-09-29-at-9.36.40-PM-2-300x225.jpeg 300w, https:\/\/www.sedesoruro.gob.bo\/wp-content\/uploads\/2024\/10\/WhatsApp-Image-2024-09-29-at-9.36.40-PM-2-768x576.jpeg 768w, https:\/\/www.sedesoruro.gob.bo\/wp-content\/uploads\/2024\/10\/WhatsApp-Image-2024-09-29-at-9.36.40-PM-2.jpeg 1040w\" sizes=\"(max-width: 1024px) 100vw, 1024px\" \/>\t\t\t\t\t\t\t\t\t\t\t\t\t\t\t<\/div>\n\t\t\t\t<\/div>\n\t\t\t\t<\/div>\n\t\t<div class=\"elementor-element elementor-element-b135fbf e-con-full e-flex e-con e-child\" data-id=\"b135fbf\" data-element_type=\"container\">\n\t\t\t\t<div class=\"elementor-element elementor-element-7cd6109 elementor-widget elementor-widget-image\" data-id=\"7cd6109\" data-element_type=\"widget\" data-widget_type=\"image.default\">\n\t\t\t\t<div class=\"elementor-widget-container\">\n\t\t\t\t\t\t\t\t\t\t\t\t\t\t\t<img loading=\"lazy\" decoding=\"async\" width=\"1024\" height=\"683\" src=\"https:\/\/www.sedesoruro.gob.bo\/wp-content\/uploads\/2024\/10\/WhatsApp-Image-2024-09-29-at-9.36.40-PM-1-1024x683.jpeg\" class=\"attachment-large size-large wp-image-3216\" alt=\"\" srcset=\"https:\/\/www.sedesoruro.gob.bo\/wp-content\/uploads\/2024\/10\/WhatsApp-Image-2024-09-29-at-9.36.40-PM-1-1024x683.jpeg 1024w, https:\/\/www.sedesoruro.gob.bo\/wp-content\/uploads\/2024\/10\/WhatsApp-Image-2024-09-29-at-9.36.40-PM-1-300x200.jpeg 300w, https:\/\/www.sedesoruro.gob.bo\/wp-content\/uploads\/2024\/10\/WhatsApp-Image-2024-09-29-at-9.36.40-PM-1-768x512.jpeg 768w, https:\/\/www.sedesoruro.gob.bo\/wp-content\/uploads\/2024\/10\/WhatsApp-Image-2024-09-29-at-9.36.40-PM-1.jpeg 1080w\" sizes=\"(max-width: 1024px) 100vw, 1024px\" \/>\t\t\t\t\t\t\t\t\t\t\t\t\t\t\t<\/div>\n\t\t\t\t<\/div>\n\t\t\t\t<\/div>\n\t\t<div class=\"elementor-element elementor-element-9e19106 e-con-full e-flex e-con e-child\" data-id=\"9e19106\" data-element_type=\"container\">\n\t\t\t\t<div class=\"elementor-element elementor-element-a8677db elementor-widget elementor-widget-image\" data-id=\"a8677db\" data-element_type=\"widget\" data-widget_type=\"image.default\">\n\t\t\t\t<div class=\"elementor-widget-container\">\n\t\t\t\t\t\t\t\t\t\t\t\t\t\t\t<img loading=\"lazy\" decoding=\"async\" width=\"1024\" height=\"908\" src=\"https:\/\/www.sedesoruro.gob.bo\/wp-content\/uploads\/2024\/10\/WhatsApp-Image-2024-09-29-at-9.36.39-PM-3-1024x908.jpeg\" class=\"attachment-large size-large wp-image-3214\" alt=\"\" srcset=\"https:\/\/www.sedesoruro.gob.bo\/wp-content\/uploads\/2024\/10\/WhatsApp-Image-2024-09-29-at-9.36.39-PM-3-1024x908.jpeg 1024w, https:\/\/www.sedesoruro.gob.bo\/wp-content\/uploads\/2024\/10\/WhatsApp-Image-2024-09-29-at-9.36.39-PM-3-300x266.jpeg 300w, https:\/\/www.sedesoruro.gob.bo\/wp-content\/uploads\/2024\/10\/WhatsApp-Image-2024-09-29-at-9.36.39-PM-3-768x681.jpeg 768w, https:\/\/www.sedesoruro.gob.bo\/wp-content\/uploads\/2024\/10\/WhatsApp-Image-2024-09-29-at-9.36.39-PM-3.jpeg 1080w\" sizes=\"(max-width: 1024px) 100vw, 1024px\" \/>\t\t\t\t\t\t\t\t\t\t\t\t\t\t\t<\/div>\n\t\t\t\t<\/div>\n\t\t\t\t<\/div>\n\t\t\t\t\t<\/div>\n\t\t\t\t<\/div>\n\t\t\t\t<\/div>\n\t\t","protected":false},"excerpt":{"rendered":"<p>SEDES ORURO ORGANIZ\u00d3 DIFERENTES ACTIVIDADES SOBRE TENENCIA RESPONSABLE DE MASCOTAS Conmemorando la fiesta de San Roque, patrono de todas las mascotas, el Servicio Departamental de Salud (SEDES) Oruro, a trav\u00e9s del programa de Enfermedades&#46;&#46;&#46;<\/p>\n","protected":false},"author":1,"featured_media":3209,"comment_status":"open","ping_status":"open","sticky":false,"template":"","format":"standard","meta":{"_cbd_carousel_blocks":"[]","footnotes":""},"categories":[17,49],"tags":[],"class_list":["post-3206","post","type-post","status-publish","format-standard","has-post-thumbnail","hentry","category-comunicacion","category-epidemiologia"],"yoast_head":"<!-- This site is optimized with the Yoast SEO plugin v23.1 - https:\/\/yoast.com\/wordpress\/plugins\/seo\/ -->\n<title>EN CONMEMORACI\u00d3N A SAN ROQUE<\/title>\n<meta name=\"description\" content=\"SEDES ORURO ORGANIZ\u00d3 DIFERENTES ACTIVIDADES SOBRE TENENCIA RESPONSABLE DE MASCOTAS Conmemorando la fiesta de San Roque, patrono de todas las mascotas, el\" \/>\n<meta name=\"robots\" content=\"index, follow, max-snippet:-1, max-image-preview:large, max-video-preview:-1\" \/>\n<link rel=\"canonical\" href=\"https:\/\/www.sedesoruro.gob.bo\/index.php\/2024\/10\/04\/en-conmemoracion-a-san-roque\/\" \/>\n<meta property=\"og:locale\" content=\"es_ES\" \/>\n<meta property=\"og:type\" content=\"article\" \/>\n<meta property=\"og:title\" content=\"EN CONMEMORACI\u00d3N A SAN ROQUE\" \/>\n<meta property=\"og:description\" content=\"SEDES ORURO ORGANIZ\u00d3 DIFERENTES ACTIVIDADES SOBRE TENENCIA RESPONSABLE DE MASCOTAS Conmemorando la fiesta de San Roque, patrono de todas las mascotas, el\" \/>\n<meta property=\"og:url\" content=\"https:\/\/www.sedesoruro.gob.bo\/index.php\/2024\/10\/04\/en-conmemoracion-a-san-roque\/\" \/>\n<meta property=\"og:site_name\" content=\"SERVICIO DEPARTAMENTAL DE SALUD - ORURO\" \/>\n<meta property=\"article:publisher\" content=\"https:\/\/www.facebook.com\/SEDESOR\" \/>\n<meta property=\"article:published_time\" content=\"2024-10-04T19:06:08+00:00\" \/>\n<meta property=\"article:modified_time\" content=\"2024-10-04T19:23:06+00:00\" \/>\n<meta property=\"og:image\" content=\"https:\/\/www.sedesoruro.gob.bo\/wp-content\/uploads\/2024\/10\/WhatsApp-Image-2024-09-29-at-9.36.39-PM.jpeg\" \/>\n\t<meta property=\"og:image:width\" content=\"1080\" \/>\n\t<meta property=\"og:image:height\" content=\"865\" \/>\n\t<meta property=\"og:image:type\" content=\"image\/jpeg\" \/>\n<meta name=\"author\" content=\"userdesse\" \/>\n<meta name=\"twitter:card\" content=\"summary_large_image\" \/>\n<meta name=\"twitter:label1\" content=\"Escrito por\" \/>\n\t<meta name=\"twitter:data1\" content=\"userdesse\" \/>\n\t<meta name=\"twitter:label2\" content=\"Tiempo de lectura\" \/>\n\t<meta name=\"twitter:data2\" content=\"3 minutos\" \/>\n<script type=\"application\/ld+json\" class=\"yoast-schema-graph\">{\"@context\":\"https:\/\/schema.org\",\"@graph\":[{\"@type\":\"Article\",\"@id\":\"https:\/\/www.sedesoruro.gob.bo\/index.php\/2024\/10\/04\/en-conmemoracion-a-san-roque\/#article\",\"isPartOf\":{\"@id\":\"https:\/\/www.sedesoruro.gob.bo\/index.php\/2024\/10\/04\/en-conmemoracion-a-san-roque\/\"},\"author\":{\"name\":\"userdesse\",\"@id\":\"https:\/\/www.sedesoruro.gob.bo\/#\/schema\/person\/269b8053e5fc16d4191978ba1f4ccfb0\"},\"headline\":\"EN CONMEMORACI\u00d3N A SAN ROQUE\",\"datePublished\":\"2024-10-04T19:06:08+00:00\",\"dateModified\":\"2024-10-04T19:23:06+00:00\",\"mainEntityOfPage\":{\"@id\":\"https:\/\/www.sedesoruro.gob.bo\/index.php\/2024\/10\/04\/en-conmemoracion-a-san-roque\/\"},\"wordCount\":307,\"commentCount\":0,\"publisher\":{\"@id\":\"https:\/\/www.sedesoruro.gob.bo\/#organization\"},\"image\":{\"@id\":\"https:\/\/www.sedesoruro.gob.bo\/index.php\/2024\/10\/04\/en-conmemoracion-a-san-roque\/#primaryimage\"},\"thumbnailUrl\":\"https:\/\/www.sedesoruro.gob.bo\/wp-content\/uploads\/2024\/10\/WhatsApp-Image-2024-09-29-at-9.36.39-PM.jpeg\",\"articleSection\":[\"COMUNICAC\u00cdON\",\"EPIDEMIOLOGIA\"],\"inLanguage\":\"es\",\"potentialAction\":[{\"@type\":\"CommentAction\",\"name\":\"Comment\",\"target\":[\"https:\/\/www.sedesoruro.gob.bo\/index.php\/2024\/10\/04\/en-conmemoracion-a-san-roque\/#respond\"]}]},{\"@type\":\"WebPage\",\"@id\":\"https:\/\/www.sedesoruro.gob.bo\/index.php\/2024\/10\/04\/en-conmemoracion-a-san-roque\/\",\"url\":\"https:\/\/www.sedesoruro.gob.bo\/index.php\/2024\/10\/04\/en-conmemoracion-a-san-roque\/\",\"name\":\"EN CONMEMORACI\u00d3N A SAN ROQUE\",\"isPartOf\":{\"@id\":\"https:\/\/www.sedesoruro.gob.bo\/#website\"},\"primaryImageOfPage\":{\"@id\":\"https:\/\/www.sedesoruro.gob.bo\/index.php\/2024\/10\/04\/en-conmemoracion-a-san-roque\/#primaryimage\"},\"image\":{\"@id\":\"https:\/\/www.sedesoruro.gob.bo\/index.php\/2024\/10\/04\/en-conmemoracion-a-san-roque\/#primaryimage\"},\"thumbnailUrl\":\"https:\/\/www.sedesoruro.gob.bo\/wp-content\/uploads\/2024\/10\/WhatsApp-Image-2024-09-29-at-9.36.39-PM.jpeg\",\"datePublished\":\"2024-10-04T19:06:08+00:00\",\"dateModified\":\"2024-10-04T19:23:06+00:00\",\"description\":\"SEDES ORURO ORGANIZ\u00d3 DIFERENTES ACTIVIDADES SOBRE TENENCIA RESPONSABLE DE MASCOTAS Conmemorando la fiesta de San Roque, patrono de todas las mascotas, el\",\"breadcrumb\":{\"@id\":\"https:\/\/www.sedesoruro.gob.bo\/index.php\/2024\/10\/04\/en-conmemoracion-a-san-roque\/#breadcrumb\"},\"inLanguage\":\"es\",\"potentialAction\":[{\"@type\":\"ReadAction\",\"target\":[\"https:\/\/www.sedesoruro.gob.bo\/index.php\/2024\/10\/04\/en-conmemoracion-a-san-roque\/\"]}]},{\"@type\":\"ImageObject\",\"inLanguage\":\"es\",\"@id\":\"https:\/\/www.sedesoruro.gob.bo\/index.php\/2024\/10\/04\/en-conmemoracion-a-san-roque\/#primaryimage\",\"url\":\"https:\/\/www.sedesoruro.gob.bo\/wp-content\/uploads\/2024\/10\/WhatsApp-Image-2024-09-29-at-9.36.39-PM.jpeg\",\"contentUrl\":\"https:\/\/www.sedesoruro.gob.bo\/wp-content\/uploads\/2024\/10\/WhatsApp-Image-2024-09-29-at-9.36.39-PM.jpeg\",\"width\":1080,\"height\":865},{\"@type\":\"BreadcrumbList\",\"@id\":\"https:\/\/www.sedesoruro.gob.bo\/index.php\/2024\/10\/04\/en-conmemoracion-a-san-roque\/#breadcrumb\",\"itemListElement\":[{\"@type\":\"ListItem\",\"position\":1,\"name\":\"Portada\",\"item\":\"https:\/\/www.sedesoruro.gob.bo\/\"},{\"@type\":\"ListItem\",\"position\":2,\"name\":\"EN CONMEMORACI\u00d3N A SAN ROQUE\"}]},{\"@type\":\"WebSite\",\"@id\":\"https:\/\/www.sedesoruro.gob.bo\/#website\",\"url\":\"https:\/\/www.sedesoruro.gob.bo\/\",\"name\":\"sedesoruro.gob.bo\",\"description\":\"SERVICIO DEPARTAMENTAL DE SALUD - ORURO\",\"publisher\":{\"@id\":\"https:\/\/www.sedesoruro.gob.bo\/#organization\"},\"alternateName\":\"Servicio Departamental de Salud - Oruro\",\"potentialAction\":[{\"@type\":\"SearchAction\",\"target\":{\"@type\":\"EntryPoint\",\"urlTemplate\":\"https:\/\/www.sedesoruro.gob.bo\/?s={search_term_string}\"},\"query-input\":\"required name=search_term_string\"}],\"inLanguage\":\"es\"},{\"@type\":\"Organization\",\"@id\":\"https:\/\/www.sedesoruro.gob.bo\/#organization\",\"name\":\"Servicio Departamental de Salud - Oruro\",\"alternateName\":\"SEDES ORURO\",\"url\":\"https:\/\/www.sedesoruro.gob.bo\/\",\"logo\":{\"@type\":\"ImageObject\",\"inLanguage\":\"es\",\"@id\":\"https:\/\/www.sedesoruro.gob.bo\/#\/schema\/logo\/image\/\",\"url\":\"https:\/\/www.sedesoruro.gob.bo\/wp-content\/uploads\/2024\/08\/LOGO-SEDES.jpg\",\"contentUrl\":\"https:\/\/www.sedesoruro.gob.bo\/wp-content\/uploads\/2024\/08\/LOGO-SEDES.jpg\",\"width\":226,\"height\":223,\"caption\":\"Servicio Departamental de Salud - Oruro\"},\"image\":{\"@id\":\"https:\/\/www.sedesoruro.gob.bo\/#\/schema\/logo\/image\/\"},\"sameAs\":[\"https:\/\/www.facebook.com\/SEDESOR\"]},{\"@type\":\"Person\",\"@id\":\"https:\/\/www.sedesoruro.gob.bo\/#\/schema\/person\/269b8053e5fc16d4191978ba1f4ccfb0\",\"name\":\"userdesse\",\"image\":{\"@type\":\"ImageObject\",\"inLanguage\":\"es\",\"@id\":\"https:\/\/www.sedesoruro.gob.bo\/#\/schema\/person\/image\/\",\"url\":\"https:\/\/secure.gravatar.com\/avatar\/d620fe5460db87edd265e5743d4b6428870636320ba06173d03a4368a03d84aa?s=96&d=mm&r=g\",\"contentUrl\":\"https:\/\/secure.gravatar.com\/avatar\/d620fe5460db87edd265e5743d4b6428870636320ba06173d03a4368a03d84aa?s=96&d=mm&r=g\",\"caption\":\"userdesse\"},\"sameAs\":[\"http:\/\/www.sedesoruro.gob.bo\"]}]}<\/script>\n<!-- \/ Yoast SEO plugin. -->","yoast_head_json":{"title":"EN CONMEMORACI\u00d3N A SAN ROQUE","description":"SEDES ORURO ORGANIZ\u00d3 DIFERENTES ACTIVIDADES SOBRE TENENCIA RESPONSABLE DE MASCOTAS Conmemorando la fiesta de San Roque, patrono de todas las mascotas, el","robots":{"index":"index","follow":"follow","max-snippet":"max-snippet:-1","max-image-preview":"max-image-preview:large","max-video-preview":"max-video-preview:-1"},"canonical":"https:\/\/www.sedesoruro.gob.bo\/index.php\/2024\/10\/04\/en-conmemoracion-a-san-roque\/","og_locale":"es_ES","og_type":"article","og_title":"EN CONMEMORACI\u00d3N A SAN ROQUE","og_description":"SEDES ORURO ORGANIZ\u00d3 DIFERENTES ACTIVIDADES SOBRE TENENCIA RESPONSABLE DE MASCOTAS Conmemorando la fiesta de San Roque, patrono de todas las mascotas, el","og_url":"https:\/\/www.sedesoruro.gob.bo\/index.php\/2024\/10\/04\/en-conmemoracion-a-san-roque\/","og_site_name":"SERVICIO DEPARTAMENTAL DE SALUD - ORURO","article_publisher":"https:\/\/www.facebook.com\/SEDESOR","article_published_time":"2024-10-04T19:06:08+00:00","article_modified_time":"2024-10-04T19:23:06+00:00","og_image":[{"width":1080,"height":865,"url":"https:\/\/www.sedesoruro.gob.bo\/wp-content\/uploads\/2024\/10\/WhatsApp-Image-2024-09-29-at-9.36.39-PM.jpeg","type":"image\/jpeg"}],"author":"userdesse","twitter_card":"summary_large_image","twitter_misc":{"Escrito por":"userdesse","Tiempo de lectura":"3 minutos"},"schema":{"@context":"https:\/\/schema.org","@graph":[{"@type":"Article","@id":"https:\/\/www.sedesoruro.gob.bo\/index.php\/2024\/10\/04\/en-conmemoracion-a-san-roque\/#article","isPartOf":{"@id":"https:\/\/www.sedesoruro.gob.bo\/index.php\/2024\/10\/04\/en-conmemoracion-a-san-roque\/"},"author":{"name":"userdesse","@id":"https:\/\/www.sedesoruro.gob.bo\/#\/schema\/person\/269b8053e5fc16d4191978ba1f4ccfb0"},"headline":"EN CONMEMORACI\u00d3N A SAN ROQUE","datePublished":"2024-10-04T19:06:08+00:00","dateModified":"2024-10-04T19:23:06+00:00","mainEntityOfPage":{"@id":"https:\/\/www.sedesoruro.gob.bo\/index.php\/2024\/10\/04\/en-conmemoracion-a-san-roque\/"},"wordCount":307,"commentCount":0,"publisher":{"@id":"https:\/\/www.sedesoruro.gob.bo\/#organization"},"image":{"@id":"https:\/\/www.sedesoruro.gob.bo\/index.php\/2024\/10\/04\/en-conmemoracion-a-san-roque\/#primaryimage"},"thumbnailUrl":"https:\/\/www.sedesoruro.gob.bo\/wp-content\/uploads\/2024\/10\/WhatsApp-Image-2024-09-29-at-9.36.39-PM.jpeg","articleSection":["COMUNICAC\u00cdON","EPIDEMIOLOGIA"],"inLanguage":"es","potentialAction":[{"@type":"CommentAction","name":"Comment","target":["https:\/\/www.sedesoruro.gob.bo\/index.php\/2024\/10\/04\/en-conmemoracion-a-san-roque\/#respond"]}]},{"@type":"WebPage","@id":"https:\/\/www.sedesoruro.gob.bo\/index.php\/2024\/10\/04\/en-conmemoracion-a-san-roque\/","url":"https:\/\/www.sedesoruro.gob.bo\/index.php\/2024\/10\/04\/en-conmemoracion-a-san-roque\/","name":"EN CONMEMORACI\u00d3N A SAN ROQUE","isPartOf":{"@id":"https:\/\/www.sedesoruro.gob.bo\/#website"},"primaryImageOfPage":{"@id":"https:\/\/www.sedesoruro.gob.bo\/index.php\/2024\/10\/04\/en-conmemoracion-a-san-roque\/#primaryimage"},"image":{"@id":"https:\/\/www.sedesoruro.gob.bo\/index.php\/2024\/10\/04\/en-conmemoracion-a-san-roque\/#primaryimage"},"thumbnailUrl":"https:\/\/www.sedesoruro.gob.bo\/wp-content\/uploads\/2024\/10\/WhatsApp-Image-2024-09-29-at-9.36.39-PM.jpeg","datePublished":"2024-10-04T19:06:08+00:00","dateModified":"2024-10-04T19:23:06+00:00","description":"SEDES ORURO ORGANIZ\u00d3 DIFERENTES ACTIVIDADES SOBRE TENENCIA RESPONSABLE DE MASCOTAS Conmemorando la fiesta de San Roque, patrono de todas las mascotas, el","breadcrumb":{"@id":"https:\/\/www.sedesoruro.gob.bo\/index.php\/2024\/10\/04\/en-conmemoracion-a-san-roque\/#breadcrumb"},"inLanguage":"es","potentialAction":[{"@type":"ReadAction","target":["https:\/\/www.sedesoruro.gob.bo\/index.php\/2024\/10\/04\/en-conmemoracion-a-san-roque\/"]}]},{"@type":"ImageObject","inLanguage":"es","@id":"https:\/\/www.sedesoruro.gob.bo\/index.php\/2024\/10\/04\/en-conmemoracion-a-san-roque\/#primaryimage","url":"https:\/\/www.sedesoruro.gob.bo\/wp-content\/uploads\/2024\/10\/WhatsApp-Image-2024-09-29-at-9.36.39-PM.jpeg","contentUrl":"https:\/\/www.sedesoruro.gob.bo\/wp-content\/uploads\/2024\/10\/WhatsApp-Image-2024-09-29-at-9.36.39-PM.jpeg","width":1080,"height":865},{"@type":"BreadcrumbList","@id":"https:\/\/www.sedesoruro.gob.bo\/index.php\/2024\/10\/04\/en-conmemoracion-a-san-roque\/#breadcrumb","itemListElement":[{"@type":"ListItem","position":1,"name":"Portada","item":"https:\/\/www.sedesoruro.gob.bo\/"},{"@type":"ListItem","position":2,"name":"EN CONMEMORACI\u00d3N A SAN ROQUE"}]},{"@type":"WebSite","@id":"https:\/\/www.sedesoruro.gob.bo\/#website","url":"https:\/\/www.sedesoruro.gob.bo\/","name":"sedesoruro.gob.bo","description":"SERVICIO DEPARTAMENTAL DE SALUD - ORURO","publisher":{"@id":"https:\/\/www.sedesoruro.gob.bo\/#organization"},"alternateName":"Servicio Departamental de Salud - Oruro","potentialAction":[{"@type":"SearchAction","target":{"@type":"EntryPoint","urlTemplate":"https:\/\/www.sedesoruro.gob.bo\/?s={search_term_string}"},"query-input":"required name=search_term_string"}],"inLanguage":"es"},{"@type":"Organization","@id":"https:\/\/www.sedesoruro.gob.bo\/#organization","name":"Servicio Departamental de Salud - Oruro","alternateName":"SEDES ORURO","url":"https:\/\/www.sedesoruro.gob.bo\/","logo":{"@type":"ImageObject","inLanguage":"es","@id":"https:\/\/www.sedesoruro.gob.bo\/#\/schema\/logo\/image\/","url":"https:\/\/www.sedesoruro.gob.bo\/wp-content\/uploads\/2024\/08\/LOGO-SEDES.jpg","contentUrl":"https:\/\/www.sedesoruro.gob.bo\/wp-content\/uploads\/2024\/08\/LOGO-SEDES.jpg","width":226,"height":223,"caption":"Servicio Departamental de Salud - Oruro"},"image":{"@id":"https:\/\/www.sedesoruro.gob.bo\/#\/schema\/logo\/image\/"},"sameAs":["https:\/\/www.facebook.com\/SEDESOR"]},{"@type":"Person","@id":"https:\/\/www.sedesoruro.gob.bo\/#\/schema\/person\/269b8053e5fc16d4191978ba1f4ccfb0","name":"userdesse","image":{"@type":"ImageObject","inLanguage":"es","@id":"https:\/\/www.sedesoruro.gob.bo\/#\/schema\/person\/image\/","url":"https:\/\/secure.gravatar.com\/avatar\/d620fe5460db87edd265e5743d4b6428870636320ba06173d03a4368a03d84aa?s=96&d=mm&r=g","contentUrl":"https:\/\/secure.gravatar.com\/avatar\/d620fe5460db87edd265e5743d4b6428870636320ba06173d03a4368a03d84aa?s=96&d=mm&r=g","caption":"userdesse"},"sameAs":["http:\/\/www.sedesoruro.gob.bo"]}]}},"_links":{"self":[{"href":"https:\/\/www.sedesoruro.gob.bo\/index.php\/wp-json\/wp\/v2\/posts\/3206","targetHints":{"allow":["GET"]}}],"collection":[{"href":"https:\/\/www.sedesoruro.gob.bo\/index.php\/wp-json\/wp\/v2\/posts"}],"about":[{"href":"https:\/\/www.sedesoruro.gob.bo\/index.php\/wp-json\/wp\/v2\/types\/post"}],"author":[{"embeddable":true,"href":"https:\/\/www.sedesoruro.gob.bo\/index.php\/wp-json\/wp\/v2\/users\/1"}],"replies":[{"embeddable":true,"href":"https:\/\/www.sedesoruro.gob.bo\/index.php\/wp-json\/wp\/v2\/comments?post=3206"}],"version-history":[{"count":9,"href":"https:\/\/www.sedesoruro.gob.bo\/index.php\/wp-json\/wp\/v2\/posts\/3206\/revisions"}],"predecessor-version":[{"id":3228,"href":"https:\/\/www.sedesoruro.gob.bo\/index.php\/wp-json\/wp\/v2\/posts\/3206\/revisions\/3228"}],"wp:featuredmedia":[{"embeddable":true,"href":"https:\/\/www.sedesoruro.gob.bo\/index.php\/wp-json\/wp\/v2\/media\/3209"}],"wp:attachment":[{"href":"https:\/\/www.sedesoruro.gob.bo\/index.php\/wp-json\/wp\/v2\/media?parent=3206"}],"wp:term":[{"taxonomy":"category","embeddable":true,"href":"https:\/\/www.sedesoruro.gob.bo\/index.php\/wp-json\/wp\/v2\/categories?post=3206"},{"taxonomy":"post_tag","embeddable":true,"href":"https:\/\/www.sedesoruro.gob.bo\/index.php\/wp-json\/wp\/v2\/tags?post=3206"}],"curies":[{"name":"wp","href":"https:\/\/api.w.org\/{rel}","templated":true}]}}