{"id":3229,"date":"2024-10-07T13:50:58","date_gmt":"2024-10-07T17:50:58","guid":{"rendered":"https:\/\/www.sedesoruro.gob.bo\/?p=3229"},"modified":"2024-10-07T13:58:19","modified_gmt":"2024-10-07T17:58:19","slug":"personal-medico-de-oruro-en-alerta-maxima-por-viruela-simica-mpox","status":"publish","type":"post","link":"https:\/\/www.sedesoruro.gob.bo\/index.php\/2024\/10\/07\/personal-medico-de-oruro-en-alerta-maxima-por-viruela-simica-mpox\/","title":{"rendered":"PERSONAL M\u00c9DICO DE ORURO EN ALERTA M\u00c1XIMA POR VIRUELA SIMICA (MPOX)"},"content":{"rendered":"\t\t<div data-elementor-type=\"wp-post\" data-elementor-id=\"3229\" class=\"elementor elementor-3229\">\n\t\t\t\t<div class=\"elementor-element elementor-element-6afb6cd e-flex e-con-boxed e-con e-parent\" data-id=\"6afb6cd\" data-element_type=\"container\">\n\t\t\t\t\t<div class=\"e-con-inner\">\n\t\t<div class=\"elementor-element elementor-element-21d4d43 e-con-full e-flex e-con e-child\" data-id=\"21d4d43\" data-element_type=\"container\">\n\t\t\t\t<div class=\"elementor-element elementor-element-4b25cd7 elementor-widget elementor-widget-text-editor\" data-id=\"4b25cd7\" data-element_type=\"widget\" data-widget_type=\"text-editor.default\">\n\t\t\t\t<div class=\"elementor-widget-container\">\n\t\t\t\t\t\t\t\t\t<p>En el marco de la alerta sanitaria por la propagaci\u00f3n de la viruela s\u00edmica (mpox), el Servicio Departamental de Salud (SEDES) Oruro, viene organizando talleres y reuniones con personal de salud de los distintos centros de salud del departamento para que, ante la aparici\u00f3n de esta enfermedad en el medio, se tenga una acci\u00f3n de respuesta inmediata con el fin de proteger la salud de la poblaci\u00f3n.<\/p><p>El director t\u00e9cnico del SEDES Oruro, Dr. Juan Carlos Challapa, inform\u00f3 que se cumpli\u00f3 con un importante taller de socializaci\u00f3n para el personal m\u00e9dico operativo de diferentes centros del sistema p\u00fablico de salud, esto en raz\u00f3n de la alerta sanitaria por la viruela s\u00edmica que se ha dado en el mundo.<\/p><p><em>\u201c<strong>Todos sabemos que la Rep\u00fablica del Congo ha sido afectada dado que se ha identificado verdaderos brotes de esta patolog\u00eda que lastimosamente est\u00e1 generando preocupaci\u00f3n internacional, ha sido considerada como enfermedad de salud p\u00fablica de preocupaci\u00f3n internacional y fruto de ello es que dentro de nuestras atribuciones y obligaciones debemos garantizar que nuestro recurso operativo pueda identificar oportunamente cualquier caso sospechoso<\/strong>\u201d,<\/em> afirm\u00f3 la m\u00e1xima autoridad del SEDES.<\/p>\t\t\t\t\t\t\t\t<\/div>\n\t\t\t\t<\/div>\n\t\t\t\t<\/div>\n\t\t<div class=\"elementor-element elementor-element-9d7e732 e-con-full e-flex e-con e-child\" data-id=\"9d7e732\" data-element_type=\"container\">\n\t\t\t\t<div class=\"elementor-element elementor-element-b1e03b6 elementor-widget elementor-widget-image\" data-id=\"b1e03b6\" data-element_type=\"widget\" data-widget_type=\"image.default\">\n\t\t\t\t<div class=\"elementor-widget-container\">\n\t\t\t\t\t\t\t\t\t\t\t\t\t\t\t<img fetchpriority=\"high\" decoding=\"async\" width=\"1024\" height=\"683\" src=\"https:\/\/www.sedesoruro.gob.bo\/wp-content\/uploads\/2024\/10\/WhatsApp-Image-2024-09-29-at-9.43.54-PM-1-1024x683.jpeg\" class=\"attachment-large size-large wp-image-3231\" alt=\"\" srcset=\"https:\/\/www.sedesoruro.gob.bo\/wp-content\/uploads\/2024\/10\/WhatsApp-Image-2024-09-29-at-9.43.54-PM-1-1024x683.jpeg 1024w, https:\/\/www.sedesoruro.gob.bo\/wp-content\/uploads\/2024\/10\/WhatsApp-Image-2024-09-29-at-9.43.54-PM-1-300x200.jpeg 300w\" sizes=\"(max-width: 1024px) 100vw, 1024px\" \/>\t\t\t\t\t\t\t\t\t\t\t\t\t\t\t<\/div>\n\t\t\t\t<\/div>\n\t\t\t\t<\/div>\n\t\t\t\t\t<\/div>\n\t\t\t\t<\/div>\n\t\t<div class=\"elementor-element elementor-element-6590b98 e-flex e-con-boxed e-con e-parent\" data-id=\"6590b98\" data-element_type=\"container\">\n\t\t\t\t\t<div class=\"e-con-inner\">\n\t\t<div class=\"elementor-element elementor-element-8f467dc e-con-full e-flex e-con e-child\" data-id=\"8f467dc\" data-element_type=\"container\">\n\t\t\t\t<div class=\"elementor-element elementor-element-d66f319 elementor-widget elementor-widget-image\" data-id=\"d66f319\" data-element_type=\"widget\" data-widget_type=\"image.default\">\n\t\t\t\t<div class=\"elementor-widget-container\">\n\t\t\t\t\t\t\t\t\t\t\t\t\t\t\t<img fetchpriority=\"high\" decoding=\"async\" width=\"1024\" height=\"683\" src=\"https:\/\/www.sedesoruro.gob.bo\/wp-content\/uploads\/2024\/10\/WhatsApp-Image-2024-09-29-at-9.43.54-PM-1-1024x683.jpeg\" class=\"attachment-large size-large wp-image-3231\" alt=\"\" srcset=\"https:\/\/www.sedesoruro.gob.bo\/wp-content\/uploads\/2024\/10\/WhatsApp-Image-2024-09-29-at-9.43.54-PM-1-1024x683.jpeg 1024w, https:\/\/www.sedesoruro.gob.bo\/wp-content\/uploads\/2024\/10\/WhatsApp-Image-2024-09-29-at-9.43.54-PM-1-300x200.jpeg 300w\" sizes=\"(max-width: 1024px) 100vw, 1024px\" \/>\t\t\t\t\t\t\t\t\t\t\t\t\t\t\t<\/div>\n\t\t\t\t<\/div>\n\t\t\t\t<\/div>\n\t\t<div class=\"elementor-element elementor-element-8132d36 e-con-full e-flex e-con e-child\" data-id=\"8132d36\" data-element_type=\"container\">\n\t\t\t\t<div class=\"elementor-element elementor-element-117817a elementor-widget elementor-widget-text-editor\" data-id=\"117817a\" data-element_type=\"widget\" data-widget_type=\"text-editor.default\">\n\t\t\t\t<div class=\"elementor-widget-container\">\n\t\t\t\t\t\t\t\t\t<p>Challapa asever\u00f3 que, se tiene una cadena de laboratorio eficiente para realizar el traslado de las muestras si el caso as\u00ed lo amerita.<\/p><p>\u00a0<\/p><p>El titular mencion\u00f3 que este tema ya fue abordado desde la pasada gesti\u00f3n, pero siempre es necesario recordar al recurso operativo que el trabajo debe ser de forma conjunta y con mano de obra calificada, <em>\u201cAlgo que es de obligatoriedad es que todos los jefes m\u00e9dicos y m\u00e9dicos de planta, tienen la obligaci\u00f3n de reciclar esta informaci\u00f3n abundante al resto del recurso humano, estamos hablando de licenciadas en enfermer\u00eda, odont\u00f3logos, personal param\u00e9dico y de bata gris, es una instrucci\u00f3n tambi\u00e9n emanada por parte del se\u00f1or gobernador para entrar en una alerta epidemiol\u00f3gica activa y poder enmarcarnos en normas vigentes, siempre con el sano af\u00e1n de precautelar la salud de nuestro departamento\u201d,<\/em> explic\u00f3.<\/p>\t\t\t\t\t\t\t\t<\/div>\n\t\t\t\t<\/div>\n\t\t\t\t<\/div>\n\t\t\t\t\t<\/div>\n\t\t\t\t<\/div>\n\t\t<div class=\"elementor-element elementor-element-7f2fa65 e-flex e-con-boxed e-con e-parent\" data-id=\"7f2fa65\" data-element_type=\"container\">\n\t\t\t\t\t<div class=\"e-con-inner\">\n\t\t<div class=\"elementor-element elementor-element-81975d7 e-con-full e-flex e-con e-child\" data-id=\"81975d7\" data-element_type=\"container\">\n\t\t\t\t<div class=\"elementor-element elementor-element-c02a4d2 elementor-widget elementor-widget-image\" data-id=\"c02a4d2\" data-element_type=\"widget\" data-widget_type=\"image.default\">\n\t\t\t\t<div class=\"elementor-widget-container\">\n\t\t\t\t\t\t\t\t\t\t\t\t\t\t\t<img decoding=\"async\" width=\"1024\" height=\"683\" src=\"https:\/\/www.sedesoruro.gob.bo\/wp-content\/uploads\/2024\/10\/WhatsApp-Image-2024-09-29-at-9.43.54-PM-1024x683.jpeg\" class=\"attachment-large size-large wp-image-3234\" alt=\"\" srcset=\"https:\/\/www.sedesoruro.gob.bo\/wp-content\/uploads\/2024\/10\/WhatsApp-Image-2024-09-29-at-9.43.54-PM-1024x683.jpeg 1024w, https:\/\/www.sedesoruro.gob.bo\/wp-content\/uploads\/2024\/10\/WhatsApp-Image-2024-09-29-at-9.43.54-PM-300x200.jpeg 300w\" sizes=\"(max-width: 1024px) 100vw, 1024px\" \/>\t\t\t\t\t\t\t\t\t\t\t\t\t\t\t<\/div>\n\t\t\t\t<\/div>\n\t\t\t\t<\/div>\n\t\t<div class=\"elementor-element elementor-element-70f0211 e-con-full e-flex e-con e-child\" data-id=\"70f0211\" data-element_type=\"container\">\n\t\t\t\t<div class=\"elementor-element elementor-element-fa5246c elementor-widget elementor-widget-image\" data-id=\"fa5246c\" data-element_type=\"widget\" data-widget_type=\"image.default\">\n\t\t\t\t<div class=\"elementor-widget-container\">\n\t\t\t\t\t\t\t\t\t\t\t\t\t\t\t<img decoding=\"async\" width=\"1024\" height=\"729\" src=\"https:\/\/www.sedesoruro.gob.bo\/wp-content\/uploads\/2024\/10\/WhatsApp-Image-2024-09-29-at-9.43.54-PM-3-1024x729.jpeg\" class=\"attachment-large size-large wp-image-3233\" alt=\"\" srcset=\"https:\/\/www.sedesoruro.gob.bo\/wp-content\/uploads\/2024\/10\/WhatsApp-Image-2024-09-29-at-9.43.54-PM-3-1024x729.jpeg 1024w, https:\/\/www.sedesoruro.gob.bo\/wp-content\/uploads\/2024\/10\/WhatsApp-Image-2024-09-29-at-9.43.54-PM-3-300x214.jpeg 300w\" sizes=\"(max-width: 1024px) 100vw, 1024px\" \/>\t\t\t\t\t\t\t\t\t\t\t\t\t\t\t<\/div>\n\t\t\t\t<\/div>\n\t\t\t\t<\/div>\n\t\t\t\t\t<\/div>\n\t\t\t\t<\/div>\n\t\t\t\t<\/div>\n\t\t","protected":false},"excerpt":{"rendered":"<p>En el marco de la alerta sanitaria por la propagaci\u00f3n de la viruela s\u00edmica (mpox), el Servicio Departamental de Salud (SEDES) Oruro, viene organizando talleres y reuniones con personal de salud de los distintos&#46;&#46;&#46;<\/p>\n","protected":false},"author":1,"featured_media":3230,"comment_status":"closed","ping_status":"open","sticky":false,"template":"","format":"standard","meta":{"_cbd_carousel_blocks":"[]","footnotes":""},"categories":[17,49],"tags":[],"class_list":["post-3229","post","type-post","status-publish","format-standard","has-post-thumbnail","hentry","category-comunicacion","category-epidemiologia"],"yoast_head":"<!-- This site is optimized with the Yoast SEO plugin v23.1 - https:\/\/yoast.com\/wordpress\/plugins\/seo\/ -->\n<title>PERSONAL M\u00c9DICO DE ORURO EN ALERTA M\u00c1XIMA POR VIRUELA SIMICA (MPOX)<\/title>\n<meta name=\"description\" content=\"En el marco de la alerta sanitaria por la propagaci\u00f3n de la viruela s\u00edmica (mpox), el Servicio Departamental de Salud (SEDES) Oruro, viene organizando\" \/>\n<meta name=\"robots\" content=\"index, follow, max-snippet:-1, max-image-preview:large, max-video-preview:-1\" \/>\n<link rel=\"canonical\" href=\"https:\/\/www.sedesoruro.gob.bo\/index.php\/2024\/10\/07\/personal-medico-de-oruro-en-alerta-maxima-por-viruela-simica-mpox\/\" \/>\n<meta property=\"og:locale\" content=\"es_ES\" \/>\n<meta property=\"og:type\" content=\"article\" \/>\n<meta property=\"og:title\" content=\"PERSONAL M\u00c9DICO DE ORURO EN ALERTA M\u00c1XIMA POR VIRUELA SIMICA (MPOX)\" \/>\n<meta property=\"og:description\" content=\"En el marco de la alerta sanitaria por la propagaci\u00f3n de la viruela s\u00edmica (mpox), el Servicio Departamental de Salud (SEDES) Oruro, viene organizando\" \/>\n<meta property=\"og:url\" content=\"https:\/\/www.sedesoruro.gob.bo\/index.php\/2024\/10\/07\/personal-medico-de-oruro-en-alerta-maxima-por-viruela-simica-mpox\/\" \/>\n<meta property=\"og:site_name\" content=\"SERVICIO DEPARTAMENTAL DE SALUD - ORURO\" \/>\n<meta property=\"article:publisher\" content=\"https:\/\/www.facebook.com\/SEDESOR\" \/>\n<meta property=\"article:published_time\" content=\"2024-10-07T17:50:58+00:00\" \/>\n<meta property=\"article:modified_time\" content=\"2024-10-07T17:58:19+00:00\" \/>\n<meta property=\"og:image\" content=\"https:\/\/www.sedesoruro.gob.bo\/wp-content\/uploads\/2024\/10\/WhatsApp-Image-2024-09-29-at-9.43.53-PM.jpeg\" \/>\n\t<meta property=\"og:image:width\" content=\"1080\" \/>\n\t<meta property=\"og:image:height\" content=\"779\" \/>\n\t<meta property=\"og:image:type\" content=\"image\/jpeg\" \/>\n<meta name=\"author\" content=\"userdesse\" \/>\n<meta name=\"twitter:card\" content=\"summary_large_image\" \/>\n<meta name=\"twitter:label1\" content=\"Escrito por\" \/>\n\t<meta name=\"twitter:data1\" content=\"userdesse\" \/>\n\t<meta name=\"twitter:label2\" content=\"Tiempo de lectura\" \/>\n\t<meta name=\"twitter:data2\" content=\"3 minutos\" \/>\n<script type=\"application\/ld+json\" class=\"yoast-schema-graph\">{\"@context\":\"https:\/\/schema.org\",\"@graph\":[{\"@type\":\"Article\",\"@id\":\"https:\/\/www.sedesoruro.gob.bo\/index.php\/2024\/10\/07\/personal-medico-de-oruro-en-alerta-maxima-por-viruela-simica-mpox\/#article\",\"isPartOf\":{\"@id\":\"https:\/\/www.sedesoruro.gob.bo\/index.php\/2024\/10\/07\/personal-medico-de-oruro-en-alerta-maxima-por-viruela-simica-mpox\/\"},\"author\":{\"name\":\"userdesse\",\"@id\":\"https:\/\/www.sedesoruro.gob.bo\/#\/schema\/person\/269b8053e5fc16d4191978ba1f4ccfb0\"},\"headline\":\"PERSONAL M\u00c9DICO DE ORURO EN ALERTA M\u00c1XIMA POR VIRUELA SIMICA (MPOX)\",\"datePublished\":\"2024-10-07T17:50:58+00:00\",\"dateModified\":\"2024-10-07T17:58:19+00:00\",\"mainEntityOfPage\":{\"@id\":\"https:\/\/www.sedesoruro.gob.bo\/index.php\/2024\/10\/07\/personal-medico-de-oruro-en-alerta-maxima-por-viruela-simica-mpox\/\"},\"wordCount\":363,\"publisher\":{\"@id\":\"https:\/\/www.sedesoruro.gob.bo\/#organization\"},\"image\":{\"@id\":\"https:\/\/www.sedesoruro.gob.bo\/index.php\/2024\/10\/07\/personal-medico-de-oruro-en-alerta-maxima-por-viruela-simica-mpox\/#primaryimage\"},\"thumbnailUrl\":\"https:\/\/www.sedesoruro.gob.bo\/wp-content\/uploads\/2024\/10\/WhatsApp-Image-2024-09-29-at-9.43.53-PM.jpeg\",\"articleSection\":[\"COMUNICAC\u00cdON\",\"EPIDEMIOLOGIA\"],\"inLanguage\":\"es\"},{\"@type\":\"WebPage\",\"@id\":\"https:\/\/www.sedesoruro.gob.bo\/index.php\/2024\/10\/07\/personal-medico-de-oruro-en-alerta-maxima-por-viruela-simica-mpox\/\",\"url\":\"https:\/\/www.sedesoruro.gob.bo\/index.php\/2024\/10\/07\/personal-medico-de-oruro-en-alerta-maxima-por-viruela-simica-mpox\/\",\"name\":\"PERSONAL M\u00c9DICO DE ORURO EN ALERTA M\u00c1XIMA POR VIRUELA SIMICA (MPOX)\",\"isPartOf\":{\"@id\":\"https:\/\/www.sedesoruro.gob.bo\/#website\"},\"primaryImageOfPage\":{\"@id\":\"https:\/\/www.sedesoruro.gob.bo\/index.php\/2024\/10\/07\/personal-medico-de-oruro-en-alerta-maxima-por-viruela-simica-mpox\/#primaryimage\"},\"image\":{\"@id\":\"https:\/\/www.sedesoruro.gob.bo\/index.php\/2024\/10\/07\/personal-medico-de-oruro-en-alerta-maxima-por-viruela-simica-mpox\/#primaryimage\"},\"thumbnailUrl\":\"https:\/\/www.sedesoruro.gob.bo\/wp-content\/uploads\/2024\/10\/WhatsApp-Image-2024-09-29-at-9.43.53-PM.jpeg\",\"datePublished\":\"2024-10-07T17:50:58+00:00\",\"dateModified\":\"2024-10-07T17:58:19+00:00\",\"description\":\"En el marco de la alerta sanitaria por la propagaci\u00f3n de la viruela s\u00edmica (mpox), el Servicio Departamental de Salud (SEDES) Oruro, viene organizando\",\"breadcrumb\":{\"@id\":\"https:\/\/www.sedesoruro.gob.bo\/index.php\/2024\/10\/07\/personal-medico-de-oruro-en-alerta-maxima-por-viruela-simica-mpox\/#breadcrumb\"},\"inLanguage\":\"es\",\"potentialAction\":[{\"@type\":\"ReadAction\",\"target\":[\"https:\/\/www.sedesoruro.gob.bo\/index.php\/2024\/10\/07\/personal-medico-de-oruro-en-alerta-maxima-por-viruela-simica-mpox\/\"]}]},{\"@type\":\"ImageObject\",\"inLanguage\":\"es\",\"@id\":\"https:\/\/www.sedesoruro.gob.bo\/index.php\/2024\/10\/07\/personal-medico-de-oruro-en-alerta-maxima-por-viruela-simica-mpox\/#primaryimage\",\"url\":\"https:\/\/www.sedesoruro.gob.bo\/wp-content\/uploads\/2024\/10\/WhatsApp-Image-2024-09-29-at-9.43.53-PM.jpeg\",\"contentUrl\":\"https:\/\/www.sedesoruro.gob.bo\/wp-content\/uploads\/2024\/10\/WhatsApp-Image-2024-09-29-at-9.43.53-PM.jpeg\",\"width\":1080,\"height\":779},{\"@type\":\"BreadcrumbList\",\"@id\":\"https:\/\/www.sedesoruro.gob.bo\/index.php\/2024\/10\/07\/personal-medico-de-oruro-en-alerta-maxima-por-viruela-simica-mpox\/#breadcrumb\",\"itemListElement\":[{\"@type\":\"ListItem\",\"position\":1,\"name\":\"Portada\",\"item\":\"https:\/\/www.sedesoruro.gob.bo\/\"},{\"@type\":\"ListItem\",\"position\":2,\"name\":\"PERSONAL M\u00c9DICO DE ORURO EN ALERTA M\u00c1XIMA POR VIRUELA SIMICA (MPOX)\"}]},{\"@type\":\"WebSite\",\"@id\":\"https:\/\/www.sedesoruro.gob.bo\/#website\",\"url\":\"https:\/\/www.sedesoruro.gob.bo\/\",\"name\":\"sedesoruro.gob.bo\",\"description\":\"SERVICIO DEPARTAMENTAL DE SALUD - ORURO\",\"publisher\":{\"@id\":\"https:\/\/www.sedesoruro.gob.bo\/#organization\"},\"alternateName\":\"Servicio Departamental de Salud - Oruro\",\"potentialAction\":[{\"@type\":\"SearchAction\",\"target\":{\"@type\":\"EntryPoint\",\"urlTemplate\":\"https:\/\/www.sedesoruro.gob.bo\/?s={search_term_string}\"},\"query-input\":\"required name=search_term_string\"}],\"inLanguage\":\"es\"},{\"@type\":\"Organization\",\"@id\":\"https:\/\/www.sedesoruro.gob.bo\/#organization\",\"name\":\"Servicio Departamental de Salud - Oruro\",\"alternateName\":\"SEDES ORURO\",\"url\":\"https:\/\/www.sedesoruro.gob.bo\/\",\"logo\":{\"@type\":\"ImageObject\",\"inLanguage\":\"es\",\"@id\":\"https:\/\/www.sedesoruro.gob.bo\/#\/schema\/logo\/image\/\",\"url\":\"https:\/\/www.sedesoruro.gob.bo\/wp-content\/uploads\/2024\/08\/LOGO-SEDES.jpg\",\"contentUrl\":\"https:\/\/www.sedesoruro.gob.bo\/wp-content\/uploads\/2024\/08\/LOGO-SEDES.jpg\",\"width\":226,\"height\":223,\"caption\":\"Servicio Departamental de Salud - Oruro\"},\"image\":{\"@id\":\"https:\/\/www.sedesoruro.gob.bo\/#\/schema\/logo\/image\/\"},\"sameAs\":[\"https:\/\/www.facebook.com\/SEDESOR\"]},{\"@type\":\"Person\",\"@id\":\"https:\/\/www.sedesoruro.gob.bo\/#\/schema\/person\/269b8053e5fc16d4191978ba1f4ccfb0\",\"name\":\"userdesse\",\"image\":{\"@type\":\"ImageObject\",\"inLanguage\":\"es\",\"@id\":\"https:\/\/www.sedesoruro.gob.bo\/#\/schema\/person\/image\/\",\"url\":\"https:\/\/secure.gravatar.com\/avatar\/d620fe5460db87edd265e5743d4b6428870636320ba06173d03a4368a03d84aa?s=96&d=mm&r=g\",\"contentUrl\":\"https:\/\/secure.gravatar.com\/avatar\/d620fe5460db87edd265e5743d4b6428870636320ba06173d03a4368a03d84aa?s=96&d=mm&r=g\",\"caption\":\"userdesse\"},\"sameAs\":[\"http:\/\/www.sedesoruro.gob.bo\"]}]}<\/script>\n<!-- \/ Yoast SEO plugin. -->","yoast_head_json":{"title":"PERSONAL M\u00c9DICO DE ORURO EN ALERTA M\u00c1XIMA POR VIRUELA SIMICA (MPOX)","description":"En el marco de la alerta sanitaria por la propagaci\u00f3n de la viruela s\u00edmica (mpox), el Servicio Departamental de Salud (SEDES) Oruro, viene organizando","robots":{"index":"index","follow":"follow","max-snippet":"max-snippet:-1","max-image-preview":"max-image-preview:large","max-video-preview":"max-video-preview:-1"},"canonical":"https:\/\/www.sedesoruro.gob.bo\/index.php\/2024\/10\/07\/personal-medico-de-oruro-en-alerta-maxima-por-viruela-simica-mpox\/","og_locale":"es_ES","og_type":"article","og_title":"PERSONAL M\u00c9DICO DE ORURO EN ALERTA M\u00c1XIMA POR VIRUELA SIMICA (MPOX)","og_description":"En el marco de la alerta sanitaria por la propagaci\u00f3n de la viruela s\u00edmica (mpox), el Servicio Departamental de Salud (SEDES) Oruro, viene organizando","og_url":"https:\/\/www.sedesoruro.gob.bo\/index.php\/2024\/10\/07\/personal-medico-de-oruro-en-alerta-maxima-por-viruela-simica-mpox\/","og_site_name":"SERVICIO DEPARTAMENTAL DE SALUD - ORURO","article_publisher":"https:\/\/www.facebook.com\/SEDESOR","article_published_time":"2024-10-07T17:50:58+00:00","article_modified_time":"2024-10-07T17:58:19+00:00","og_image":[{"width":1080,"height":779,"url":"https:\/\/www.sedesoruro.gob.bo\/wp-content\/uploads\/2024\/10\/WhatsApp-Image-2024-09-29-at-9.43.53-PM.jpeg","type":"image\/jpeg"}],"author":"userdesse","twitter_card":"summary_large_image","twitter_misc":{"Escrito por":"userdesse","Tiempo de lectura":"3 minutos"},"schema":{"@context":"https:\/\/schema.org","@graph":[{"@type":"Article","@id":"https:\/\/www.sedesoruro.gob.bo\/index.php\/2024\/10\/07\/personal-medico-de-oruro-en-alerta-maxima-por-viruela-simica-mpox\/#article","isPartOf":{"@id":"https:\/\/www.sedesoruro.gob.bo\/index.php\/2024\/10\/07\/personal-medico-de-oruro-en-alerta-maxima-por-viruela-simica-mpox\/"},"author":{"name":"userdesse","@id":"https:\/\/www.sedesoruro.gob.bo\/#\/schema\/person\/269b8053e5fc16d4191978ba1f4ccfb0"},"headline":"PERSONAL M\u00c9DICO DE ORURO EN ALERTA M\u00c1XIMA POR VIRUELA SIMICA (MPOX)","datePublished":"2024-10-07T17:50:58+00:00","dateModified":"2024-10-07T17:58:19+00:00","mainEntityOfPage":{"@id":"https:\/\/www.sedesoruro.gob.bo\/index.php\/2024\/10\/07\/personal-medico-de-oruro-en-alerta-maxima-por-viruela-simica-mpox\/"},"wordCount":363,"publisher":{"@id":"https:\/\/www.sedesoruro.gob.bo\/#organization"},"image":{"@id":"https:\/\/www.sedesoruro.gob.bo\/index.php\/2024\/10\/07\/personal-medico-de-oruro-en-alerta-maxima-por-viruela-simica-mpox\/#primaryimage"},"thumbnailUrl":"https:\/\/www.sedesoruro.gob.bo\/wp-content\/uploads\/2024\/10\/WhatsApp-Image-2024-09-29-at-9.43.53-PM.jpeg","articleSection":["COMUNICAC\u00cdON","EPIDEMIOLOGIA"],"inLanguage":"es"},{"@type":"WebPage","@id":"https:\/\/www.sedesoruro.gob.bo\/index.php\/2024\/10\/07\/personal-medico-de-oruro-en-alerta-maxima-por-viruela-simica-mpox\/","url":"https:\/\/www.sedesoruro.gob.bo\/index.php\/2024\/10\/07\/personal-medico-de-oruro-en-alerta-maxima-por-viruela-simica-mpox\/","name":"PERSONAL M\u00c9DICO DE ORURO EN ALERTA M\u00c1XIMA POR VIRUELA SIMICA (MPOX)","isPartOf":{"@id":"https:\/\/www.sedesoruro.gob.bo\/#website"},"primaryImageOfPage":{"@id":"https:\/\/www.sedesoruro.gob.bo\/index.php\/2024\/10\/07\/personal-medico-de-oruro-en-alerta-maxima-por-viruela-simica-mpox\/#primaryimage"},"image":{"@id":"https:\/\/www.sedesoruro.gob.bo\/index.php\/2024\/10\/07\/personal-medico-de-oruro-en-alerta-maxima-por-viruela-simica-mpox\/#primaryimage"},"thumbnailUrl":"https:\/\/www.sedesoruro.gob.bo\/wp-content\/uploads\/2024\/10\/WhatsApp-Image-2024-09-29-at-9.43.53-PM.jpeg","datePublished":"2024-10-07T17:50:58+00:00","dateModified":"2024-10-07T17:58:19+00:00","description":"En el marco de la alerta sanitaria por la propagaci\u00f3n de la viruela s\u00edmica (mpox), el Servicio Departamental de Salud (SEDES) Oruro, viene organizando","breadcrumb":{"@id":"https:\/\/www.sedesoruro.gob.bo\/index.php\/2024\/10\/07\/personal-medico-de-oruro-en-alerta-maxima-por-viruela-simica-mpox\/#breadcrumb"},"inLanguage":"es","potentialAction":[{"@type":"ReadAction","target":["https:\/\/www.sedesoruro.gob.bo\/index.php\/2024\/10\/07\/personal-medico-de-oruro-en-alerta-maxima-por-viruela-simica-mpox\/"]}]},{"@type":"ImageObject","inLanguage":"es","@id":"https:\/\/www.sedesoruro.gob.bo\/index.php\/2024\/10\/07\/personal-medico-de-oruro-en-alerta-maxima-por-viruela-simica-mpox\/#primaryimage","url":"https:\/\/www.sedesoruro.gob.bo\/wp-content\/uploads\/2024\/10\/WhatsApp-Image-2024-09-29-at-9.43.53-PM.jpeg","contentUrl":"https:\/\/www.sedesoruro.gob.bo\/wp-content\/uploads\/2024\/10\/WhatsApp-Image-2024-09-29-at-9.43.53-PM.jpeg","width":1080,"height":779},{"@type":"BreadcrumbList","@id":"https:\/\/www.sedesoruro.gob.bo\/index.php\/2024\/10\/07\/personal-medico-de-oruro-en-alerta-maxima-por-viruela-simica-mpox\/#breadcrumb","itemListElement":[{"@type":"ListItem","position":1,"name":"Portada","item":"https:\/\/www.sedesoruro.gob.bo\/"},{"@type":"ListItem","position":2,"name":"PERSONAL M\u00c9DICO DE ORURO EN ALERTA M\u00c1XIMA POR VIRUELA SIMICA (MPOX)"}]},{"@type":"WebSite","@id":"https:\/\/www.sedesoruro.gob.bo\/#website","url":"https:\/\/www.sedesoruro.gob.bo\/","name":"sedesoruro.gob.bo","description":"SERVICIO DEPARTAMENTAL DE SALUD - ORURO","publisher":{"@id":"https:\/\/www.sedesoruro.gob.bo\/#organization"},"alternateName":"Servicio Departamental de Salud - Oruro","potentialAction":[{"@type":"SearchAction","target":{"@type":"EntryPoint","urlTemplate":"https:\/\/www.sedesoruro.gob.bo\/?s={search_term_string}"},"query-input":"required name=search_term_string"}],"inLanguage":"es"},{"@type":"Organization","@id":"https:\/\/www.sedesoruro.gob.bo\/#organization","name":"Servicio Departamental de Salud - Oruro","alternateName":"SEDES ORURO","url":"https:\/\/www.sedesoruro.gob.bo\/","logo":{"@type":"ImageObject","inLanguage":"es","@id":"https:\/\/www.sedesoruro.gob.bo\/#\/schema\/logo\/image\/","url":"https:\/\/www.sedesoruro.gob.bo\/wp-content\/uploads\/2024\/08\/LOGO-SEDES.jpg","contentUrl":"https:\/\/www.sedesoruro.gob.bo\/wp-content\/uploads\/2024\/08\/LOGO-SEDES.jpg","width":226,"height":223,"caption":"Servicio Departamental de Salud - Oruro"},"image":{"@id":"https:\/\/www.sedesoruro.gob.bo\/#\/schema\/logo\/image\/"},"sameAs":["https:\/\/www.facebook.com\/SEDESOR"]},{"@type":"Person","@id":"https:\/\/www.sedesoruro.gob.bo\/#\/schema\/person\/269b8053e5fc16d4191978ba1f4ccfb0","name":"userdesse","image":{"@type":"ImageObject","inLanguage":"es","@id":"https:\/\/www.sedesoruro.gob.bo\/#\/schema\/person\/image\/","url":"https:\/\/secure.gravatar.com\/avatar\/d620fe5460db87edd265e5743d4b6428870636320ba06173d03a4368a03d84aa?s=96&d=mm&r=g","contentUrl":"https:\/\/secure.gravatar.com\/avatar\/d620fe5460db87edd265e5743d4b6428870636320ba06173d03a4368a03d84aa?s=96&d=mm&r=g","caption":"userdesse"},"sameAs":["http:\/\/www.sedesoruro.gob.bo"]}]}},"_links":{"self":[{"href":"https:\/\/www.sedesoruro.gob.bo\/index.php\/wp-json\/wp\/v2\/posts\/3229","targetHints":{"allow":["GET"]}}],"collection":[{"href":"https:\/\/www.sedesoruro.gob.bo\/index.php\/wp-json\/wp\/v2\/posts"}],"about":[{"href":"https:\/\/www.sedesoruro.gob.bo\/index.php\/wp-json\/wp\/v2\/types\/post"}],"author":[{"embeddable":true,"href":"https:\/\/www.sedesoruro.gob.bo\/index.php\/wp-json\/wp\/v2\/users\/1"}],"replies":[{"embeddable":true,"href":"https:\/\/www.sedesoruro.gob.bo\/index.php\/wp-json\/wp\/v2\/comments?post=3229"}],"version-history":[{"count":4,"href":"https:\/\/www.sedesoruro.gob.bo\/index.php\/wp-json\/wp\/v2\/posts\/3229\/revisions"}],"predecessor-version":[{"id":3239,"href":"https:\/\/www.sedesoruro.gob.bo\/index.php\/wp-json\/wp\/v2\/posts\/3229\/revisions\/3239"}],"wp:featuredmedia":[{"embeddable":true,"href":"https:\/\/www.sedesoruro.gob.bo\/index.php\/wp-json\/wp\/v2\/media\/3230"}],"wp:attachment":[{"href":"https:\/\/www.sedesoruro.gob.bo\/index.php\/wp-json\/wp\/v2\/media?parent=3229"}],"wp:term":[{"taxonomy":"category","embeddable":true,"href":"https:\/\/www.sedesoruro.gob.bo\/index.php\/wp-json\/wp\/v2\/categories?post=3229"},{"taxonomy":"post_tag","embeddable":true,"href":"https:\/\/www.sedesoruro.gob.bo\/index.php\/wp-json\/wp\/v2\/tags?post=3229"}],"curies":[{"name":"wp","href":"https:\/\/api.w.org\/{rel}","templated":true}]}}