{"id":3949,"date":"2024-11-18T16:38:56","date_gmt":"2024-11-18T20:38:56","guid":{"rendered":"https:\/\/www.sedesoruro.gob.bo\/?p=3949"},"modified":"2024-11-18T16:43:40","modified_gmt":"2024-11-18T20:43:40","slug":"centro-de-salud-verde-uno-cumple-jornada-de-educacion-en-salud-con-feria-multiprogramatica","status":"publish","type":"post","link":"https:\/\/www.sedesoruro.gob.bo\/index.php\/2024\/11\/18\/centro-de-salud-verde-uno-cumple-jornada-de-educacion-en-salud-con-feria-multiprogramatica\/","title":{"rendered":"CENTRO DE SALUD \u201cVERDE UNO\u201d CUMPLE JORNADA DE EDUCACI\u00d3N EN SALUD CON FERIA MULTIPROGRAM\u00c1TICA"},"content":{"rendered":"\t\t<div data-elementor-type=\"wp-post\" data-elementor-id=\"3949\" class=\"elementor elementor-3949\">\n\t\t\t\t<div class=\"elementor-element elementor-element-c7eaa13 e-flex e-con-boxed e-con e-parent\" data-id=\"c7eaa13\" data-element_type=\"container\">\n\t\t\t\t\t<div class=\"e-con-inner\">\n\t\t\t\t<div class=\"elementor-element elementor-element-4f4be7e elementor-widget elementor-widget-text-editor\" data-id=\"4f4be7e\" data-element_type=\"widget\" data-widget_type=\"text-editor.default\">\n\t\t\t\t<div class=\"elementor-widget-container\">\n\t\t\t\t\t\t\t\t\t<p>Conmemorando el mes de la Lactancia Materna, el Centro de Salud \u201cVerde Uno\u201d, organiz\u00f3 una feria multiprogram\u00e1tica, en el frontis de su instituci\u00f3n en las calles Rengel y Madrid, con el objetivo de mostrar diferentes aspectos en cuanto a la prevenci\u00f3n en salud, adem\u00e1s del fomento al tema de la lactancia materna.<\/p>\t\t\t\t\t\t\t\t<\/div>\n\t\t\t\t<\/div>\n\t\t\t\t\t<\/div>\n\t\t\t\t<\/div>\n\t\t<div class=\"elementor-element elementor-element-100bb29 e-flex e-con-boxed e-con e-parent\" data-id=\"100bb29\" data-element_type=\"container\">\n\t\t\t\t\t<div class=\"e-con-inner\">\n\t\t<div class=\"elementor-element elementor-element-fb95df4 e-con-full e-flex e-con e-child\" data-id=\"fb95df4\" data-element_type=\"container\">\n\t\t\t\t<div class=\"elementor-element elementor-element-34b5632 elementor-widget elementor-widget-image\" data-id=\"34b5632\" data-element_type=\"widget\" data-widget_type=\"image.default\">\n\t\t\t\t<div class=\"elementor-widget-container\">\n\t\t\t\t\t\t\t\t\t\t\t\t\t\t\t<img fetchpriority=\"high\" decoding=\"async\" width=\"1024\" height=\"755\" src=\"https:\/\/www.sedesoruro.gob.bo\/wp-content\/uploads\/2024\/11\/WhatsApp-Image-2024-11-01-at-10.47.29-AM-2-1024x755.jpeg\" class=\"attachment-large size-large wp-image-3951\" alt=\"\" srcset=\"https:\/\/www.sedesoruro.gob.bo\/wp-content\/uploads\/2024\/11\/WhatsApp-Image-2024-11-01-at-10.47.29-AM-2-1024x755.jpeg 1024w, https:\/\/www.sedesoruro.gob.bo\/wp-content\/uploads\/2024\/11\/WhatsApp-Image-2024-11-01-at-10.47.29-AM-2-300x221.jpeg 300w\" sizes=\"(max-width: 1024px) 100vw, 1024px\" \/>\t\t\t\t\t\t\t\t\t\t\t\t\t\t\t<\/div>\n\t\t\t\t<\/div>\n\t\t\t\t<\/div>\n\t\t<div class=\"elementor-element elementor-element-23a3219 e-con-full e-flex e-con e-child\" data-id=\"23a3219\" data-element_type=\"container\">\n\t\t\t\t<div class=\"elementor-element elementor-element-5e3c92c elementor-widget elementor-widget-text-editor\" data-id=\"5e3c92c\" data-element_type=\"widget\" data-widget_type=\"text-editor.default\">\n\t\t\t\t<div class=\"elementor-widget-container\">\n\t\t\t\t\t\t\t\t\t<p>La Dra. Jhanet Mamani Chambi, jefe m\u00e9dico del Centro de Salud \u201cVerde Uno\u201d, dependiente del Servicio Departamental de Salud (SEDES) Oruro, dio a conocer que la feria se cumpli\u00f3 con total \u00e9xito ya que dicha actividad tuvo la presencia de diferentes instituciones p\u00fablicas y privadas como ser Banco Uni\u00f3n, Segip, Sedem, la ONG Estrella del Sur, adem\u00e1s del Banco de Sangre de Referencia Departamental Oruro y el programa Mi Sonrisa con atenci\u00f3n odontol\u00f3gica gratuita.<\/p><p>La feria comenz\u00f3 con una caravana que se extendi\u00f3 desde el sector de Saninco, con la participaci\u00f3n de mam\u00e1s gestantes y estudiantes de las unidades educativas del sector, llegando hasta predios del centro de salud, donde todo el personal de salud, estuvo en los stands con temas referidos a la prevenci\u00f3n de enfermedades, la importancia de acudir a los centros de salud y realizar los controles correspondientes, sobre todo las mujeres en edad de gestaci\u00f3n y los que tienen ni\u00f1os lactantes.<\/p>\t\t\t\t\t\t\t\t<\/div>\n\t\t\t\t<\/div>\n\t\t\t\t<\/div>\n\t\t\t\t\t<\/div>\n\t\t\t\t<\/div>\n\t\t<div class=\"elementor-element elementor-element-0ebd024 e-flex e-con-boxed e-con e-parent\" data-id=\"0ebd024\" data-element_type=\"container\">\n\t\t\t\t\t<div class=\"e-con-inner\">\n\t\t<div class=\"elementor-element elementor-element-f55b854 e-con-full e-flex e-con e-child\" data-id=\"f55b854\" data-element_type=\"container\">\n\t\t\t\t<div class=\"elementor-element elementor-element-3b1ddb1 elementor-widget elementor-widget-image\" data-id=\"3b1ddb1\" data-element_type=\"widget\" data-widget_type=\"image.default\">\n\t\t\t\t<div class=\"elementor-widget-container\">\n\t\t\t\t\t\t\t\t\t\t\t\t\t\t\t<img decoding=\"async\" width=\"1024\" height=\"859\" src=\"https:\/\/www.sedesoruro.gob.bo\/wp-content\/uploads\/2024\/11\/WhatsApp-Image-2024-11-01-at-10.47.29-AM-1-1024x859.jpeg\" class=\"attachment-large size-large wp-image-3950\" alt=\"\" srcset=\"https:\/\/www.sedesoruro.gob.bo\/wp-content\/uploads\/2024\/11\/WhatsApp-Image-2024-11-01-at-10.47.29-AM-1-1024x859.jpeg 1024w, https:\/\/www.sedesoruro.gob.bo\/wp-content\/uploads\/2024\/11\/WhatsApp-Image-2024-11-01-at-10.47.29-AM-1-300x252.jpeg 300w\" sizes=\"(max-width: 1024px) 100vw, 1024px\" \/>\t\t\t\t\t\t\t\t\t\t\t\t\t\t\t<\/div>\n\t\t\t\t<\/div>\n\t\t\t\t<\/div>\n\t\t<div class=\"elementor-element elementor-element-3d40318 e-con-full e-flex e-con e-child\" data-id=\"3d40318\" data-element_type=\"container\">\n\t\t\t\t<div class=\"elementor-element elementor-element-da8d3ad elementor-widget elementor-widget-image\" data-id=\"da8d3ad\" data-element_type=\"widget\" data-widget_type=\"image.default\">\n\t\t\t\t<div class=\"elementor-widget-container\">\n\t\t\t\t\t\t\t\t\t\t\t\t\t\t\t<img decoding=\"async\" width=\"1024\" height=\"768\" src=\"https:\/\/www.sedesoruro.gob.bo\/wp-content\/uploads\/2024\/11\/WhatsApp-Image-2024-11-01-at-10.47.29-AM-1024x768.jpeg\" class=\"attachment-large size-large wp-image-3952\" alt=\"\" srcset=\"https:\/\/www.sedesoruro.gob.bo\/wp-content\/uploads\/2024\/11\/WhatsApp-Image-2024-11-01-at-10.47.29-AM-1024x768.jpeg 1024w, https:\/\/www.sedesoruro.gob.bo\/wp-content\/uploads\/2024\/11\/WhatsApp-Image-2024-11-01-at-10.47.29-AM-300x225.jpeg 300w\" sizes=\"(max-width: 1024px) 100vw, 1024px\" \/>\t\t\t\t\t\t\t\t\t\t\t\t\t\t\t<\/div>\n\t\t\t\t<\/div>\n\t\t\t\t<\/div>\n\t\t\t\t\t<\/div>\n\t\t\t\t<\/div>\n\t\t<div class=\"elementor-element elementor-element-3974b79 e-flex e-con-boxed e-con e-parent\" data-id=\"3974b79\" data-element_type=\"container\">\n\t\t\t\t\t<div class=\"e-con-inner\">\n\t\t\t\t<div class=\"elementor-element elementor-element-f092445 elementor-widget elementor-widget-text-editor\" data-id=\"f092445\" data-element_type=\"widget\" data-widget_type=\"text-editor.default\">\n\t\t\t\t<div class=\"elementor-widget-container\">\n\t\t\t\t\t\t\t\t\t<p>Por otro lado, Mamani dio a conocer que, debido a la gran demanda por parte de la poblaci\u00f3n de la zona sud de la ciudad, el centro de salud \u201cVerde Uno\u201d ubicada en el sector de la Ciudadela Universitaria ha quedado peque\u00f1o.<\/p><p>Seg\u00fan el Instituto Nacional de Estad\u00edstica (INE) da a conocer que el promedio de atenci\u00f3n de pacientes es de 12 mil habitantes, pero que en la realidad esta cifra va creciendo y llega a m\u00e1s de 16 mil personas, esto tambi\u00e9n por el crecimiento demogr\u00e1fico por lo que se requiere que este centro m\u00e9dico pueda ser ampliado para as\u00ed brindar una mejor atenci\u00f3n a la poblaci\u00f3n.<\/p>\t\t\t\t\t\t\t\t<\/div>\n\t\t\t\t<\/div>\n\t\t\t\t\t<\/div>\n\t\t\t\t<\/div>\n\t\t\t\t<\/div>\n\t\t","protected":false},"excerpt":{"rendered":"<p>Conmemorando el mes de la Lactancia Materna, el Centro de Salud \u201cVerde Uno\u201d, organiz\u00f3 una feria multiprogram\u00e1tica, en el frontis de su instituci\u00f3n en las calles Rengel y Madrid, con el objetivo de mostrar&#46;&#46;&#46;<\/p>\n","protected":false},"author":1,"featured_media":3954,"comment_status":"closed","ping_status":"open","sticky":false,"template":"","format":"standard","meta":{"_cbd_carousel_blocks":"[]","footnotes":""},"categories":[17,51],"tags":[],"class_list":["post-3949","post","type-post","status-publish","format-standard","has-post-thumbnail","hentry","category-comunicacion","category-sedes"],"yoast_head":"<!-- This site is optimized with the Yoast SEO plugin v23.1 - https:\/\/yoast.com\/wordpress\/plugins\/seo\/ -->\n<title>CENTRO DE SALUD \u201cVERDE UNO\u201d CUMPLE JORNADA DE EDUCACI\u00d3N EN SALUD CON FERIA MULTIPROGRAM\u00c1TICA<\/title>\n<meta name=\"description\" content=\"Conmemorando el mes de la Lactancia Materna, el Centro de Salud \u201cVerde Uno\u201d, organiz\u00f3 una feria multiprogram\u00e1tica, en el frontis de su instituci\u00f3n en las\" \/>\n<meta name=\"robots\" content=\"index, follow, max-snippet:-1, max-image-preview:large, max-video-preview:-1\" \/>\n<link rel=\"canonical\" href=\"https:\/\/www.sedesoruro.gob.bo\/index.php\/2024\/11\/18\/centro-de-salud-verde-uno-cumple-jornada-de-educacion-en-salud-con-feria-multiprogramatica\/\" \/>\n<meta property=\"og:locale\" content=\"es_ES\" \/>\n<meta property=\"og:type\" content=\"article\" \/>\n<meta property=\"og:title\" content=\"CENTRO DE SALUD \u201cVERDE UNO\u201d CUMPLE JORNADA DE EDUCACI\u00d3N EN SALUD CON FERIA MULTIPROGRAM\u00c1TICA\" \/>\n<meta property=\"og:description\" content=\"Conmemorando el mes de la Lactancia Materna, el Centro de Salud \u201cVerde Uno\u201d, organiz\u00f3 una feria multiprogram\u00e1tica, en el frontis de su instituci\u00f3n en las\" \/>\n<meta property=\"og:url\" content=\"https:\/\/www.sedesoruro.gob.bo\/index.php\/2024\/11\/18\/centro-de-salud-verde-uno-cumple-jornada-de-educacion-en-salud-con-feria-multiprogramatica\/\" \/>\n<meta property=\"og:site_name\" content=\"SERVICIO DEPARTAMENTAL DE SALUD - ORURO\" \/>\n<meta property=\"article:publisher\" content=\"https:\/\/www.facebook.com\/SEDESOR\" \/>\n<meta property=\"article:published_time\" content=\"2024-11-18T20:38:56+00:00\" \/>\n<meta property=\"article:modified_time\" content=\"2024-11-18T20:43:40+00:00\" \/>\n<meta property=\"og:image\" content=\"https:\/\/www.sedesoruro.gob.bo\/wp-content\/uploads\/2024\/11\/WhatsApp-Image-2024-11-01-at-10.47.30-AM.jpeg\" \/>\n\t<meta property=\"og:image:width\" content=\"1080\" \/>\n\t<meta property=\"og:image:height\" content=\"720\" \/>\n\t<meta property=\"og:image:type\" content=\"image\/jpeg\" \/>\n<meta name=\"author\" content=\"userdesse\" \/>\n<meta name=\"twitter:card\" content=\"summary_large_image\" \/>\n<meta name=\"twitter:label1\" content=\"Escrito por\" \/>\n\t<meta name=\"twitter:data1\" content=\"userdesse\" \/>\n\t<meta name=\"twitter:label2\" content=\"Tiempo de lectura\" \/>\n\t<meta name=\"twitter:data2\" content=\"3 minutos\" \/>\n<script type=\"application\/ld+json\" class=\"yoast-schema-graph\">{\"@context\":\"https:\/\/schema.org\",\"@graph\":[{\"@type\":\"Article\",\"@id\":\"https:\/\/www.sedesoruro.gob.bo\/index.php\/2024\/11\/18\/centro-de-salud-verde-uno-cumple-jornada-de-educacion-en-salud-con-feria-multiprogramatica\/#article\",\"isPartOf\":{\"@id\":\"https:\/\/www.sedesoruro.gob.bo\/index.php\/2024\/11\/18\/centro-de-salud-verde-uno-cumple-jornada-de-educacion-en-salud-con-feria-multiprogramatica\/\"},\"author\":{\"name\":\"userdesse\",\"@id\":\"https:\/\/www.sedesoruro.gob.bo\/#\/schema\/person\/269b8053e5fc16d4191978ba1f4ccfb0\"},\"headline\":\"CENTRO DE SALUD \u201cVERDE UNO\u201d CUMPLE JORNADA DE EDUCACI\u00d3N EN SALUD CON FERIA MULTIPROGRAM\u00c1TICA\",\"datePublished\":\"2024-11-18T20:38:56+00:00\",\"dateModified\":\"2024-11-18T20:43:40+00:00\",\"mainEntityOfPage\":{\"@id\":\"https:\/\/www.sedesoruro.gob.bo\/index.php\/2024\/11\/18\/centro-de-salud-verde-uno-cumple-jornada-de-educacion-en-salud-con-feria-multiprogramatica\/\"},\"wordCount\":355,\"publisher\":{\"@id\":\"https:\/\/www.sedesoruro.gob.bo\/#organization\"},\"image\":{\"@id\":\"https:\/\/www.sedesoruro.gob.bo\/index.php\/2024\/11\/18\/centro-de-salud-verde-uno-cumple-jornada-de-educacion-en-salud-con-feria-multiprogramatica\/#primaryimage\"},\"thumbnailUrl\":\"https:\/\/www.sedesoruro.gob.bo\/wp-content\/uploads\/2024\/11\/WhatsApp-Image-2024-11-01-at-10.47.30-AM.jpeg\",\"articleSection\":[\"COMUNICAC\u00cdON\",\"SEDES\"],\"inLanguage\":\"es\"},{\"@type\":\"WebPage\",\"@id\":\"https:\/\/www.sedesoruro.gob.bo\/index.php\/2024\/11\/18\/centro-de-salud-verde-uno-cumple-jornada-de-educacion-en-salud-con-feria-multiprogramatica\/\",\"url\":\"https:\/\/www.sedesoruro.gob.bo\/index.php\/2024\/11\/18\/centro-de-salud-verde-uno-cumple-jornada-de-educacion-en-salud-con-feria-multiprogramatica\/\",\"name\":\"CENTRO DE SALUD \u201cVERDE UNO\u201d CUMPLE JORNADA DE EDUCACI\u00d3N EN SALUD CON FERIA MULTIPROGRAM\u00c1TICA\",\"isPartOf\":{\"@id\":\"https:\/\/www.sedesoruro.gob.bo\/#website\"},\"primaryImageOfPage\":{\"@id\":\"https:\/\/www.sedesoruro.gob.bo\/index.php\/2024\/11\/18\/centro-de-salud-verde-uno-cumple-jornada-de-educacion-en-salud-con-feria-multiprogramatica\/#primaryimage\"},\"image\":{\"@id\":\"https:\/\/www.sedesoruro.gob.bo\/index.php\/2024\/11\/18\/centro-de-salud-verde-uno-cumple-jornada-de-educacion-en-salud-con-feria-multiprogramatica\/#primaryimage\"},\"thumbnailUrl\":\"https:\/\/www.sedesoruro.gob.bo\/wp-content\/uploads\/2024\/11\/WhatsApp-Image-2024-11-01-at-10.47.30-AM.jpeg\",\"datePublished\":\"2024-11-18T20:38:56+00:00\",\"dateModified\":\"2024-11-18T20:43:40+00:00\",\"description\":\"Conmemorando el mes de la Lactancia Materna, el Centro de Salud \u201cVerde Uno\u201d, organiz\u00f3 una feria multiprogram\u00e1tica, en el frontis de su instituci\u00f3n en las\",\"breadcrumb\":{\"@id\":\"https:\/\/www.sedesoruro.gob.bo\/index.php\/2024\/11\/18\/centro-de-salud-verde-uno-cumple-jornada-de-educacion-en-salud-con-feria-multiprogramatica\/#breadcrumb\"},\"inLanguage\":\"es\",\"potentialAction\":[{\"@type\":\"ReadAction\",\"target\":[\"https:\/\/www.sedesoruro.gob.bo\/index.php\/2024\/11\/18\/centro-de-salud-verde-uno-cumple-jornada-de-educacion-en-salud-con-feria-multiprogramatica\/\"]}]},{\"@type\":\"ImageObject\",\"inLanguage\":\"es\",\"@id\":\"https:\/\/www.sedesoruro.gob.bo\/index.php\/2024\/11\/18\/centro-de-salud-verde-uno-cumple-jornada-de-educacion-en-salud-con-feria-multiprogramatica\/#primaryimage\",\"url\":\"https:\/\/www.sedesoruro.gob.bo\/wp-content\/uploads\/2024\/11\/WhatsApp-Image-2024-11-01-at-10.47.30-AM.jpeg\",\"contentUrl\":\"https:\/\/www.sedesoruro.gob.bo\/wp-content\/uploads\/2024\/11\/WhatsApp-Image-2024-11-01-at-10.47.30-AM.jpeg\",\"width\":1080,\"height\":720},{\"@type\":\"BreadcrumbList\",\"@id\":\"https:\/\/www.sedesoruro.gob.bo\/index.php\/2024\/11\/18\/centro-de-salud-verde-uno-cumple-jornada-de-educacion-en-salud-con-feria-multiprogramatica\/#breadcrumb\",\"itemListElement\":[{\"@type\":\"ListItem\",\"position\":1,\"name\":\"Portada\",\"item\":\"https:\/\/www.sedesoruro.gob.bo\/\"},{\"@type\":\"ListItem\",\"position\":2,\"name\":\"CENTRO DE SALUD \u201cVERDE UNO\u201d CUMPLE JORNADA DE EDUCACI\u00d3N EN SALUD CON FERIA MULTIPROGRAM\u00c1TICA\"}]},{\"@type\":\"WebSite\",\"@id\":\"https:\/\/www.sedesoruro.gob.bo\/#website\",\"url\":\"https:\/\/www.sedesoruro.gob.bo\/\",\"name\":\"sedesoruro.gob.bo\",\"description\":\"SERVICIO DEPARTAMENTAL DE SALUD - ORURO\",\"publisher\":{\"@id\":\"https:\/\/www.sedesoruro.gob.bo\/#organization\"},\"alternateName\":\"Servicio Departamental de Salud - Oruro\",\"potentialAction\":[{\"@type\":\"SearchAction\",\"target\":{\"@type\":\"EntryPoint\",\"urlTemplate\":\"https:\/\/www.sedesoruro.gob.bo\/?s={search_term_string}\"},\"query-input\":\"required name=search_term_string\"}],\"inLanguage\":\"es\"},{\"@type\":\"Organization\",\"@id\":\"https:\/\/www.sedesoruro.gob.bo\/#organization\",\"name\":\"Servicio Departamental de Salud - Oruro\",\"alternateName\":\"SEDES ORURO\",\"url\":\"https:\/\/www.sedesoruro.gob.bo\/\",\"logo\":{\"@type\":\"ImageObject\",\"inLanguage\":\"es\",\"@id\":\"https:\/\/www.sedesoruro.gob.bo\/#\/schema\/logo\/image\/\",\"url\":\"https:\/\/www.sedesoruro.gob.bo\/wp-content\/uploads\/2024\/08\/LOGO-SEDES.jpg\",\"contentUrl\":\"https:\/\/www.sedesoruro.gob.bo\/wp-content\/uploads\/2024\/08\/LOGO-SEDES.jpg\",\"width\":226,\"height\":223,\"caption\":\"Servicio Departamental de Salud - Oruro\"},\"image\":{\"@id\":\"https:\/\/www.sedesoruro.gob.bo\/#\/schema\/logo\/image\/\"},\"sameAs\":[\"https:\/\/www.facebook.com\/SEDESOR\"]},{\"@type\":\"Person\",\"@id\":\"https:\/\/www.sedesoruro.gob.bo\/#\/schema\/person\/269b8053e5fc16d4191978ba1f4ccfb0\",\"name\":\"userdesse\",\"image\":{\"@type\":\"ImageObject\",\"inLanguage\":\"es\",\"@id\":\"https:\/\/www.sedesoruro.gob.bo\/#\/schema\/person\/image\/\",\"url\":\"https:\/\/secure.gravatar.com\/avatar\/d620fe5460db87edd265e5743d4b6428870636320ba06173d03a4368a03d84aa?s=96&d=mm&r=g\",\"contentUrl\":\"https:\/\/secure.gravatar.com\/avatar\/d620fe5460db87edd265e5743d4b6428870636320ba06173d03a4368a03d84aa?s=96&d=mm&r=g\",\"caption\":\"userdesse\"},\"sameAs\":[\"http:\/\/www.sedesoruro.gob.bo\"]}]}<\/script>\n<!-- \/ Yoast SEO plugin. -->","yoast_head_json":{"title":"CENTRO DE SALUD \u201cVERDE UNO\u201d CUMPLE JORNADA DE EDUCACI\u00d3N EN SALUD CON FERIA MULTIPROGRAM\u00c1TICA","description":"Conmemorando el mes de la Lactancia Materna, el Centro de Salud \u201cVerde Uno\u201d, organiz\u00f3 una feria multiprogram\u00e1tica, en el frontis de su instituci\u00f3n en las","robots":{"index":"index","follow":"follow","max-snippet":"max-snippet:-1","max-image-preview":"max-image-preview:large","max-video-preview":"max-video-preview:-1"},"canonical":"https:\/\/www.sedesoruro.gob.bo\/index.php\/2024\/11\/18\/centro-de-salud-verde-uno-cumple-jornada-de-educacion-en-salud-con-feria-multiprogramatica\/","og_locale":"es_ES","og_type":"article","og_title":"CENTRO DE SALUD \u201cVERDE UNO\u201d CUMPLE JORNADA DE EDUCACI\u00d3N EN SALUD CON FERIA MULTIPROGRAM\u00c1TICA","og_description":"Conmemorando el mes de la Lactancia Materna, el Centro de Salud \u201cVerde Uno\u201d, organiz\u00f3 una feria multiprogram\u00e1tica, en el frontis de su instituci\u00f3n en las","og_url":"https:\/\/www.sedesoruro.gob.bo\/index.php\/2024\/11\/18\/centro-de-salud-verde-uno-cumple-jornada-de-educacion-en-salud-con-feria-multiprogramatica\/","og_site_name":"SERVICIO DEPARTAMENTAL DE SALUD - ORURO","article_publisher":"https:\/\/www.facebook.com\/SEDESOR","article_published_time":"2024-11-18T20:38:56+00:00","article_modified_time":"2024-11-18T20:43:40+00:00","og_image":[{"width":1080,"height":720,"url":"https:\/\/www.sedesoruro.gob.bo\/wp-content\/uploads\/2024\/11\/WhatsApp-Image-2024-11-01-at-10.47.30-AM.jpeg","type":"image\/jpeg"}],"author":"userdesse","twitter_card":"summary_large_image","twitter_misc":{"Escrito por":"userdesse","Tiempo de lectura":"3 minutos"},"schema":{"@context":"https:\/\/schema.org","@graph":[{"@type":"Article","@id":"https:\/\/www.sedesoruro.gob.bo\/index.php\/2024\/11\/18\/centro-de-salud-verde-uno-cumple-jornada-de-educacion-en-salud-con-feria-multiprogramatica\/#article","isPartOf":{"@id":"https:\/\/www.sedesoruro.gob.bo\/index.php\/2024\/11\/18\/centro-de-salud-verde-uno-cumple-jornada-de-educacion-en-salud-con-feria-multiprogramatica\/"},"author":{"name":"userdesse","@id":"https:\/\/www.sedesoruro.gob.bo\/#\/schema\/person\/269b8053e5fc16d4191978ba1f4ccfb0"},"headline":"CENTRO DE SALUD \u201cVERDE UNO\u201d CUMPLE JORNADA DE EDUCACI\u00d3N EN SALUD CON FERIA MULTIPROGRAM\u00c1TICA","datePublished":"2024-11-18T20:38:56+00:00","dateModified":"2024-11-18T20:43:40+00:00","mainEntityOfPage":{"@id":"https:\/\/www.sedesoruro.gob.bo\/index.php\/2024\/11\/18\/centro-de-salud-verde-uno-cumple-jornada-de-educacion-en-salud-con-feria-multiprogramatica\/"},"wordCount":355,"publisher":{"@id":"https:\/\/www.sedesoruro.gob.bo\/#organization"},"image":{"@id":"https:\/\/www.sedesoruro.gob.bo\/index.php\/2024\/11\/18\/centro-de-salud-verde-uno-cumple-jornada-de-educacion-en-salud-con-feria-multiprogramatica\/#primaryimage"},"thumbnailUrl":"https:\/\/www.sedesoruro.gob.bo\/wp-content\/uploads\/2024\/11\/WhatsApp-Image-2024-11-01-at-10.47.30-AM.jpeg","articleSection":["COMUNICAC\u00cdON","SEDES"],"inLanguage":"es"},{"@type":"WebPage","@id":"https:\/\/www.sedesoruro.gob.bo\/index.php\/2024\/11\/18\/centro-de-salud-verde-uno-cumple-jornada-de-educacion-en-salud-con-feria-multiprogramatica\/","url":"https:\/\/www.sedesoruro.gob.bo\/index.php\/2024\/11\/18\/centro-de-salud-verde-uno-cumple-jornada-de-educacion-en-salud-con-feria-multiprogramatica\/","name":"CENTRO DE SALUD \u201cVERDE UNO\u201d CUMPLE JORNADA DE EDUCACI\u00d3N EN SALUD CON FERIA MULTIPROGRAM\u00c1TICA","isPartOf":{"@id":"https:\/\/www.sedesoruro.gob.bo\/#website"},"primaryImageOfPage":{"@id":"https:\/\/www.sedesoruro.gob.bo\/index.php\/2024\/11\/18\/centro-de-salud-verde-uno-cumple-jornada-de-educacion-en-salud-con-feria-multiprogramatica\/#primaryimage"},"image":{"@id":"https:\/\/www.sedesoruro.gob.bo\/index.php\/2024\/11\/18\/centro-de-salud-verde-uno-cumple-jornada-de-educacion-en-salud-con-feria-multiprogramatica\/#primaryimage"},"thumbnailUrl":"https:\/\/www.sedesoruro.gob.bo\/wp-content\/uploads\/2024\/11\/WhatsApp-Image-2024-11-01-at-10.47.30-AM.jpeg","datePublished":"2024-11-18T20:38:56+00:00","dateModified":"2024-11-18T20:43:40+00:00","description":"Conmemorando el mes de la Lactancia Materna, el Centro de Salud \u201cVerde Uno\u201d, organiz\u00f3 una feria multiprogram\u00e1tica, en el frontis de su instituci\u00f3n en las","breadcrumb":{"@id":"https:\/\/www.sedesoruro.gob.bo\/index.php\/2024\/11\/18\/centro-de-salud-verde-uno-cumple-jornada-de-educacion-en-salud-con-feria-multiprogramatica\/#breadcrumb"},"inLanguage":"es","potentialAction":[{"@type":"ReadAction","target":["https:\/\/www.sedesoruro.gob.bo\/index.php\/2024\/11\/18\/centro-de-salud-verde-uno-cumple-jornada-de-educacion-en-salud-con-feria-multiprogramatica\/"]}]},{"@type":"ImageObject","inLanguage":"es","@id":"https:\/\/www.sedesoruro.gob.bo\/index.php\/2024\/11\/18\/centro-de-salud-verde-uno-cumple-jornada-de-educacion-en-salud-con-feria-multiprogramatica\/#primaryimage","url":"https:\/\/www.sedesoruro.gob.bo\/wp-content\/uploads\/2024\/11\/WhatsApp-Image-2024-11-01-at-10.47.30-AM.jpeg","contentUrl":"https:\/\/www.sedesoruro.gob.bo\/wp-content\/uploads\/2024\/11\/WhatsApp-Image-2024-11-01-at-10.47.30-AM.jpeg","width":1080,"height":720},{"@type":"BreadcrumbList","@id":"https:\/\/www.sedesoruro.gob.bo\/index.php\/2024\/11\/18\/centro-de-salud-verde-uno-cumple-jornada-de-educacion-en-salud-con-feria-multiprogramatica\/#breadcrumb","itemListElement":[{"@type":"ListItem","position":1,"name":"Portada","item":"https:\/\/www.sedesoruro.gob.bo\/"},{"@type":"ListItem","position":2,"name":"CENTRO DE SALUD \u201cVERDE UNO\u201d CUMPLE JORNADA DE EDUCACI\u00d3N EN SALUD CON FERIA MULTIPROGRAM\u00c1TICA"}]},{"@type":"WebSite","@id":"https:\/\/www.sedesoruro.gob.bo\/#website","url":"https:\/\/www.sedesoruro.gob.bo\/","name":"sedesoruro.gob.bo","description":"SERVICIO DEPARTAMENTAL DE SALUD - ORURO","publisher":{"@id":"https:\/\/www.sedesoruro.gob.bo\/#organization"},"alternateName":"Servicio Departamental de Salud - Oruro","potentialAction":[{"@type":"SearchAction","target":{"@type":"EntryPoint","urlTemplate":"https:\/\/www.sedesoruro.gob.bo\/?s={search_term_string}"},"query-input":"required name=search_term_string"}],"inLanguage":"es"},{"@type":"Organization","@id":"https:\/\/www.sedesoruro.gob.bo\/#organization","name":"Servicio Departamental de Salud - Oruro","alternateName":"SEDES ORURO","url":"https:\/\/www.sedesoruro.gob.bo\/","logo":{"@type":"ImageObject","inLanguage":"es","@id":"https:\/\/www.sedesoruro.gob.bo\/#\/schema\/logo\/image\/","url":"https:\/\/www.sedesoruro.gob.bo\/wp-content\/uploads\/2024\/08\/LOGO-SEDES.jpg","contentUrl":"https:\/\/www.sedesoruro.gob.bo\/wp-content\/uploads\/2024\/08\/LOGO-SEDES.jpg","width":226,"height":223,"caption":"Servicio Departamental de Salud - Oruro"},"image":{"@id":"https:\/\/www.sedesoruro.gob.bo\/#\/schema\/logo\/image\/"},"sameAs":["https:\/\/www.facebook.com\/SEDESOR"]},{"@type":"Person","@id":"https:\/\/www.sedesoruro.gob.bo\/#\/schema\/person\/269b8053e5fc16d4191978ba1f4ccfb0","name":"userdesse","image":{"@type":"ImageObject","inLanguage":"es","@id":"https:\/\/www.sedesoruro.gob.bo\/#\/schema\/person\/image\/","url":"https:\/\/secure.gravatar.com\/avatar\/d620fe5460db87edd265e5743d4b6428870636320ba06173d03a4368a03d84aa?s=96&d=mm&r=g","contentUrl":"https:\/\/secure.gravatar.com\/avatar\/d620fe5460db87edd265e5743d4b6428870636320ba06173d03a4368a03d84aa?s=96&d=mm&r=g","caption":"userdesse"},"sameAs":["http:\/\/www.sedesoruro.gob.bo"]}]}},"_links":{"self":[{"href":"https:\/\/www.sedesoruro.gob.bo\/index.php\/wp-json\/wp\/v2\/posts\/3949","targetHints":{"allow":["GET"]}}],"collection":[{"href":"https:\/\/www.sedesoruro.gob.bo\/index.php\/wp-json\/wp\/v2\/posts"}],"about":[{"href":"https:\/\/www.sedesoruro.gob.bo\/index.php\/wp-json\/wp\/v2\/types\/post"}],"author":[{"embeddable":true,"href":"https:\/\/www.sedesoruro.gob.bo\/index.php\/wp-json\/wp\/v2\/users\/1"}],"replies":[{"embeddable":true,"href":"https:\/\/www.sedesoruro.gob.bo\/index.php\/wp-json\/wp\/v2\/comments?post=3949"}],"version-history":[{"count":8,"href":"https:\/\/www.sedesoruro.gob.bo\/index.php\/wp-json\/wp\/v2\/posts\/3949\/revisions"}],"predecessor-version":[{"id":3962,"href":"https:\/\/www.sedesoruro.gob.bo\/index.php\/wp-json\/wp\/v2\/posts\/3949\/revisions\/3962"}],"wp:featuredmedia":[{"embeddable":true,"href":"https:\/\/www.sedesoruro.gob.bo\/index.php\/wp-json\/wp\/v2\/media\/3954"}],"wp:attachment":[{"href":"https:\/\/www.sedesoruro.gob.bo\/index.php\/wp-json\/wp\/v2\/media?parent=3949"}],"wp:term":[{"taxonomy":"category","embeddable":true,"href":"https:\/\/www.sedesoruro.gob.bo\/index.php\/wp-json\/wp\/v2\/categories?post=3949"},{"taxonomy":"post_tag","embeddable":true,"href":"https:\/\/www.sedesoruro.gob.bo\/index.php\/wp-json\/wp\/v2\/tags?post=3949"}],"curies":[{"name":"wp","href":"https:\/\/api.w.org\/{rel}","templated":true}]}}