{"id":3980,"date":"2024-11-18T17:00:54","date_gmt":"2024-11-18T21:00:54","guid":{"rendered":"https:\/\/www.sedesoruro.gob.bo\/?p=3980"},"modified":"2024-11-18T17:08:33","modified_gmt":"2024-11-18T21:08:33","slug":"sedes-capacita-a-medicos-en-temas-relacionados-a-la-salud-mental","status":"publish","type":"post","link":"https:\/\/www.sedesoruro.gob.bo\/index.php\/2024\/11\/18\/sedes-capacita-a-medicos-en-temas-relacionados-a-la-salud-mental\/","title":{"rendered":"SEDES CAPACITA A M\u00c9DICOS EN TEMAS RELACIONADOS A LA SALUD MENTAL"},"content":{"rendered":"\t\t<div data-elementor-type=\"wp-post\" data-elementor-id=\"3980\" class=\"elementor elementor-3980\">\n\t\t\t\t<div class=\"elementor-element elementor-element-f046cda e-flex e-con-boxed e-con e-parent\" data-id=\"f046cda\" data-element_type=\"container\">\n\t\t\t\t\t<div class=\"e-con-inner\">\n\t\t\t\t<div class=\"elementor-element elementor-element-9a57baf elementor-widget elementor-widget-text-editor\" data-id=\"9a57baf\" data-element_type=\"widget\" data-widget_type=\"text-editor.default\">\n\t\t\t\t<div class=\"elementor-widget-container\">\n\t\t\t\t\t\t\t\t\t<p>Los m\u00e9dicos operativos de los establecimientos de salud de las redes urbano y rural, fueron capacitados por el \u00c1rea Salud Mental y F\u00edsica del Servicio Departamental de Salud (SEDES) Oruro, adem\u00e1s del Colegio Departamental de Psic\u00f3logos y la ONG Aprosar, con el fin de actualizar los conocimientos de los galenos en temas referidos a la salud mental de las personas y aspectos referidos a la prevenci\u00f3n, protecci\u00f3n, formaci\u00f3n y similares.<\/p>\t\t\t\t\t\t\t\t<\/div>\n\t\t\t\t<\/div>\n\t\t\t\t\t<\/div>\n\t\t\t\t<\/div>\n\t\t<div class=\"elementor-element elementor-element-6ff53ad e-flex e-con-boxed e-con e-parent\" data-id=\"6ff53ad\" data-element_type=\"container\">\n\t\t\t\t\t<div class=\"e-con-inner\">\n\t\t<div class=\"elementor-element elementor-element-81c5aae e-con-full e-flex e-con e-child\" data-id=\"81c5aae\" data-element_type=\"container\">\n\t\t\t\t<div class=\"elementor-element elementor-element-952d1ed elementor-widget elementor-widget-image\" data-id=\"952d1ed\" data-element_type=\"widget\" data-widget_type=\"image.default\">\n\t\t\t\t<div class=\"elementor-widget-container\">\n\t\t\t\t\t\t\t\t\t\t\t\t\t\t\t<img fetchpriority=\"high\" decoding=\"async\" width=\"1024\" height=\"885\" src=\"https:\/\/www.sedesoruro.gob.bo\/wp-content\/uploads\/2024\/11\/WhatsApp-Image-2024-11-01-at-11.00.08-AM-2-1024x885.jpeg\" class=\"attachment-large size-large wp-image-3982\" alt=\"\" srcset=\"https:\/\/www.sedesoruro.gob.bo\/wp-content\/uploads\/2024\/11\/WhatsApp-Image-2024-11-01-at-11.00.08-AM-2-1024x885.jpeg 1024w, https:\/\/www.sedesoruro.gob.bo\/wp-content\/uploads\/2024\/11\/WhatsApp-Image-2024-11-01-at-11.00.08-AM-2-300x259.jpeg 300w\" sizes=\"(max-width: 1024px) 100vw, 1024px\" \/>\t\t\t\t\t\t\t\t\t\t\t\t\t\t\t<\/div>\n\t\t\t\t<\/div>\n\t\t\t\t<\/div>\n\t\t<div class=\"elementor-element elementor-element-28f9758 e-con-full e-flex e-con e-child\" data-id=\"28f9758\" data-element_type=\"container\">\n\t\t\t\t<div class=\"elementor-element elementor-element-7064bab elementor-widget elementor-widget-text-editor\" data-id=\"7064bab\" data-element_type=\"widget\" data-widget_type=\"text-editor.default\">\n\t\t\t\t<div class=\"elementor-widget-container\">\n\t\t\t\t\t\t\t\t\t<p>La Lic. Nancy Condarco, responsable del \u00c1rea Salud Mental y F\u00edsica del SEDES, se\u00f1al\u00f3 que el taller tiene el objetivo de contar con el apoyo de m\u00e9dicos operativos y responsables de salud mental para cumplir con las diferentes actividades relacionadas con este tema.<\/p><p>Indic\u00f3 que entre los temas fue importante abordar el perfil del psic\u00f3logo, algo significativo que todo el personal debe conocer para que las acciones de este profesional en psicolog\u00eda sean m\u00e1s eficientes.<\/p><p>Fue importante la presencia de un psiquiatra como expositor, abarcando la atenci\u00f3n en casos de pacientes en crisis con trastornos mentales, tema por dem\u00e1s importante ya que en cualquier momento en un centro de salud se pueden presentar casos de este tipo y no se considera una acci\u00f3n inmediata.<\/p><p>Tambi\u00e9n se abord\u00f3 temas abocados a la atenci\u00f3n del recurso humano relacionado a la salud mental, difusi\u00f3n del plan de acci\u00f3n 2021-2025.<\/p>\t\t\t\t\t\t\t\t<\/div>\n\t\t\t\t<\/div>\n\t\t\t\t<\/div>\n\t\t\t\t\t<\/div>\n\t\t\t\t<\/div>\n\t\t<div class=\"elementor-element elementor-element-be36779 e-flex e-con-boxed e-con e-parent\" data-id=\"be36779\" data-element_type=\"container\">\n\t\t\t\t\t<div class=\"e-con-inner\">\n\t\t<div class=\"elementor-element elementor-element-780fc0c e-con-full e-flex e-con e-child\" data-id=\"780fc0c\" data-element_type=\"container\">\n\t\t\t\t<div class=\"elementor-element elementor-element-9e1056b elementor-widget elementor-widget-image\" data-id=\"9e1056b\" data-element_type=\"widget\" data-widget_type=\"image.default\">\n\t\t\t\t<div class=\"elementor-widget-container\">\n\t\t\t\t\t\t\t\t\t\t\t\t\t\t\t<img decoding=\"async\" width=\"1024\" height=\"683\" src=\"https:\/\/www.sedesoruro.gob.bo\/wp-content\/uploads\/2024\/11\/WhatsApp-Image-2024-11-01-at-11.00.08-AM-3-1024x683.jpeg\" class=\"attachment-large size-large wp-image-3983\" alt=\"\" srcset=\"https:\/\/www.sedesoruro.gob.bo\/wp-content\/uploads\/2024\/11\/WhatsApp-Image-2024-11-01-at-11.00.08-AM-3-1024x683.jpeg 1024w, https:\/\/www.sedesoruro.gob.bo\/wp-content\/uploads\/2024\/11\/WhatsApp-Image-2024-11-01-at-11.00.08-AM-3-300x200.jpeg 300w\" sizes=\"(max-width: 1024px) 100vw, 1024px\" \/>\t\t\t\t\t\t\t\t\t\t\t\t\t\t\t<\/div>\n\t\t\t\t<\/div>\n\t\t\t\t<\/div>\n\t\t<div class=\"elementor-element elementor-element-cc52ae1 e-con-full e-flex e-con e-child\" data-id=\"cc52ae1\" data-element_type=\"container\">\n\t\t\t\t<div class=\"elementor-element elementor-element-b942393 elementor-widget elementor-widget-image\" data-id=\"b942393\" data-element_type=\"widget\" data-widget_type=\"image.default\">\n\t\t\t\t<div class=\"elementor-widget-container\">\n\t\t\t\t\t\t\t\t\t\t\t\t\t\t\t<img decoding=\"async\" width=\"1024\" height=\"764\" src=\"https:\/\/www.sedesoruro.gob.bo\/wp-content\/uploads\/2024\/11\/WhatsApp-Image-2024-11-01-at-11.00.09-AM-1024x764.jpeg\" class=\"attachment-large size-large wp-image-3985\" alt=\"\" srcset=\"https:\/\/www.sedesoruro.gob.bo\/wp-content\/uploads\/2024\/11\/WhatsApp-Image-2024-11-01-at-11.00.09-AM-1024x764.jpeg 1024w, https:\/\/www.sedesoruro.gob.bo\/wp-content\/uploads\/2024\/11\/WhatsApp-Image-2024-11-01-at-11.00.09-AM-300x224.jpeg 300w\" sizes=\"(max-width: 1024px) 100vw, 1024px\" \/>\t\t\t\t\t\t\t\t\t\t\t\t\t\t\t<\/div>\n\t\t\t\t<\/div>\n\t\t\t\t<\/div>\n\t\t\t\t\t<\/div>\n\t\t\t\t<\/div>\n\t\t\t\t<\/div>\n\t\t","protected":false},"excerpt":{"rendered":"<p>Los m\u00e9dicos operativos de los establecimientos de salud de las redes urbano y rural, fueron capacitados por el \u00c1rea Salud Mental y F\u00edsica del Servicio Departamental de Salud (SEDES) Oruro, adem\u00e1s del Colegio Departamental&#46;&#46;&#46;<\/p>\n","protected":false},"author":1,"featured_media":3984,"comment_status":"closed","ping_status":"open","sticky":false,"template":"","format":"standard","meta":{"_cbd_carousel_blocks":"[]","footnotes":""},"categories":[1],"tags":[],"class_list":["post-3980","post","type-post","status-publish","format-standard","has-post-thumbnail","hentry","category-inicio"],"yoast_head":"<!-- This site is optimized with the Yoast SEO plugin v23.1 - https:\/\/yoast.com\/wordpress\/plugins\/seo\/ -->\n<title>SEDES CAPACITA A M\u00c9DICOS EN TEMAS RELACIONADOS A LA SALUD MENTAL<\/title>\n<meta name=\"description\" content=\"Los m\u00e9dicos operativos de los establecimientos de salud de las redes urbano y rural, fueron capacitados por el \u00c1rea Salud Mental y F\u00edsica del Servicio\" \/>\n<meta name=\"robots\" content=\"index, follow, max-snippet:-1, max-image-preview:large, max-video-preview:-1\" \/>\n<link rel=\"canonical\" href=\"https:\/\/www.sedesoruro.gob.bo\/index.php\/2024\/11\/18\/sedes-capacita-a-medicos-en-temas-relacionados-a-la-salud-mental\/\" \/>\n<meta property=\"og:locale\" content=\"es_ES\" \/>\n<meta property=\"og:type\" content=\"article\" \/>\n<meta property=\"og:title\" content=\"SEDES CAPACITA A M\u00c9DICOS EN TEMAS RELACIONADOS A LA SALUD MENTAL\" \/>\n<meta property=\"og:description\" content=\"Los m\u00e9dicos operativos de los establecimientos de salud de las redes urbano y rural, fueron capacitados por el \u00c1rea Salud Mental y F\u00edsica del Servicio\" \/>\n<meta property=\"og:url\" content=\"https:\/\/www.sedesoruro.gob.bo\/index.php\/2024\/11\/18\/sedes-capacita-a-medicos-en-temas-relacionados-a-la-salud-mental\/\" \/>\n<meta property=\"og:site_name\" content=\"SERVICIO DEPARTAMENTAL DE SALUD - ORURO\" \/>\n<meta property=\"article:publisher\" content=\"https:\/\/www.facebook.com\/SEDESOR\" \/>\n<meta property=\"article:published_time\" content=\"2024-11-18T21:00:54+00:00\" \/>\n<meta property=\"article:modified_time\" content=\"2024-11-18T21:08:33+00:00\" \/>\n<meta property=\"og:image\" content=\"https:\/\/www.sedesoruro.gob.bo\/wp-content\/uploads\/2024\/11\/WhatsApp-Image-2024-11-01-at-11.00.08-AM.jpeg\" \/>\n\t<meta property=\"og:image:width\" content=\"1080\" \/>\n\t<meta property=\"og:image:height\" content=\"720\" \/>\n\t<meta property=\"og:image:type\" content=\"image\/jpeg\" \/>\n<meta name=\"author\" content=\"userdesse\" \/>\n<meta name=\"twitter:card\" content=\"summary_large_image\" \/>\n<meta name=\"twitter:label1\" content=\"Escrito por\" \/>\n\t<meta name=\"twitter:data1\" content=\"userdesse\" \/>\n\t<meta name=\"twitter:label2\" content=\"Tiempo de lectura\" \/>\n\t<meta name=\"twitter:data2\" content=\"2 minutos\" \/>\n<script type=\"application\/ld+json\" class=\"yoast-schema-graph\">{\"@context\":\"https:\/\/schema.org\",\"@graph\":[{\"@type\":\"Article\",\"@id\":\"https:\/\/www.sedesoruro.gob.bo\/index.php\/2024\/11\/18\/sedes-capacita-a-medicos-en-temas-relacionados-a-la-salud-mental\/#article\",\"isPartOf\":{\"@id\":\"https:\/\/www.sedesoruro.gob.bo\/index.php\/2024\/11\/18\/sedes-capacita-a-medicos-en-temas-relacionados-a-la-salud-mental\/\"},\"author\":{\"name\":\"userdesse\",\"@id\":\"https:\/\/www.sedesoruro.gob.bo\/#\/schema\/person\/269b8053e5fc16d4191978ba1f4ccfb0\"},\"headline\":\"SEDES CAPACITA A M\u00c9DICOS EN TEMAS RELACIONADOS A LA SALUD MENTAL\",\"datePublished\":\"2024-11-18T21:00:54+00:00\",\"dateModified\":\"2024-11-18T21:08:33+00:00\",\"mainEntityOfPage\":{\"@id\":\"https:\/\/www.sedesoruro.gob.bo\/index.php\/2024\/11\/18\/sedes-capacita-a-medicos-en-temas-relacionados-a-la-salud-mental\/\"},\"wordCount\":248,\"publisher\":{\"@id\":\"https:\/\/www.sedesoruro.gob.bo\/#organization\"},\"image\":{\"@id\":\"https:\/\/www.sedesoruro.gob.bo\/index.php\/2024\/11\/18\/sedes-capacita-a-medicos-en-temas-relacionados-a-la-salud-mental\/#primaryimage\"},\"thumbnailUrl\":\"https:\/\/www.sedesoruro.gob.bo\/wp-content\/uploads\/2024\/11\/WhatsApp-Image-2024-11-01-at-11.00.08-AM.jpeg\",\"articleSection\":[\"INICIO\"],\"inLanguage\":\"es\"},{\"@type\":\"WebPage\",\"@id\":\"https:\/\/www.sedesoruro.gob.bo\/index.php\/2024\/11\/18\/sedes-capacita-a-medicos-en-temas-relacionados-a-la-salud-mental\/\",\"url\":\"https:\/\/www.sedesoruro.gob.bo\/index.php\/2024\/11\/18\/sedes-capacita-a-medicos-en-temas-relacionados-a-la-salud-mental\/\",\"name\":\"SEDES CAPACITA A M\u00c9DICOS EN TEMAS RELACIONADOS A LA SALUD MENTAL\",\"isPartOf\":{\"@id\":\"https:\/\/www.sedesoruro.gob.bo\/#website\"},\"primaryImageOfPage\":{\"@id\":\"https:\/\/www.sedesoruro.gob.bo\/index.php\/2024\/11\/18\/sedes-capacita-a-medicos-en-temas-relacionados-a-la-salud-mental\/#primaryimage\"},\"image\":{\"@id\":\"https:\/\/www.sedesoruro.gob.bo\/index.php\/2024\/11\/18\/sedes-capacita-a-medicos-en-temas-relacionados-a-la-salud-mental\/#primaryimage\"},\"thumbnailUrl\":\"https:\/\/www.sedesoruro.gob.bo\/wp-content\/uploads\/2024\/11\/WhatsApp-Image-2024-11-01-at-11.00.08-AM.jpeg\",\"datePublished\":\"2024-11-18T21:00:54+00:00\",\"dateModified\":\"2024-11-18T21:08:33+00:00\",\"description\":\"Los m\u00e9dicos operativos de los establecimientos de salud de las redes urbano y rural, fueron capacitados por el \u00c1rea Salud Mental y F\u00edsica del Servicio\",\"breadcrumb\":{\"@id\":\"https:\/\/www.sedesoruro.gob.bo\/index.php\/2024\/11\/18\/sedes-capacita-a-medicos-en-temas-relacionados-a-la-salud-mental\/#breadcrumb\"},\"inLanguage\":\"es\",\"potentialAction\":[{\"@type\":\"ReadAction\",\"target\":[\"https:\/\/www.sedesoruro.gob.bo\/index.php\/2024\/11\/18\/sedes-capacita-a-medicos-en-temas-relacionados-a-la-salud-mental\/\"]}]},{\"@type\":\"ImageObject\",\"inLanguage\":\"es\",\"@id\":\"https:\/\/www.sedesoruro.gob.bo\/index.php\/2024\/11\/18\/sedes-capacita-a-medicos-en-temas-relacionados-a-la-salud-mental\/#primaryimage\",\"url\":\"https:\/\/www.sedesoruro.gob.bo\/wp-content\/uploads\/2024\/11\/WhatsApp-Image-2024-11-01-at-11.00.08-AM.jpeg\",\"contentUrl\":\"https:\/\/www.sedesoruro.gob.bo\/wp-content\/uploads\/2024\/11\/WhatsApp-Image-2024-11-01-at-11.00.08-AM.jpeg\",\"width\":1080,\"height\":720},{\"@type\":\"BreadcrumbList\",\"@id\":\"https:\/\/www.sedesoruro.gob.bo\/index.php\/2024\/11\/18\/sedes-capacita-a-medicos-en-temas-relacionados-a-la-salud-mental\/#breadcrumb\",\"itemListElement\":[{\"@type\":\"ListItem\",\"position\":1,\"name\":\"Portada\",\"item\":\"https:\/\/www.sedesoruro.gob.bo\/\"},{\"@type\":\"ListItem\",\"position\":2,\"name\":\"SEDES CAPACITA A M\u00c9DICOS EN TEMAS RELACIONADOS A LA SALUD MENTAL\"}]},{\"@type\":\"WebSite\",\"@id\":\"https:\/\/www.sedesoruro.gob.bo\/#website\",\"url\":\"https:\/\/www.sedesoruro.gob.bo\/\",\"name\":\"sedesoruro.gob.bo\",\"description\":\"SERVICIO DEPARTAMENTAL DE SALUD - ORURO\",\"publisher\":{\"@id\":\"https:\/\/www.sedesoruro.gob.bo\/#organization\"},\"alternateName\":\"Servicio Departamental de Salud - Oruro\",\"potentialAction\":[{\"@type\":\"SearchAction\",\"target\":{\"@type\":\"EntryPoint\",\"urlTemplate\":\"https:\/\/www.sedesoruro.gob.bo\/?s={search_term_string}\"},\"query-input\":\"required name=search_term_string\"}],\"inLanguage\":\"es\"},{\"@type\":\"Organization\",\"@id\":\"https:\/\/www.sedesoruro.gob.bo\/#organization\",\"name\":\"Servicio Departamental de Salud - Oruro\",\"alternateName\":\"SEDES ORURO\",\"url\":\"https:\/\/www.sedesoruro.gob.bo\/\",\"logo\":{\"@type\":\"ImageObject\",\"inLanguage\":\"es\",\"@id\":\"https:\/\/www.sedesoruro.gob.bo\/#\/schema\/logo\/image\/\",\"url\":\"https:\/\/www.sedesoruro.gob.bo\/wp-content\/uploads\/2024\/08\/LOGO-SEDES.jpg\",\"contentUrl\":\"https:\/\/www.sedesoruro.gob.bo\/wp-content\/uploads\/2024\/08\/LOGO-SEDES.jpg\",\"width\":226,\"height\":223,\"caption\":\"Servicio Departamental de Salud - Oruro\"},\"image\":{\"@id\":\"https:\/\/www.sedesoruro.gob.bo\/#\/schema\/logo\/image\/\"},\"sameAs\":[\"https:\/\/www.facebook.com\/SEDESOR\"]},{\"@type\":\"Person\",\"@id\":\"https:\/\/www.sedesoruro.gob.bo\/#\/schema\/person\/269b8053e5fc16d4191978ba1f4ccfb0\",\"name\":\"userdesse\",\"image\":{\"@type\":\"ImageObject\",\"inLanguage\":\"es\",\"@id\":\"https:\/\/www.sedesoruro.gob.bo\/#\/schema\/person\/image\/\",\"url\":\"https:\/\/secure.gravatar.com\/avatar\/d620fe5460db87edd265e5743d4b6428870636320ba06173d03a4368a03d84aa?s=96&d=mm&r=g\",\"contentUrl\":\"https:\/\/secure.gravatar.com\/avatar\/d620fe5460db87edd265e5743d4b6428870636320ba06173d03a4368a03d84aa?s=96&d=mm&r=g\",\"caption\":\"userdesse\"},\"sameAs\":[\"http:\/\/www.sedesoruro.gob.bo\"]}]}<\/script>\n<!-- \/ Yoast SEO plugin. -->","yoast_head_json":{"title":"SEDES CAPACITA A M\u00c9DICOS EN TEMAS RELACIONADOS A LA SALUD MENTAL","description":"Los m\u00e9dicos operativos de los establecimientos de salud de las redes urbano y rural, fueron capacitados por el \u00c1rea Salud Mental y F\u00edsica del Servicio","robots":{"index":"index","follow":"follow","max-snippet":"max-snippet:-1","max-image-preview":"max-image-preview:large","max-video-preview":"max-video-preview:-1"},"canonical":"https:\/\/www.sedesoruro.gob.bo\/index.php\/2024\/11\/18\/sedes-capacita-a-medicos-en-temas-relacionados-a-la-salud-mental\/","og_locale":"es_ES","og_type":"article","og_title":"SEDES CAPACITA A M\u00c9DICOS EN TEMAS RELACIONADOS A LA SALUD MENTAL","og_description":"Los m\u00e9dicos operativos de los establecimientos de salud de las redes urbano y rural, fueron capacitados por el \u00c1rea Salud Mental y F\u00edsica del Servicio","og_url":"https:\/\/www.sedesoruro.gob.bo\/index.php\/2024\/11\/18\/sedes-capacita-a-medicos-en-temas-relacionados-a-la-salud-mental\/","og_site_name":"SERVICIO DEPARTAMENTAL DE SALUD - ORURO","article_publisher":"https:\/\/www.facebook.com\/SEDESOR","article_published_time":"2024-11-18T21:00:54+00:00","article_modified_time":"2024-11-18T21:08:33+00:00","og_image":[{"width":1080,"height":720,"url":"https:\/\/www.sedesoruro.gob.bo\/wp-content\/uploads\/2024\/11\/WhatsApp-Image-2024-11-01-at-11.00.08-AM.jpeg","type":"image\/jpeg"}],"author":"userdesse","twitter_card":"summary_large_image","twitter_misc":{"Escrito por":"userdesse","Tiempo de lectura":"2 minutos"},"schema":{"@context":"https:\/\/schema.org","@graph":[{"@type":"Article","@id":"https:\/\/www.sedesoruro.gob.bo\/index.php\/2024\/11\/18\/sedes-capacita-a-medicos-en-temas-relacionados-a-la-salud-mental\/#article","isPartOf":{"@id":"https:\/\/www.sedesoruro.gob.bo\/index.php\/2024\/11\/18\/sedes-capacita-a-medicos-en-temas-relacionados-a-la-salud-mental\/"},"author":{"name":"userdesse","@id":"https:\/\/www.sedesoruro.gob.bo\/#\/schema\/person\/269b8053e5fc16d4191978ba1f4ccfb0"},"headline":"SEDES CAPACITA A M\u00c9DICOS EN TEMAS RELACIONADOS A LA SALUD MENTAL","datePublished":"2024-11-18T21:00:54+00:00","dateModified":"2024-11-18T21:08:33+00:00","mainEntityOfPage":{"@id":"https:\/\/www.sedesoruro.gob.bo\/index.php\/2024\/11\/18\/sedes-capacita-a-medicos-en-temas-relacionados-a-la-salud-mental\/"},"wordCount":248,"publisher":{"@id":"https:\/\/www.sedesoruro.gob.bo\/#organization"},"image":{"@id":"https:\/\/www.sedesoruro.gob.bo\/index.php\/2024\/11\/18\/sedes-capacita-a-medicos-en-temas-relacionados-a-la-salud-mental\/#primaryimage"},"thumbnailUrl":"https:\/\/www.sedesoruro.gob.bo\/wp-content\/uploads\/2024\/11\/WhatsApp-Image-2024-11-01-at-11.00.08-AM.jpeg","articleSection":["INICIO"],"inLanguage":"es"},{"@type":"WebPage","@id":"https:\/\/www.sedesoruro.gob.bo\/index.php\/2024\/11\/18\/sedes-capacita-a-medicos-en-temas-relacionados-a-la-salud-mental\/","url":"https:\/\/www.sedesoruro.gob.bo\/index.php\/2024\/11\/18\/sedes-capacita-a-medicos-en-temas-relacionados-a-la-salud-mental\/","name":"SEDES CAPACITA A M\u00c9DICOS EN TEMAS RELACIONADOS A LA SALUD MENTAL","isPartOf":{"@id":"https:\/\/www.sedesoruro.gob.bo\/#website"},"primaryImageOfPage":{"@id":"https:\/\/www.sedesoruro.gob.bo\/index.php\/2024\/11\/18\/sedes-capacita-a-medicos-en-temas-relacionados-a-la-salud-mental\/#primaryimage"},"image":{"@id":"https:\/\/www.sedesoruro.gob.bo\/index.php\/2024\/11\/18\/sedes-capacita-a-medicos-en-temas-relacionados-a-la-salud-mental\/#primaryimage"},"thumbnailUrl":"https:\/\/www.sedesoruro.gob.bo\/wp-content\/uploads\/2024\/11\/WhatsApp-Image-2024-11-01-at-11.00.08-AM.jpeg","datePublished":"2024-11-18T21:00:54+00:00","dateModified":"2024-11-18T21:08:33+00:00","description":"Los m\u00e9dicos operativos de los establecimientos de salud de las redes urbano y rural, fueron capacitados por el \u00c1rea Salud Mental y F\u00edsica del Servicio","breadcrumb":{"@id":"https:\/\/www.sedesoruro.gob.bo\/index.php\/2024\/11\/18\/sedes-capacita-a-medicos-en-temas-relacionados-a-la-salud-mental\/#breadcrumb"},"inLanguage":"es","potentialAction":[{"@type":"ReadAction","target":["https:\/\/www.sedesoruro.gob.bo\/index.php\/2024\/11\/18\/sedes-capacita-a-medicos-en-temas-relacionados-a-la-salud-mental\/"]}]},{"@type":"ImageObject","inLanguage":"es","@id":"https:\/\/www.sedesoruro.gob.bo\/index.php\/2024\/11\/18\/sedes-capacita-a-medicos-en-temas-relacionados-a-la-salud-mental\/#primaryimage","url":"https:\/\/www.sedesoruro.gob.bo\/wp-content\/uploads\/2024\/11\/WhatsApp-Image-2024-11-01-at-11.00.08-AM.jpeg","contentUrl":"https:\/\/www.sedesoruro.gob.bo\/wp-content\/uploads\/2024\/11\/WhatsApp-Image-2024-11-01-at-11.00.08-AM.jpeg","width":1080,"height":720},{"@type":"BreadcrumbList","@id":"https:\/\/www.sedesoruro.gob.bo\/index.php\/2024\/11\/18\/sedes-capacita-a-medicos-en-temas-relacionados-a-la-salud-mental\/#breadcrumb","itemListElement":[{"@type":"ListItem","position":1,"name":"Portada","item":"https:\/\/www.sedesoruro.gob.bo\/"},{"@type":"ListItem","position":2,"name":"SEDES CAPACITA A M\u00c9DICOS EN TEMAS RELACIONADOS A LA SALUD MENTAL"}]},{"@type":"WebSite","@id":"https:\/\/www.sedesoruro.gob.bo\/#website","url":"https:\/\/www.sedesoruro.gob.bo\/","name":"sedesoruro.gob.bo","description":"SERVICIO DEPARTAMENTAL DE SALUD - ORURO","publisher":{"@id":"https:\/\/www.sedesoruro.gob.bo\/#organization"},"alternateName":"Servicio Departamental de Salud - Oruro","potentialAction":[{"@type":"SearchAction","target":{"@type":"EntryPoint","urlTemplate":"https:\/\/www.sedesoruro.gob.bo\/?s={search_term_string}"},"query-input":"required name=search_term_string"}],"inLanguage":"es"},{"@type":"Organization","@id":"https:\/\/www.sedesoruro.gob.bo\/#organization","name":"Servicio Departamental de Salud - Oruro","alternateName":"SEDES ORURO","url":"https:\/\/www.sedesoruro.gob.bo\/","logo":{"@type":"ImageObject","inLanguage":"es","@id":"https:\/\/www.sedesoruro.gob.bo\/#\/schema\/logo\/image\/","url":"https:\/\/www.sedesoruro.gob.bo\/wp-content\/uploads\/2024\/08\/LOGO-SEDES.jpg","contentUrl":"https:\/\/www.sedesoruro.gob.bo\/wp-content\/uploads\/2024\/08\/LOGO-SEDES.jpg","width":226,"height":223,"caption":"Servicio Departamental de Salud - Oruro"},"image":{"@id":"https:\/\/www.sedesoruro.gob.bo\/#\/schema\/logo\/image\/"},"sameAs":["https:\/\/www.facebook.com\/SEDESOR"]},{"@type":"Person","@id":"https:\/\/www.sedesoruro.gob.bo\/#\/schema\/person\/269b8053e5fc16d4191978ba1f4ccfb0","name":"userdesse","image":{"@type":"ImageObject","inLanguage":"es","@id":"https:\/\/www.sedesoruro.gob.bo\/#\/schema\/person\/image\/","url":"https:\/\/secure.gravatar.com\/avatar\/d620fe5460db87edd265e5743d4b6428870636320ba06173d03a4368a03d84aa?s=96&d=mm&r=g","contentUrl":"https:\/\/secure.gravatar.com\/avatar\/d620fe5460db87edd265e5743d4b6428870636320ba06173d03a4368a03d84aa?s=96&d=mm&r=g","caption":"userdesse"},"sameAs":["http:\/\/www.sedesoruro.gob.bo"]}]}},"_links":{"self":[{"href":"https:\/\/www.sedesoruro.gob.bo\/index.php\/wp-json\/wp\/v2\/posts\/3980","targetHints":{"allow":["GET"]}}],"collection":[{"href":"https:\/\/www.sedesoruro.gob.bo\/index.php\/wp-json\/wp\/v2\/posts"}],"about":[{"href":"https:\/\/www.sedesoruro.gob.bo\/index.php\/wp-json\/wp\/v2\/types\/post"}],"author":[{"embeddable":true,"href":"https:\/\/www.sedesoruro.gob.bo\/index.php\/wp-json\/wp\/v2\/users\/1"}],"replies":[{"embeddable":true,"href":"https:\/\/www.sedesoruro.gob.bo\/index.php\/wp-json\/wp\/v2\/comments?post=3980"}],"version-history":[{"count":4,"href":"https:\/\/www.sedesoruro.gob.bo\/index.php\/wp-json\/wp\/v2\/posts\/3980\/revisions"}],"predecessor-version":[{"id":3989,"href":"https:\/\/www.sedesoruro.gob.bo\/index.php\/wp-json\/wp\/v2\/posts\/3980\/revisions\/3989"}],"wp:featuredmedia":[{"embeddable":true,"href":"https:\/\/www.sedesoruro.gob.bo\/index.php\/wp-json\/wp\/v2\/media\/3984"}],"wp:attachment":[{"href":"https:\/\/www.sedesoruro.gob.bo\/index.php\/wp-json\/wp\/v2\/media?parent=3980"}],"wp:term":[{"taxonomy":"category","embeddable":true,"href":"https:\/\/www.sedesoruro.gob.bo\/index.php\/wp-json\/wp\/v2\/categories?post=3980"},{"taxonomy":"post_tag","embeddable":true,"href":"https:\/\/www.sedesoruro.gob.bo\/index.php\/wp-json\/wp\/v2\/tags?post=3980"}],"curies":[{"name":"wp","href":"https:\/\/api.w.org\/{rel}","templated":true}]}}