{"id":3994,"date":"2024-11-19T09:53:23","date_gmt":"2024-11-19T13:53:23","guid":{"rendered":"https:\/\/www.sedesoruro.gob.bo\/?p=3994"},"modified":"2024-11-19T09:58:41","modified_gmt":"2024-11-19T13:58:41","slug":"capacitacion-a-medicos-safci-mejorara-la-atencion-en-salud-para-los-adultos-mayores","status":"publish","type":"post","link":"https:\/\/www.sedesoruro.gob.bo\/index.php\/2024\/11\/19\/capacitacion-a-medicos-safci-mejorara-la-atencion-en-salud-para-los-adultos-mayores\/","title":{"rendered":"CAPACITACI\u00d3N A M\u00c9DICOS SAFCI MEJORAR\u00c1 LA ATENCI\u00d3N EN SALUD PARA LOS ADULTOS MAYORES"},"content":{"rendered":"\t\t<div data-elementor-type=\"wp-post\" data-elementor-id=\"3994\" class=\"elementor elementor-3994\">\n\t\t\t\t<div class=\"elementor-element elementor-element-3f5ac2b e-flex e-con-boxed e-con e-parent\" data-id=\"3f5ac2b\" data-element_type=\"container\">\n\t\t\t\t\t<div class=\"e-con-inner\">\n\t\t<div class=\"elementor-element elementor-element-e005b26 e-con-full e-flex e-con e-child\" data-id=\"e005b26\" data-element_type=\"container\">\n\t\t\t\t<div class=\"elementor-element elementor-element-fd5b15a elementor-widget elementor-widget-text-editor\" data-id=\"fd5b15a\" data-element_type=\"widget\" data-widget_type=\"text-editor.default\">\n\t\t\t\t<div class=\"elementor-widget-container\">\n\t\t\t\t\t\t\t\t\t<p>A trav\u00e9s del \u00c1rea del Adulto Mayor del Servicio Departamental de Salud (SEDES) Oruro, se realiz\u00f3 la capacitaci\u00f3n a los m\u00e9dicos SAFCI (Salud Familiar Comunitaria Intercultural) sobre la atenci\u00f3n integral y geri\u00e1trica, orientada a mejorar los servicios de salud que se prestan a las personas de la tercera edad.<\/p><p>La Lic. Lucy \u00c1lvarez, responsable del \u00c1rea Adulto Mayor del SEDES, se\u00f1alo que el taller se desarroll\u00f3 en cumplimiento de los protocolos de atenci\u00f3n del continuo del curso de la vida, es decir, la atenci\u00f3n que se debe brindar a las personas de la tercera edad, dicho taller fue orientado a los m\u00e9dicos especialistas SAFCI para que se pueda aprovechar su capacidad de llegar hasta los \u00faltimos rincones de la regi\u00f3n para mejorar y aumentar la cobertura de atenci\u00f3n tanto en los centros de salud como en los domicilios particulares del \u00e1rea rural y urbano.<\/p>\t\t\t\t\t\t\t\t<\/div>\n\t\t\t\t<\/div>\n\t\t\t\t<\/div>\n\t\t<div class=\"elementor-element elementor-element-af89eee e-con-full e-flex e-con e-child\" data-id=\"af89eee\" data-element_type=\"container\">\n\t\t\t\t<div class=\"elementor-element elementor-element-41dd0f0 elementor-widget elementor-widget-image\" data-id=\"41dd0f0\" data-element_type=\"widget\" data-widget_type=\"image.default\">\n\t\t\t\t<div class=\"elementor-widget-container\">\n\t\t\t\t\t\t\t\t\t\t\t\t\t\t\t<img fetchpriority=\"high\" decoding=\"async\" width=\"1024\" height=\"683\" src=\"https:\/\/www.sedesoruro.gob.bo\/wp-content\/uploads\/2024\/11\/WhatsApp-Image-2024-11-01-at-11.02.34-AM-1-1024x683.jpeg\" class=\"attachment-large size-large wp-image-3999\" alt=\"\" srcset=\"https:\/\/www.sedesoruro.gob.bo\/wp-content\/uploads\/2024\/11\/WhatsApp-Image-2024-11-01-at-11.02.34-AM-1-1024x683.jpeg 1024w, https:\/\/www.sedesoruro.gob.bo\/wp-content\/uploads\/2024\/11\/WhatsApp-Image-2024-11-01-at-11.02.34-AM-1-300x200.jpeg 300w\" sizes=\"(max-width: 1024px) 100vw, 1024px\" \/>\t\t\t\t\t\t\t\t\t\t\t\t\t\t\t<\/div>\n\t\t\t\t<\/div>\n\t\t\t\t<\/div>\n\t\t\t\t\t<\/div>\n\t\t\t\t<\/div>\n\t\t<div class=\"elementor-element elementor-element-d88e1cd e-flex e-con-boxed e-con e-parent\" data-id=\"d88e1cd\" data-element_type=\"container\">\n\t\t\t\t\t<div class=\"e-con-inner\">\n\t\t<div class=\"elementor-element elementor-element-276a3cd e-con-full e-flex e-con e-child\" data-id=\"276a3cd\" data-element_type=\"container\">\n\t\t\t\t<div class=\"elementor-element elementor-element-e426a39 elementor-widget elementor-widget-image\" data-id=\"e426a39\" data-element_type=\"widget\" data-widget_type=\"image.default\">\n\t\t\t\t<div class=\"elementor-widget-container\">\n\t\t\t\t\t\t\t\t\t\t\t\t\t\t\t<img decoding=\"async\" width=\"876\" height=\"1024\" src=\"https:\/\/www.sedesoruro.gob.bo\/wp-content\/uploads\/2024\/11\/WhatsApp-Image-2024-11-01-at-11.02.33-AM-1-876x1024.jpeg\" class=\"attachment-large size-large wp-image-3996\" alt=\"\" srcset=\"https:\/\/www.sedesoruro.gob.bo\/wp-content\/uploads\/2024\/11\/WhatsApp-Image-2024-11-01-at-11.02.33-AM-1-876x1024.jpeg 876w, https:\/\/www.sedesoruro.gob.bo\/wp-content\/uploads\/2024\/11\/WhatsApp-Image-2024-11-01-at-11.02.33-AM-1-257x300.jpeg 257w\" sizes=\"(max-width: 876px) 100vw, 876px\" \/>\t\t\t\t\t\t\t\t\t\t\t\t\t\t\t<\/div>\n\t\t\t\t<\/div>\n\t\t\t\t<\/div>\n\t\t<div class=\"elementor-element elementor-element-211ee3b e-con-full e-flex e-con e-child\" data-id=\"211ee3b\" data-element_type=\"container\">\n\t\t\t\t<div class=\"elementor-element elementor-element-b880525 elementor-widget elementor-widget-image\" data-id=\"b880525\" data-element_type=\"widget\" data-widget_type=\"image.default\">\n\t\t\t\t<div class=\"elementor-widget-container\">\n\t\t\t\t\t\t\t\t\t\t\t\t\t\t\t<img decoding=\"async\" width=\"1024\" height=\"822\" src=\"https:\/\/www.sedesoruro.gob.bo\/wp-content\/uploads\/2024\/11\/WhatsApp-Image-2024-11-01-at-11.02.33-AM-2-1024x822.jpeg\" class=\"attachment-large size-large wp-image-3997\" alt=\"\" srcset=\"https:\/\/www.sedesoruro.gob.bo\/wp-content\/uploads\/2024\/11\/WhatsApp-Image-2024-11-01-at-11.02.33-AM-2-1024x822.jpeg 1024w, https:\/\/www.sedesoruro.gob.bo\/wp-content\/uploads\/2024\/11\/WhatsApp-Image-2024-11-01-at-11.02.33-AM-2-300x241.jpeg 300w\" sizes=\"(max-width: 1024px) 100vw, 1024px\" \/>\t\t\t\t\t\t\t\t\t\t\t\t\t\t\t<\/div>\n\t\t\t\t<\/div>\n\t\t\t\t<\/div>\n\t\t\t\t\t<\/div>\n\t\t\t\t<\/div>\n\t\t<div class=\"elementor-element elementor-element-6904101 e-flex e-con-boxed e-con e-parent\" data-id=\"6904101\" data-element_type=\"container\">\n\t\t\t\t\t<div class=\"e-con-inner\">\n\t\t\t\t<div class=\"elementor-element elementor-element-2d5d9b4 elementor-widget elementor-widget-text-editor\" data-id=\"2d5d9b4\" data-element_type=\"widget\" data-widget_type=\"text-editor.default\">\n\t\t\t\t<div class=\"elementor-widget-container\">\n\t\t\t\t\t\t\t\t\t<p>Lo que se pretende es que los m\u00e9dicos SAFCI, puedan vigilar y detectar a personas de la tercera edad que presenten problemas propios de la edad como el tema cognitivo, problemas de movilidad, depresi\u00f3n, agudeza visual, auditiva, entre otros.<\/p><p>Actualmente se esta detectando pacientes adultos mayores con algunas enfermedades cr\u00f3nicas como la diabetes, hipertensi\u00f3n, obesidad; la idea es que estos pacientes puedan ser atendidos en los primeros niveles de salud para que sean detectados y luego ser referidos a los especialistas para su tratamiento.<\/p>\t\t\t\t\t\t\t\t<\/div>\n\t\t\t\t<\/div>\n\t\t\t\t\t<\/div>\n\t\t\t\t<\/div>\n\t\t<div class=\"elementor-element elementor-element-6dc2def e-flex e-con-boxed e-con e-parent\" data-id=\"6dc2def\" data-element_type=\"container\">\n\t\t\t\t\t<div class=\"e-con-inner\">\n\t\t<div class=\"elementor-element elementor-element-8342e78 e-con-full e-flex e-con e-child\" data-id=\"8342e78\" data-element_type=\"container\">\n\t\t\t\t<div class=\"elementor-element elementor-element-a44e163 elementor-widget elementor-widget-image\" data-id=\"a44e163\" data-element_type=\"widget\" data-widget_type=\"image.default\">\n\t\t\t\t<div class=\"elementor-widget-container\">\n\t\t\t\t\t\t\t\t\t\t\t\t\t\t\t<img loading=\"lazy\" decoding=\"async\" width=\"1024\" height=\"795\" src=\"https:\/\/www.sedesoruro.gob.bo\/wp-content\/uploads\/2024\/11\/WhatsApp-Image-2024-11-01-at-11.02.34-AM-1024x795.jpeg\" class=\"attachment-large size-large wp-image-4001\" alt=\"\" srcset=\"https:\/\/www.sedesoruro.gob.bo\/wp-content\/uploads\/2024\/11\/WhatsApp-Image-2024-11-01-at-11.02.34-AM-1024x795.jpeg 1024w, https:\/\/www.sedesoruro.gob.bo\/wp-content\/uploads\/2024\/11\/WhatsApp-Image-2024-11-01-at-11.02.34-AM-300x233.jpeg 300w\" sizes=\"(max-width: 1024px) 100vw, 1024px\" \/>\t\t\t\t\t\t\t\t\t\t\t\t\t\t\t<\/div>\n\t\t\t\t<\/div>\n\t\t\t\t<\/div>\n\t\t<div class=\"elementor-element elementor-element-4403e15 e-con-full e-flex e-con e-child\" data-id=\"4403e15\" data-element_type=\"container\">\n\t\t\t\t<div class=\"elementor-element elementor-element-94192d1 elementor-widget elementor-widget-image\" data-id=\"94192d1\" data-element_type=\"widget\" data-widget_type=\"image.default\">\n\t\t\t\t<div class=\"elementor-widget-container\">\n\t\t\t\t\t\t\t\t\t\t\t\t\t\t\t<img loading=\"lazy\" decoding=\"async\" width=\"1024\" height=\"914\" src=\"https:\/\/www.sedesoruro.gob.bo\/wp-content\/uploads\/2024\/11\/WhatsApp-Image-2024-11-01-at-11.02.34-AM-2-1024x914.jpeg\" class=\"attachment-large size-large wp-image-4000\" alt=\"\" srcset=\"https:\/\/www.sedesoruro.gob.bo\/wp-content\/uploads\/2024\/11\/WhatsApp-Image-2024-11-01-at-11.02.34-AM-2-1024x914.jpeg 1024w, https:\/\/www.sedesoruro.gob.bo\/wp-content\/uploads\/2024\/11\/WhatsApp-Image-2024-11-01-at-11.02.34-AM-2-300x268.jpeg 300w\" sizes=\"(max-width: 1024px) 100vw, 1024px\" \/>\t\t\t\t\t\t\t\t\t\t\t\t\t\t\t<\/div>\n\t\t\t\t<\/div>\n\t\t\t\t<\/div>\n\t\t\t\t\t<\/div>\n\t\t\t\t<\/div>\n\t\t\t\t<\/div>\n\t\t","protected":false},"excerpt":{"rendered":"<p>A trav\u00e9s del \u00c1rea del Adulto Mayor del Servicio Departamental de Salud (SEDES) Oruro, se realiz\u00f3 la capacitaci\u00f3n a los m\u00e9dicos SAFCI (Salud Familiar Comunitaria Intercultural) sobre la atenci\u00f3n integral y geri\u00e1trica, orientada a&#46;&#46;&#46;<\/p>\n","protected":false},"author":1,"featured_media":3998,"comment_status":"closed","ping_status":"open","sticky":false,"template":"","format":"standard","meta":{"_cbd_carousel_blocks":"[]","footnotes":""},"categories":[59,17,1,50],"tags":[],"class_list":["post-3994","post","type-post","status-publish","format-standard","has-post-thumbnail","hentry","category-adulto-mayor","category-comunicacion","category-inicio","category-promocion"],"yoast_head":"<!-- This site is optimized with the Yoast SEO plugin v23.1 - https:\/\/yoast.com\/wordpress\/plugins\/seo\/ -->\n<title>CAPACITACI\u00d3N A M\u00c9DICOS SAFCI MEJORAR\u00c1 LA ATENCI\u00d3N EN SALUD PARA LOS ADULTOS MAYORES<\/title>\n<meta name=\"description\" content=\"A trav\u00e9s del \u00c1rea del Adulto Mayor del Servicio Departamental de Salud (SEDES) Oruro, se realiz\u00f3 la capacitaci\u00f3n a los m\u00e9dicos SAFCI (Salud Familiar\" \/>\n<meta name=\"robots\" content=\"index, follow, max-snippet:-1, max-image-preview:large, max-video-preview:-1\" \/>\n<link rel=\"canonical\" href=\"https:\/\/www.sedesoruro.gob.bo\/index.php\/2024\/11\/19\/capacitacion-a-medicos-safci-mejorara-la-atencion-en-salud-para-los-adultos-mayores\/\" \/>\n<meta property=\"og:locale\" content=\"es_ES\" \/>\n<meta property=\"og:type\" content=\"article\" \/>\n<meta property=\"og:title\" content=\"CAPACITACI\u00d3N A M\u00c9DICOS SAFCI MEJORAR\u00c1 LA ATENCI\u00d3N EN SALUD PARA LOS ADULTOS MAYORES\" \/>\n<meta property=\"og:description\" content=\"A trav\u00e9s del \u00c1rea del Adulto Mayor del Servicio Departamental de Salud (SEDES) Oruro, se realiz\u00f3 la capacitaci\u00f3n a los m\u00e9dicos SAFCI (Salud Familiar\" \/>\n<meta property=\"og:url\" content=\"https:\/\/www.sedesoruro.gob.bo\/index.php\/2024\/11\/19\/capacitacion-a-medicos-safci-mejorara-la-atencion-en-salud-para-los-adultos-mayores\/\" \/>\n<meta property=\"og:site_name\" content=\"SERVICIO DEPARTAMENTAL DE SALUD - ORURO\" \/>\n<meta property=\"article:publisher\" content=\"https:\/\/www.facebook.com\/SEDESOR\" \/>\n<meta property=\"article:published_time\" content=\"2024-11-19T13:53:23+00:00\" \/>\n<meta property=\"article:modified_time\" content=\"2024-11-19T13:58:41+00:00\" \/>\n<meta property=\"og:image\" content=\"https:\/\/www.sedesoruro.gob.bo\/wp-content\/uploads\/2024\/11\/WhatsApp-Image-2024-11-01-at-11.02.33-AM.jpeg\" \/>\n\t<meta property=\"og:image:width\" content=\"1080\" \/>\n\t<meta property=\"og:image:height\" content=\"720\" \/>\n\t<meta property=\"og:image:type\" content=\"image\/jpeg\" \/>\n<meta name=\"author\" content=\"userdesse\" \/>\n<meta name=\"twitter:card\" content=\"summary_large_image\" \/>\n<meta name=\"twitter:label1\" content=\"Escrito por\" \/>\n\t<meta name=\"twitter:data1\" content=\"userdesse\" \/>\n\t<meta name=\"twitter:label2\" content=\"Tiempo de lectura\" \/>\n\t<meta name=\"twitter:data2\" content=\"3 minutos\" \/>\n<script type=\"application\/ld+json\" class=\"yoast-schema-graph\">{\"@context\":\"https:\/\/schema.org\",\"@graph\":[{\"@type\":\"Article\",\"@id\":\"https:\/\/www.sedesoruro.gob.bo\/index.php\/2024\/11\/19\/capacitacion-a-medicos-safci-mejorara-la-atencion-en-salud-para-los-adultos-mayores\/#article\",\"isPartOf\":{\"@id\":\"https:\/\/www.sedesoruro.gob.bo\/index.php\/2024\/11\/19\/capacitacion-a-medicos-safci-mejorara-la-atencion-en-salud-para-los-adultos-mayores\/\"},\"author\":{\"name\":\"userdesse\",\"@id\":\"https:\/\/www.sedesoruro.gob.bo\/#\/schema\/person\/269b8053e5fc16d4191978ba1f4ccfb0\"},\"headline\":\"CAPACITACI\u00d3N A M\u00c9DICOS SAFCI MEJORAR\u00c1 LA ATENCI\u00d3N EN SALUD PARA LOS ADULTOS MAYORES\",\"datePublished\":\"2024-11-19T13:53:23+00:00\",\"dateModified\":\"2024-11-19T13:58:41+00:00\",\"mainEntityOfPage\":{\"@id\":\"https:\/\/www.sedesoruro.gob.bo\/index.php\/2024\/11\/19\/capacitacion-a-medicos-safci-mejorara-la-atencion-en-salud-para-los-adultos-mayores\/\"},\"wordCount\":259,\"publisher\":{\"@id\":\"https:\/\/www.sedesoruro.gob.bo\/#organization\"},\"image\":{\"@id\":\"https:\/\/www.sedesoruro.gob.bo\/index.php\/2024\/11\/19\/capacitacion-a-medicos-safci-mejorara-la-atencion-en-salud-para-los-adultos-mayores\/#primaryimage\"},\"thumbnailUrl\":\"https:\/\/www.sedesoruro.gob.bo\/wp-content\/uploads\/2024\/11\/WhatsApp-Image-2024-11-01-at-11.02.33-AM.jpeg\",\"articleSection\":[\"ADULTO MAYOR\",\"COMUNICAC\u00cdON\",\"INICIO\",\"PROMOCI\u00d3N\"],\"inLanguage\":\"es\"},{\"@type\":\"WebPage\",\"@id\":\"https:\/\/www.sedesoruro.gob.bo\/index.php\/2024\/11\/19\/capacitacion-a-medicos-safci-mejorara-la-atencion-en-salud-para-los-adultos-mayores\/\",\"url\":\"https:\/\/www.sedesoruro.gob.bo\/index.php\/2024\/11\/19\/capacitacion-a-medicos-safci-mejorara-la-atencion-en-salud-para-los-adultos-mayores\/\",\"name\":\"CAPACITACI\u00d3N A M\u00c9DICOS SAFCI MEJORAR\u00c1 LA ATENCI\u00d3N EN SALUD PARA LOS ADULTOS MAYORES\",\"isPartOf\":{\"@id\":\"https:\/\/www.sedesoruro.gob.bo\/#website\"},\"primaryImageOfPage\":{\"@id\":\"https:\/\/www.sedesoruro.gob.bo\/index.php\/2024\/11\/19\/capacitacion-a-medicos-safci-mejorara-la-atencion-en-salud-para-los-adultos-mayores\/#primaryimage\"},\"image\":{\"@id\":\"https:\/\/www.sedesoruro.gob.bo\/index.php\/2024\/11\/19\/capacitacion-a-medicos-safci-mejorara-la-atencion-en-salud-para-los-adultos-mayores\/#primaryimage\"},\"thumbnailUrl\":\"https:\/\/www.sedesoruro.gob.bo\/wp-content\/uploads\/2024\/11\/WhatsApp-Image-2024-11-01-at-11.02.33-AM.jpeg\",\"datePublished\":\"2024-11-19T13:53:23+00:00\",\"dateModified\":\"2024-11-19T13:58:41+00:00\",\"description\":\"A trav\u00e9s del \u00c1rea del Adulto Mayor del Servicio Departamental de Salud (SEDES) Oruro, se realiz\u00f3 la capacitaci\u00f3n a los m\u00e9dicos SAFCI (Salud Familiar\",\"breadcrumb\":{\"@id\":\"https:\/\/www.sedesoruro.gob.bo\/index.php\/2024\/11\/19\/capacitacion-a-medicos-safci-mejorara-la-atencion-en-salud-para-los-adultos-mayores\/#breadcrumb\"},\"inLanguage\":\"es\",\"potentialAction\":[{\"@type\":\"ReadAction\",\"target\":[\"https:\/\/www.sedesoruro.gob.bo\/index.php\/2024\/11\/19\/capacitacion-a-medicos-safci-mejorara-la-atencion-en-salud-para-los-adultos-mayores\/\"]}]},{\"@type\":\"ImageObject\",\"inLanguage\":\"es\",\"@id\":\"https:\/\/www.sedesoruro.gob.bo\/index.php\/2024\/11\/19\/capacitacion-a-medicos-safci-mejorara-la-atencion-en-salud-para-los-adultos-mayores\/#primaryimage\",\"url\":\"https:\/\/www.sedesoruro.gob.bo\/wp-content\/uploads\/2024\/11\/WhatsApp-Image-2024-11-01-at-11.02.33-AM.jpeg\",\"contentUrl\":\"https:\/\/www.sedesoruro.gob.bo\/wp-content\/uploads\/2024\/11\/WhatsApp-Image-2024-11-01-at-11.02.33-AM.jpeg\",\"width\":1080,\"height\":720},{\"@type\":\"BreadcrumbList\",\"@id\":\"https:\/\/www.sedesoruro.gob.bo\/index.php\/2024\/11\/19\/capacitacion-a-medicos-safci-mejorara-la-atencion-en-salud-para-los-adultos-mayores\/#breadcrumb\",\"itemListElement\":[{\"@type\":\"ListItem\",\"position\":1,\"name\":\"Portada\",\"item\":\"https:\/\/www.sedesoruro.gob.bo\/\"},{\"@type\":\"ListItem\",\"position\":2,\"name\":\"CAPACITACI\u00d3N A M\u00c9DICOS SAFCI MEJORAR\u00c1 LA ATENCI\u00d3N EN SALUD PARA LOS ADULTOS MAYORES\"}]},{\"@type\":\"WebSite\",\"@id\":\"https:\/\/www.sedesoruro.gob.bo\/#website\",\"url\":\"https:\/\/www.sedesoruro.gob.bo\/\",\"name\":\"sedesoruro.gob.bo\",\"description\":\"SERVICIO DEPARTAMENTAL DE SALUD - ORURO\",\"publisher\":{\"@id\":\"https:\/\/www.sedesoruro.gob.bo\/#organization\"},\"alternateName\":\"Servicio Departamental de Salud - Oruro\",\"potentialAction\":[{\"@type\":\"SearchAction\",\"target\":{\"@type\":\"EntryPoint\",\"urlTemplate\":\"https:\/\/www.sedesoruro.gob.bo\/?s={search_term_string}\"},\"query-input\":\"required name=search_term_string\"}],\"inLanguage\":\"es\"},{\"@type\":\"Organization\",\"@id\":\"https:\/\/www.sedesoruro.gob.bo\/#organization\",\"name\":\"Servicio Departamental de Salud - Oruro\",\"alternateName\":\"SEDES ORURO\",\"url\":\"https:\/\/www.sedesoruro.gob.bo\/\",\"logo\":{\"@type\":\"ImageObject\",\"inLanguage\":\"es\",\"@id\":\"https:\/\/www.sedesoruro.gob.bo\/#\/schema\/logo\/image\/\",\"url\":\"https:\/\/www.sedesoruro.gob.bo\/wp-content\/uploads\/2024\/08\/LOGO-SEDES.jpg\",\"contentUrl\":\"https:\/\/www.sedesoruro.gob.bo\/wp-content\/uploads\/2024\/08\/LOGO-SEDES.jpg\",\"width\":226,\"height\":223,\"caption\":\"Servicio Departamental de Salud - Oruro\"},\"image\":{\"@id\":\"https:\/\/www.sedesoruro.gob.bo\/#\/schema\/logo\/image\/\"},\"sameAs\":[\"https:\/\/www.facebook.com\/SEDESOR\"]},{\"@type\":\"Person\",\"@id\":\"https:\/\/www.sedesoruro.gob.bo\/#\/schema\/person\/269b8053e5fc16d4191978ba1f4ccfb0\",\"name\":\"userdesse\",\"image\":{\"@type\":\"ImageObject\",\"inLanguage\":\"es\",\"@id\":\"https:\/\/www.sedesoruro.gob.bo\/#\/schema\/person\/image\/\",\"url\":\"https:\/\/secure.gravatar.com\/avatar\/d620fe5460db87edd265e5743d4b6428870636320ba06173d03a4368a03d84aa?s=96&d=mm&r=g\",\"contentUrl\":\"https:\/\/secure.gravatar.com\/avatar\/d620fe5460db87edd265e5743d4b6428870636320ba06173d03a4368a03d84aa?s=96&d=mm&r=g\",\"caption\":\"userdesse\"},\"sameAs\":[\"http:\/\/www.sedesoruro.gob.bo\"]}]}<\/script>\n<!-- \/ Yoast SEO plugin. -->","yoast_head_json":{"title":"CAPACITACI\u00d3N A M\u00c9DICOS SAFCI MEJORAR\u00c1 LA ATENCI\u00d3N EN SALUD PARA LOS ADULTOS MAYORES","description":"A trav\u00e9s del \u00c1rea del Adulto Mayor del Servicio Departamental de Salud (SEDES) Oruro, se realiz\u00f3 la capacitaci\u00f3n a los m\u00e9dicos SAFCI (Salud Familiar","robots":{"index":"index","follow":"follow","max-snippet":"max-snippet:-1","max-image-preview":"max-image-preview:large","max-video-preview":"max-video-preview:-1"},"canonical":"https:\/\/www.sedesoruro.gob.bo\/index.php\/2024\/11\/19\/capacitacion-a-medicos-safci-mejorara-la-atencion-en-salud-para-los-adultos-mayores\/","og_locale":"es_ES","og_type":"article","og_title":"CAPACITACI\u00d3N A M\u00c9DICOS SAFCI MEJORAR\u00c1 LA ATENCI\u00d3N EN SALUD PARA LOS ADULTOS MAYORES","og_description":"A trav\u00e9s del \u00c1rea del Adulto Mayor del Servicio Departamental de Salud (SEDES) Oruro, se realiz\u00f3 la capacitaci\u00f3n a los m\u00e9dicos SAFCI (Salud Familiar","og_url":"https:\/\/www.sedesoruro.gob.bo\/index.php\/2024\/11\/19\/capacitacion-a-medicos-safci-mejorara-la-atencion-en-salud-para-los-adultos-mayores\/","og_site_name":"SERVICIO DEPARTAMENTAL DE SALUD - ORURO","article_publisher":"https:\/\/www.facebook.com\/SEDESOR","article_published_time":"2024-11-19T13:53:23+00:00","article_modified_time":"2024-11-19T13:58:41+00:00","og_image":[{"width":1080,"height":720,"url":"https:\/\/www.sedesoruro.gob.bo\/wp-content\/uploads\/2024\/11\/WhatsApp-Image-2024-11-01-at-11.02.33-AM.jpeg","type":"image\/jpeg"}],"author":"userdesse","twitter_card":"summary_large_image","twitter_misc":{"Escrito por":"userdesse","Tiempo de lectura":"3 minutos"},"schema":{"@context":"https:\/\/schema.org","@graph":[{"@type":"Article","@id":"https:\/\/www.sedesoruro.gob.bo\/index.php\/2024\/11\/19\/capacitacion-a-medicos-safci-mejorara-la-atencion-en-salud-para-los-adultos-mayores\/#article","isPartOf":{"@id":"https:\/\/www.sedesoruro.gob.bo\/index.php\/2024\/11\/19\/capacitacion-a-medicos-safci-mejorara-la-atencion-en-salud-para-los-adultos-mayores\/"},"author":{"name":"userdesse","@id":"https:\/\/www.sedesoruro.gob.bo\/#\/schema\/person\/269b8053e5fc16d4191978ba1f4ccfb0"},"headline":"CAPACITACI\u00d3N A M\u00c9DICOS SAFCI MEJORAR\u00c1 LA ATENCI\u00d3N EN SALUD PARA LOS ADULTOS MAYORES","datePublished":"2024-11-19T13:53:23+00:00","dateModified":"2024-11-19T13:58:41+00:00","mainEntityOfPage":{"@id":"https:\/\/www.sedesoruro.gob.bo\/index.php\/2024\/11\/19\/capacitacion-a-medicos-safci-mejorara-la-atencion-en-salud-para-los-adultos-mayores\/"},"wordCount":259,"publisher":{"@id":"https:\/\/www.sedesoruro.gob.bo\/#organization"},"image":{"@id":"https:\/\/www.sedesoruro.gob.bo\/index.php\/2024\/11\/19\/capacitacion-a-medicos-safci-mejorara-la-atencion-en-salud-para-los-adultos-mayores\/#primaryimage"},"thumbnailUrl":"https:\/\/www.sedesoruro.gob.bo\/wp-content\/uploads\/2024\/11\/WhatsApp-Image-2024-11-01-at-11.02.33-AM.jpeg","articleSection":["ADULTO MAYOR","COMUNICAC\u00cdON","INICIO","PROMOCI\u00d3N"],"inLanguage":"es"},{"@type":"WebPage","@id":"https:\/\/www.sedesoruro.gob.bo\/index.php\/2024\/11\/19\/capacitacion-a-medicos-safci-mejorara-la-atencion-en-salud-para-los-adultos-mayores\/","url":"https:\/\/www.sedesoruro.gob.bo\/index.php\/2024\/11\/19\/capacitacion-a-medicos-safci-mejorara-la-atencion-en-salud-para-los-adultos-mayores\/","name":"CAPACITACI\u00d3N A M\u00c9DICOS SAFCI MEJORAR\u00c1 LA ATENCI\u00d3N EN SALUD PARA LOS ADULTOS MAYORES","isPartOf":{"@id":"https:\/\/www.sedesoruro.gob.bo\/#website"},"primaryImageOfPage":{"@id":"https:\/\/www.sedesoruro.gob.bo\/index.php\/2024\/11\/19\/capacitacion-a-medicos-safci-mejorara-la-atencion-en-salud-para-los-adultos-mayores\/#primaryimage"},"image":{"@id":"https:\/\/www.sedesoruro.gob.bo\/index.php\/2024\/11\/19\/capacitacion-a-medicos-safci-mejorara-la-atencion-en-salud-para-los-adultos-mayores\/#primaryimage"},"thumbnailUrl":"https:\/\/www.sedesoruro.gob.bo\/wp-content\/uploads\/2024\/11\/WhatsApp-Image-2024-11-01-at-11.02.33-AM.jpeg","datePublished":"2024-11-19T13:53:23+00:00","dateModified":"2024-11-19T13:58:41+00:00","description":"A trav\u00e9s del \u00c1rea del Adulto Mayor del Servicio Departamental de Salud (SEDES) Oruro, se realiz\u00f3 la capacitaci\u00f3n a los m\u00e9dicos SAFCI (Salud Familiar","breadcrumb":{"@id":"https:\/\/www.sedesoruro.gob.bo\/index.php\/2024\/11\/19\/capacitacion-a-medicos-safci-mejorara-la-atencion-en-salud-para-los-adultos-mayores\/#breadcrumb"},"inLanguage":"es","potentialAction":[{"@type":"ReadAction","target":["https:\/\/www.sedesoruro.gob.bo\/index.php\/2024\/11\/19\/capacitacion-a-medicos-safci-mejorara-la-atencion-en-salud-para-los-adultos-mayores\/"]}]},{"@type":"ImageObject","inLanguage":"es","@id":"https:\/\/www.sedesoruro.gob.bo\/index.php\/2024\/11\/19\/capacitacion-a-medicos-safci-mejorara-la-atencion-en-salud-para-los-adultos-mayores\/#primaryimage","url":"https:\/\/www.sedesoruro.gob.bo\/wp-content\/uploads\/2024\/11\/WhatsApp-Image-2024-11-01-at-11.02.33-AM.jpeg","contentUrl":"https:\/\/www.sedesoruro.gob.bo\/wp-content\/uploads\/2024\/11\/WhatsApp-Image-2024-11-01-at-11.02.33-AM.jpeg","width":1080,"height":720},{"@type":"BreadcrumbList","@id":"https:\/\/www.sedesoruro.gob.bo\/index.php\/2024\/11\/19\/capacitacion-a-medicos-safci-mejorara-la-atencion-en-salud-para-los-adultos-mayores\/#breadcrumb","itemListElement":[{"@type":"ListItem","position":1,"name":"Portada","item":"https:\/\/www.sedesoruro.gob.bo\/"},{"@type":"ListItem","position":2,"name":"CAPACITACI\u00d3N A M\u00c9DICOS SAFCI MEJORAR\u00c1 LA ATENCI\u00d3N EN SALUD PARA LOS ADULTOS MAYORES"}]},{"@type":"WebSite","@id":"https:\/\/www.sedesoruro.gob.bo\/#website","url":"https:\/\/www.sedesoruro.gob.bo\/","name":"sedesoruro.gob.bo","description":"SERVICIO DEPARTAMENTAL DE SALUD - ORURO","publisher":{"@id":"https:\/\/www.sedesoruro.gob.bo\/#organization"},"alternateName":"Servicio Departamental de Salud - Oruro","potentialAction":[{"@type":"SearchAction","target":{"@type":"EntryPoint","urlTemplate":"https:\/\/www.sedesoruro.gob.bo\/?s={search_term_string}"},"query-input":"required name=search_term_string"}],"inLanguage":"es"},{"@type":"Organization","@id":"https:\/\/www.sedesoruro.gob.bo\/#organization","name":"Servicio Departamental de Salud - Oruro","alternateName":"SEDES ORURO","url":"https:\/\/www.sedesoruro.gob.bo\/","logo":{"@type":"ImageObject","inLanguage":"es","@id":"https:\/\/www.sedesoruro.gob.bo\/#\/schema\/logo\/image\/","url":"https:\/\/www.sedesoruro.gob.bo\/wp-content\/uploads\/2024\/08\/LOGO-SEDES.jpg","contentUrl":"https:\/\/www.sedesoruro.gob.bo\/wp-content\/uploads\/2024\/08\/LOGO-SEDES.jpg","width":226,"height":223,"caption":"Servicio Departamental de Salud - Oruro"},"image":{"@id":"https:\/\/www.sedesoruro.gob.bo\/#\/schema\/logo\/image\/"},"sameAs":["https:\/\/www.facebook.com\/SEDESOR"]},{"@type":"Person","@id":"https:\/\/www.sedesoruro.gob.bo\/#\/schema\/person\/269b8053e5fc16d4191978ba1f4ccfb0","name":"userdesse","image":{"@type":"ImageObject","inLanguage":"es","@id":"https:\/\/www.sedesoruro.gob.bo\/#\/schema\/person\/image\/","url":"https:\/\/secure.gravatar.com\/avatar\/d620fe5460db87edd265e5743d4b6428870636320ba06173d03a4368a03d84aa?s=96&d=mm&r=g","contentUrl":"https:\/\/secure.gravatar.com\/avatar\/d620fe5460db87edd265e5743d4b6428870636320ba06173d03a4368a03d84aa?s=96&d=mm&r=g","caption":"userdesse"},"sameAs":["http:\/\/www.sedesoruro.gob.bo"]}]}},"_links":{"self":[{"href":"https:\/\/www.sedesoruro.gob.bo\/index.php\/wp-json\/wp\/v2\/posts\/3994","targetHints":{"allow":["GET"]}}],"collection":[{"href":"https:\/\/www.sedesoruro.gob.bo\/index.php\/wp-json\/wp\/v2\/posts"}],"about":[{"href":"https:\/\/www.sedesoruro.gob.bo\/index.php\/wp-json\/wp\/v2\/types\/post"}],"author":[{"embeddable":true,"href":"https:\/\/www.sedesoruro.gob.bo\/index.php\/wp-json\/wp\/v2\/users\/1"}],"replies":[{"embeddable":true,"href":"https:\/\/www.sedesoruro.gob.bo\/index.php\/wp-json\/wp\/v2\/comments?post=3994"}],"version-history":[{"count":4,"href":"https:\/\/www.sedesoruro.gob.bo\/index.php\/wp-json\/wp\/v2\/posts\/3994\/revisions"}],"predecessor-version":[{"id":4004,"href":"https:\/\/www.sedesoruro.gob.bo\/index.php\/wp-json\/wp\/v2\/posts\/3994\/revisions\/4004"}],"wp:featuredmedia":[{"embeddable":true,"href":"https:\/\/www.sedesoruro.gob.bo\/index.php\/wp-json\/wp\/v2\/media\/3998"}],"wp:attachment":[{"href":"https:\/\/www.sedesoruro.gob.bo\/index.php\/wp-json\/wp\/v2\/media?parent=3994"}],"wp:term":[{"taxonomy":"category","embeddable":true,"href":"https:\/\/www.sedesoruro.gob.bo\/index.php\/wp-json\/wp\/v2\/categories?post=3994"},{"taxonomy":"post_tag","embeddable":true,"href":"https:\/\/www.sedesoruro.gob.bo\/index.php\/wp-json\/wp\/v2\/tags?post=3994"}],"curies":[{"name":"wp","href":"https:\/\/api.w.org\/{rel}","templated":true}]}}