{"id":4005,"date":"2024-11-19T10:02:26","date_gmt":"2024-11-19T14:02:26","guid":{"rendered":"https:\/\/www.sedesoruro.gob.bo\/?p=4005"},"modified":"2024-11-19T14:49:30","modified_gmt":"2024-11-19T18:49:30","slug":"taller-de-capacitacion-promueve-conocimientos-de-primeros-auxilios-psicologicos","status":"publish","type":"post","link":"https:\/\/www.sedesoruro.gob.bo\/index.php\/2024\/11\/19\/taller-de-capacitacion-promueve-conocimientos-de-primeros-auxilios-psicologicos\/","title":{"rendered":"TALLER DE CAPACITACION PROMUEVE CONOCIMIENTOS DE PRIMEROS AUXILIOS PSICOL\u00d3GICOS"},"content":{"rendered":"\t\t<div data-elementor-type=\"wp-post\" data-elementor-id=\"4005\" class=\"elementor elementor-4005\">\n\t\t\t\t<div class=\"elementor-element elementor-element-7636b8e e-flex e-con-boxed e-con e-parent\" data-id=\"7636b8e\" data-element_type=\"container\">\n\t\t\t\t\t<div class=\"e-con-inner\">\n\t\t<div class=\"elementor-element elementor-element-c93a715 e-con-full e-flex e-con e-child\" data-id=\"c93a715\" data-element_type=\"container\">\n\t\t\t\t<div class=\"elementor-element elementor-element-5bf690d elementor-widget elementor-widget-text-editor\" data-id=\"5bf690d\" data-element_type=\"widget\" data-widget_type=\"text-editor.default\">\n\t\t\t\t<div class=\"elementor-widget-container\">\n\t\t\t\t\t\t\t\t\t<p>La Unidad Promoci\u00f3n de la Salud, dependiente del Servicio Departamental de Salud (SEDES) Oruro, en coordinaci\u00f3n con el Consejo Social Departamental de Salud y con el apoyo de SENTEC, llevo a cabo el taller para capacitadores en Herramientas mhGAP (Primeros Auxilios Psicol\u00f3gicos) para uso en la comunidad con enfoque en cuidados paliativos, herramientas que las estructuras sociales municipales en salud pondr\u00e1n en pr\u00e1ctica en sus diferentes jurisdicciones del departamento.<\/p><p>El Dr. Carlos L\u00f3pez, responsable de la Unidad Promoci\u00f3n en la Salud, explic\u00f3 que, dentro del marco de las competencias de esta \u00e1rea, se vienen cumpliendo diferentes actividades que atingen no solo al personal de salud, sino tambi\u00e9n con la estructura social del nivel departamental y municipal.<\/p>\t\t\t\t\t\t\t\t<\/div>\n\t\t\t\t<\/div>\n\t\t\t\t<\/div>\n\t\t<div class=\"elementor-element elementor-element-c44dcef e-con-full e-flex e-con e-child\" data-id=\"c44dcef\" data-element_type=\"container\">\n\t\t\t\t<div class=\"elementor-element elementor-element-3e4cd3e elementor-widget elementor-widget-image\" data-id=\"3e4cd3e\" data-element_type=\"widget\" data-widget_type=\"image.default\">\n\t\t\t\t<div class=\"elementor-widget-container\">\n\t\t\t\t\t\t\t\t\t\t\t\t\t\t\t<img fetchpriority=\"high\" decoding=\"async\" width=\"1024\" height=\"814\" src=\"https:\/\/www.sedesoruro.gob.bo\/wp-content\/uploads\/2024\/11\/WhatsApp-Image-2024-11-01-at-11.06.44-AM-1-1024x814.jpeg\" class=\"attachment-large size-large wp-image-4009\" alt=\"\" srcset=\"https:\/\/www.sedesoruro.gob.bo\/wp-content\/uploads\/2024\/11\/WhatsApp-Image-2024-11-01-at-11.06.44-AM-1-1024x814.jpeg 1024w, https:\/\/www.sedesoruro.gob.bo\/wp-content\/uploads\/2024\/11\/WhatsApp-Image-2024-11-01-at-11.06.44-AM-1-300x239.jpeg 300w\" sizes=\"(max-width: 1024px) 100vw, 1024px\" \/>\t\t\t\t\t\t\t\t\t\t\t\t\t\t\t<\/div>\n\t\t\t\t<\/div>\n\t\t\t\t<\/div>\n\t\t\t\t\t<\/div>\n\t\t\t\t<\/div>\n\t\t<div class=\"elementor-element elementor-element-77b2ada e-flex e-con-boxed e-con e-parent\" data-id=\"77b2ada\" data-element_type=\"container\">\n\t\t\t\t\t<div class=\"e-con-inner\">\n\t\t<div class=\"elementor-element elementor-element-adb7d57 e-con-full e-flex e-con e-child\" data-id=\"adb7d57\" data-element_type=\"container\">\n\t\t\t\t<div class=\"elementor-element elementor-element-cedf4a2 elementor-widget elementor-widget-image\" data-id=\"cedf4a2\" data-element_type=\"widget\" data-widget_type=\"image.default\">\n\t\t\t\t<div class=\"elementor-widget-container\">\n\t\t\t\t\t\t\t\t\t\t\t\t\t\t\t<img decoding=\"async\" width=\"1024\" height=\"816\" src=\"https:\/\/www.sedesoruro.gob.bo\/wp-content\/uploads\/2024\/11\/WhatsApp-Image-2024-11-01-at-11.06.44-AM-3-1024x816.jpeg\" class=\"attachment-large size-large wp-image-4011\" alt=\"\" srcset=\"https:\/\/www.sedesoruro.gob.bo\/wp-content\/uploads\/2024\/11\/WhatsApp-Image-2024-11-01-at-11.06.44-AM-3-1024x816.jpeg 1024w, https:\/\/www.sedesoruro.gob.bo\/wp-content\/uploads\/2024\/11\/WhatsApp-Image-2024-11-01-at-11.06.44-AM-3-300x239.jpeg 300w\" sizes=\"(max-width: 1024px) 100vw, 1024px\" \/>\t\t\t\t\t\t\t\t\t\t\t\t\t\t\t<\/div>\n\t\t\t\t<\/div>\n\t\t\t\t<\/div>\n\t\t<div class=\"elementor-element elementor-element-d53caa1 e-con-full e-flex e-con e-child\" data-id=\"d53caa1\" data-element_type=\"container\">\n\t\t\t\t<div class=\"elementor-element elementor-element-5db51a1 elementor-widget elementor-widget-image\" data-id=\"5db51a1\" data-element_type=\"widget\" data-widget_type=\"image.default\">\n\t\t\t\t<div class=\"elementor-widget-container\">\n\t\t\t\t\t\t\t\t\t\t\t\t\t\t\t<img decoding=\"async\" width=\"1024\" height=\"683\" src=\"https:\/\/www.sedesoruro.gob.bo\/wp-content\/uploads\/2024\/11\/WhatsApp-Image-2024-11-01-at-11.06.44-AM-2-1024x683.jpeg\" class=\"attachment-large size-large wp-image-4010\" alt=\"\" srcset=\"https:\/\/www.sedesoruro.gob.bo\/wp-content\/uploads\/2024\/11\/WhatsApp-Image-2024-11-01-at-11.06.44-AM-2-1024x683.jpeg 1024w, https:\/\/www.sedesoruro.gob.bo\/wp-content\/uploads\/2024\/11\/WhatsApp-Image-2024-11-01-at-11.06.44-AM-2-300x200.jpeg 300w\" sizes=\"(max-width: 1024px) 100vw, 1024px\" \/>\t\t\t\t\t\t\t\t\t\t\t\t\t\t\t<\/div>\n\t\t\t\t<\/div>\n\t\t\t\t<\/div>\n\t\t\t\t\t<\/div>\n\t\t\t\t<\/div>\n\t\t<div class=\"elementor-element elementor-element-7fde735 e-flex e-con-boxed e-con e-parent\" data-id=\"7fde735\" data-element_type=\"container\">\n\t\t\t\t\t<div class=\"e-con-inner\">\n\t\t\t\t<div class=\"elementor-element elementor-element-cf3ca2f elementor-widget elementor-widget-text-editor\" data-id=\"cf3ca2f\" data-element_type=\"widget\" data-widget_type=\"text-editor.default\">\n\t\t\t\t<div class=\"elementor-widget-container\">\n\t\t\t\t\t\t\t\t\t<p>Para fortalecer la capacitaci\u00f3n se cumplieron con mesas de trabajo, la dotaci\u00f3n de material necesario para enriquecer los conocimientos sobre una problem\u00e1tica que esta latente en la sociedad.<\/p><p><em>\u201cA diario nuestra comunidad se siente estresada por diferentes tipos de problemas, ya sea en el hogar, problemas de salud, problemas emocionales que puedan suceder en el entorno social, en ese sentido el estr\u00e9s est\u00e1 en la poblaci\u00f3n y en cada persona, por ello es tan vital que los Consejos Sociales Municipales puedan intervenir a trav\u00e9s de los conocimientos que van adquiriendo en salud mental\u201d,<\/em> explic\u00f3 L\u00f3pez.<\/p>\t\t\t\t\t\t\t\t<\/div>\n\t\t\t\t<\/div>\n\t\t\t\t\t<\/div>\n\t\t\t\t<\/div>\n\t\t<div class=\"elementor-element elementor-element-f02fe85 e-flex e-con-boxed e-con e-parent\" data-id=\"f02fe85\" data-element_type=\"container\">\n\t\t\t\t\t<div class=\"e-con-inner\">\n\t\t<div class=\"elementor-element elementor-element-5a878cc e-con-full e-flex e-con e-child\" data-id=\"5a878cc\" data-element_type=\"container\">\n\t\t\t\t<div class=\"elementor-element elementor-element-1654038 elementor-widget elementor-widget-image\" data-id=\"1654038\" data-element_type=\"widget\" data-widget_type=\"image.default\">\n\t\t\t\t<div class=\"elementor-widget-container\">\n\t\t\t\t\t\t\t\t\t\t\t\t\t\t\t<img decoding=\"async\" width=\"1024\" height=\"683\" src=\"https:\/\/www.sedesoruro.gob.bo\/wp-content\/uploads\/2024\/11\/WhatsApp-Image-2024-11-01-at-11.06.44-AM-2-1024x683.jpeg\" class=\"attachment-large size-large wp-image-4010\" alt=\"\" srcset=\"https:\/\/www.sedesoruro.gob.bo\/wp-content\/uploads\/2024\/11\/WhatsApp-Image-2024-11-01-at-11.06.44-AM-2-1024x683.jpeg 1024w, https:\/\/www.sedesoruro.gob.bo\/wp-content\/uploads\/2024\/11\/WhatsApp-Image-2024-11-01-at-11.06.44-AM-2-300x200.jpeg 300w\" sizes=\"(max-width: 1024px) 100vw, 1024px\" \/>\t\t\t\t\t\t\t\t\t\t\t\t\t\t\t<\/div>\n\t\t\t\t<\/div>\n\t\t\t\t<\/div>\n\t\t<div class=\"elementor-element elementor-element-5eb705e e-con-full e-flex e-con e-child\" data-id=\"5eb705e\" data-element_type=\"container\">\n\t\t\t\t<div class=\"elementor-element elementor-element-1b726ed elementor-widget elementor-widget-image\" data-id=\"1b726ed\" data-element_type=\"widget\" data-widget_type=\"image.default\">\n\t\t\t\t<div class=\"elementor-widget-container\">\n\t\t\t\t\t\t\t\t\t\t\t\t\t\t\t<img loading=\"lazy\" decoding=\"async\" width=\"1024\" height=\"683\" src=\"https:\/\/www.sedesoruro.gob.bo\/wp-content\/uploads\/2024\/11\/WhatsApp-Image-2024-11-01-at-11.06.44-AM-1024x683.jpeg\" class=\"attachment-large size-large wp-image-4012\" alt=\"\" srcset=\"https:\/\/www.sedesoruro.gob.bo\/wp-content\/uploads\/2024\/11\/WhatsApp-Image-2024-11-01-at-11.06.44-AM-1024x683.jpeg 1024w, https:\/\/www.sedesoruro.gob.bo\/wp-content\/uploads\/2024\/11\/WhatsApp-Image-2024-11-01-at-11.06.44-AM-300x200.jpeg 300w\" sizes=\"(max-width: 1024px) 100vw, 1024px\" \/>\t\t\t\t\t\t\t\t\t\t\t\t\t\t\t<\/div>\n\t\t\t\t<\/div>\n\t\t\t\t<\/div>\n\t\t\t\t\t<\/div>\n\t\t\t\t<\/div>\n\t\t\t\t<\/div>\n\t\t","protected":false},"excerpt":{"rendered":"<p>La Unidad Promoci\u00f3n de la Salud, dependiente del Servicio Departamental de Salud (SEDES) Oruro, en coordinaci\u00f3n con el Consejo Social Departamental de Salud y con el apoyo de SENTEC, llevo a cabo el taller&#46;&#46;&#46;<\/p>\n","protected":false},"author":1,"featured_media":4007,"comment_status":"closed","ping_status":"open","sticky":false,"template":"","format":"standard","meta":{"_cbd_carousel_blocks":"[]","footnotes":""},"categories":[17,50],"tags":[],"class_list":["post-4005","post","type-post","status-publish","format-standard","has-post-thumbnail","hentry","category-comunicacion","category-promocion"],"yoast_head":"<!-- This site is optimized with the Yoast SEO plugin v23.1 - https:\/\/yoast.com\/wordpress\/plugins\/seo\/ -->\n<title>TALLER DE CAPACITACION PROMUEVE CONOCIMIENTOS DE PRIMEROS AUXILIOS PSICOL\u00d3GICOS<\/title>\n<meta name=\"description\" content=\"La Unidad Promoci\u00f3n de la Salud, dependiente del Servicio Departamental de Salud (SEDES) Oruro, en coordinaci\u00f3n con el Consejo Social Departamental de\" \/>\n<meta name=\"robots\" content=\"index, follow, max-snippet:-1, max-image-preview:large, max-video-preview:-1\" \/>\n<link rel=\"canonical\" href=\"https:\/\/www.sedesoruro.gob.bo\/index.php\/2024\/11\/19\/taller-de-capacitacion-promueve-conocimientos-de-primeros-auxilios-psicologicos\/\" \/>\n<meta property=\"og:locale\" content=\"es_ES\" \/>\n<meta property=\"og:type\" content=\"article\" \/>\n<meta property=\"og:title\" content=\"TALLER DE CAPACITACION PROMUEVE CONOCIMIENTOS DE PRIMEROS AUXILIOS PSICOL\u00d3GICOS\" \/>\n<meta property=\"og:description\" content=\"La Unidad Promoci\u00f3n de la Salud, dependiente del Servicio Departamental de Salud (SEDES) Oruro, en coordinaci\u00f3n con el Consejo Social Departamental de\" \/>\n<meta property=\"og:url\" content=\"https:\/\/www.sedesoruro.gob.bo\/index.php\/2024\/11\/19\/taller-de-capacitacion-promueve-conocimientos-de-primeros-auxilios-psicologicos\/\" \/>\n<meta property=\"og:site_name\" content=\"SERVICIO DEPARTAMENTAL DE SALUD - ORURO\" \/>\n<meta property=\"article:publisher\" content=\"https:\/\/www.facebook.com\/SEDESOR\" \/>\n<meta property=\"article:published_time\" content=\"2024-11-19T14:02:26+00:00\" \/>\n<meta property=\"article:modified_time\" content=\"2024-11-19T18:49:30+00:00\" \/>\n<meta property=\"og:image\" content=\"https:\/\/www.sedesoruro.gob.bo\/wp-content\/uploads\/2024\/11\/WhatsApp-Image-2024-11-01-at-11.06.43-AM.jpeg\" \/>\n\t<meta property=\"og:image:width\" content=\"1080\" \/>\n\t<meta property=\"og:image:height\" content=\"776\" \/>\n\t<meta property=\"og:image:type\" content=\"image\/jpeg\" \/>\n<meta name=\"author\" content=\"userdesse\" \/>\n<meta name=\"twitter:card\" content=\"summary_large_image\" \/>\n<meta name=\"twitter:label1\" content=\"Escrito por\" \/>\n\t<meta name=\"twitter:data1\" content=\"userdesse\" \/>\n\t<meta name=\"twitter:label2\" content=\"Tiempo de lectura\" \/>\n\t<meta name=\"twitter:data2\" content=\"2 minutos\" \/>\n<script type=\"application\/ld+json\" class=\"yoast-schema-graph\">{\"@context\":\"https:\/\/schema.org\",\"@graph\":[{\"@type\":\"Article\",\"@id\":\"https:\/\/www.sedesoruro.gob.bo\/index.php\/2024\/11\/19\/taller-de-capacitacion-promueve-conocimientos-de-primeros-auxilios-psicologicos\/#article\",\"isPartOf\":{\"@id\":\"https:\/\/www.sedesoruro.gob.bo\/index.php\/2024\/11\/19\/taller-de-capacitacion-promueve-conocimientos-de-primeros-auxilios-psicologicos\/\"},\"author\":{\"name\":\"userdesse\",\"@id\":\"https:\/\/www.sedesoruro.gob.bo\/#\/schema\/person\/269b8053e5fc16d4191978ba1f4ccfb0\"},\"headline\":\"TALLER DE CAPACITACION PROMUEVE CONOCIMIENTOS DE PRIMEROS AUXILIOS PSICOL\u00d3GICOS\",\"datePublished\":\"2024-11-19T14:02:26+00:00\",\"dateModified\":\"2024-11-19T18:49:30+00:00\",\"mainEntityOfPage\":{\"@id\":\"https:\/\/www.sedesoruro.gob.bo\/index.php\/2024\/11\/19\/taller-de-capacitacion-promueve-conocimientos-de-primeros-auxilios-psicologicos\/\"},\"wordCount\":236,\"publisher\":{\"@id\":\"https:\/\/www.sedesoruro.gob.bo\/#organization\"},\"image\":{\"@id\":\"https:\/\/www.sedesoruro.gob.bo\/index.php\/2024\/11\/19\/taller-de-capacitacion-promueve-conocimientos-de-primeros-auxilios-psicologicos\/#primaryimage\"},\"thumbnailUrl\":\"https:\/\/www.sedesoruro.gob.bo\/wp-content\/uploads\/2024\/11\/WhatsApp-Image-2024-11-01-at-11.06.43-AM.jpeg\",\"articleSection\":[\"COMUNICAC\u00cdON\",\"PROMOCI\u00d3N\"],\"inLanguage\":\"es\"},{\"@type\":\"WebPage\",\"@id\":\"https:\/\/www.sedesoruro.gob.bo\/index.php\/2024\/11\/19\/taller-de-capacitacion-promueve-conocimientos-de-primeros-auxilios-psicologicos\/\",\"url\":\"https:\/\/www.sedesoruro.gob.bo\/index.php\/2024\/11\/19\/taller-de-capacitacion-promueve-conocimientos-de-primeros-auxilios-psicologicos\/\",\"name\":\"TALLER DE CAPACITACION PROMUEVE CONOCIMIENTOS DE PRIMEROS AUXILIOS PSICOL\u00d3GICOS\",\"isPartOf\":{\"@id\":\"https:\/\/www.sedesoruro.gob.bo\/#website\"},\"primaryImageOfPage\":{\"@id\":\"https:\/\/www.sedesoruro.gob.bo\/index.php\/2024\/11\/19\/taller-de-capacitacion-promueve-conocimientos-de-primeros-auxilios-psicologicos\/#primaryimage\"},\"image\":{\"@id\":\"https:\/\/www.sedesoruro.gob.bo\/index.php\/2024\/11\/19\/taller-de-capacitacion-promueve-conocimientos-de-primeros-auxilios-psicologicos\/#primaryimage\"},\"thumbnailUrl\":\"https:\/\/www.sedesoruro.gob.bo\/wp-content\/uploads\/2024\/11\/WhatsApp-Image-2024-11-01-at-11.06.43-AM.jpeg\",\"datePublished\":\"2024-11-19T14:02:26+00:00\",\"dateModified\":\"2024-11-19T18:49:30+00:00\",\"description\":\"La Unidad Promoci\u00f3n de la Salud, dependiente del Servicio Departamental de Salud (SEDES) Oruro, en coordinaci\u00f3n con el Consejo Social Departamental de\",\"breadcrumb\":{\"@id\":\"https:\/\/www.sedesoruro.gob.bo\/index.php\/2024\/11\/19\/taller-de-capacitacion-promueve-conocimientos-de-primeros-auxilios-psicologicos\/#breadcrumb\"},\"inLanguage\":\"es\",\"potentialAction\":[{\"@type\":\"ReadAction\",\"target\":[\"https:\/\/www.sedesoruro.gob.bo\/index.php\/2024\/11\/19\/taller-de-capacitacion-promueve-conocimientos-de-primeros-auxilios-psicologicos\/\"]}]},{\"@type\":\"ImageObject\",\"inLanguage\":\"es\",\"@id\":\"https:\/\/www.sedesoruro.gob.bo\/index.php\/2024\/11\/19\/taller-de-capacitacion-promueve-conocimientos-de-primeros-auxilios-psicologicos\/#primaryimage\",\"url\":\"https:\/\/www.sedesoruro.gob.bo\/wp-content\/uploads\/2024\/11\/WhatsApp-Image-2024-11-01-at-11.06.43-AM.jpeg\",\"contentUrl\":\"https:\/\/www.sedesoruro.gob.bo\/wp-content\/uploads\/2024\/11\/WhatsApp-Image-2024-11-01-at-11.06.43-AM.jpeg\",\"width\":1080,\"height\":776},{\"@type\":\"BreadcrumbList\",\"@id\":\"https:\/\/www.sedesoruro.gob.bo\/index.php\/2024\/11\/19\/taller-de-capacitacion-promueve-conocimientos-de-primeros-auxilios-psicologicos\/#breadcrumb\",\"itemListElement\":[{\"@type\":\"ListItem\",\"position\":1,\"name\":\"Portada\",\"item\":\"https:\/\/www.sedesoruro.gob.bo\/\"},{\"@type\":\"ListItem\",\"position\":2,\"name\":\"TALLER DE CAPACITACION PROMUEVE CONOCIMIENTOS DE PRIMEROS AUXILIOS PSICOL\u00d3GICOS\"}]},{\"@type\":\"WebSite\",\"@id\":\"https:\/\/www.sedesoruro.gob.bo\/#website\",\"url\":\"https:\/\/www.sedesoruro.gob.bo\/\",\"name\":\"sedesoruro.gob.bo\",\"description\":\"SERVICIO DEPARTAMENTAL DE SALUD - ORURO\",\"publisher\":{\"@id\":\"https:\/\/www.sedesoruro.gob.bo\/#organization\"},\"alternateName\":\"Servicio Departamental de Salud - Oruro\",\"potentialAction\":[{\"@type\":\"SearchAction\",\"target\":{\"@type\":\"EntryPoint\",\"urlTemplate\":\"https:\/\/www.sedesoruro.gob.bo\/?s={search_term_string}\"},\"query-input\":\"required name=search_term_string\"}],\"inLanguage\":\"es\"},{\"@type\":\"Organization\",\"@id\":\"https:\/\/www.sedesoruro.gob.bo\/#organization\",\"name\":\"Servicio Departamental de Salud - Oruro\",\"alternateName\":\"SEDES ORURO\",\"url\":\"https:\/\/www.sedesoruro.gob.bo\/\",\"logo\":{\"@type\":\"ImageObject\",\"inLanguage\":\"es\",\"@id\":\"https:\/\/www.sedesoruro.gob.bo\/#\/schema\/logo\/image\/\",\"url\":\"https:\/\/www.sedesoruro.gob.bo\/wp-content\/uploads\/2024\/08\/LOGO-SEDES.jpg\",\"contentUrl\":\"https:\/\/www.sedesoruro.gob.bo\/wp-content\/uploads\/2024\/08\/LOGO-SEDES.jpg\",\"width\":226,\"height\":223,\"caption\":\"Servicio Departamental de Salud - Oruro\"},\"image\":{\"@id\":\"https:\/\/www.sedesoruro.gob.bo\/#\/schema\/logo\/image\/\"},\"sameAs\":[\"https:\/\/www.facebook.com\/SEDESOR\"]},{\"@type\":\"Person\",\"@id\":\"https:\/\/www.sedesoruro.gob.bo\/#\/schema\/person\/269b8053e5fc16d4191978ba1f4ccfb0\",\"name\":\"userdesse\",\"image\":{\"@type\":\"ImageObject\",\"inLanguage\":\"es\",\"@id\":\"https:\/\/www.sedesoruro.gob.bo\/#\/schema\/person\/image\/\",\"url\":\"https:\/\/secure.gravatar.com\/avatar\/d620fe5460db87edd265e5743d4b6428870636320ba06173d03a4368a03d84aa?s=96&d=mm&r=g\",\"contentUrl\":\"https:\/\/secure.gravatar.com\/avatar\/d620fe5460db87edd265e5743d4b6428870636320ba06173d03a4368a03d84aa?s=96&d=mm&r=g\",\"caption\":\"userdesse\"},\"sameAs\":[\"http:\/\/www.sedesoruro.gob.bo\"]}]}<\/script>\n<!-- \/ Yoast SEO plugin. -->","yoast_head_json":{"title":"TALLER DE CAPACITACION PROMUEVE CONOCIMIENTOS DE PRIMEROS AUXILIOS PSICOL\u00d3GICOS","description":"La Unidad Promoci\u00f3n de la Salud, dependiente del Servicio Departamental de Salud (SEDES) Oruro, en coordinaci\u00f3n con el Consejo Social Departamental de","robots":{"index":"index","follow":"follow","max-snippet":"max-snippet:-1","max-image-preview":"max-image-preview:large","max-video-preview":"max-video-preview:-1"},"canonical":"https:\/\/www.sedesoruro.gob.bo\/index.php\/2024\/11\/19\/taller-de-capacitacion-promueve-conocimientos-de-primeros-auxilios-psicologicos\/","og_locale":"es_ES","og_type":"article","og_title":"TALLER DE CAPACITACION PROMUEVE CONOCIMIENTOS DE PRIMEROS AUXILIOS PSICOL\u00d3GICOS","og_description":"La Unidad Promoci\u00f3n de la Salud, dependiente del Servicio Departamental de Salud (SEDES) Oruro, en coordinaci\u00f3n con el Consejo Social Departamental de","og_url":"https:\/\/www.sedesoruro.gob.bo\/index.php\/2024\/11\/19\/taller-de-capacitacion-promueve-conocimientos-de-primeros-auxilios-psicologicos\/","og_site_name":"SERVICIO DEPARTAMENTAL DE SALUD - ORURO","article_publisher":"https:\/\/www.facebook.com\/SEDESOR","article_published_time":"2024-11-19T14:02:26+00:00","article_modified_time":"2024-11-19T18:49:30+00:00","og_image":[{"width":1080,"height":776,"url":"https:\/\/www.sedesoruro.gob.bo\/wp-content\/uploads\/2024\/11\/WhatsApp-Image-2024-11-01-at-11.06.43-AM.jpeg","type":"image\/jpeg"}],"author":"userdesse","twitter_card":"summary_large_image","twitter_misc":{"Escrito por":"userdesse","Tiempo de lectura":"2 minutos"},"schema":{"@context":"https:\/\/schema.org","@graph":[{"@type":"Article","@id":"https:\/\/www.sedesoruro.gob.bo\/index.php\/2024\/11\/19\/taller-de-capacitacion-promueve-conocimientos-de-primeros-auxilios-psicologicos\/#article","isPartOf":{"@id":"https:\/\/www.sedesoruro.gob.bo\/index.php\/2024\/11\/19\/taller-de-capacitacion-promueve-conocimientos-de-primeros-auxilios-psicologicos\/"},"author":{"name":"userdesse","@id":"https:\/\/www.sedesoruro.gob.bo\/#\/schema\/person\/269b8053e5fc16d4191978ba1f4ccfb0"},"headline":"TALLER DE CAPACITACION PROMUEVE CONOCIMIENTOS DE PRIMEROS AUXILIOS PSICOL\u00d3GICOS","datePublished":"2024-11-19T14:02:26+00:00","dateModified":"2024-11-19T18:49:30+00:00","mainEntityOfPage":{"@id":"https:\/\/www.sedesoruro.gob.bo\/index.php\/2024\/11\/19\/taller-de-capacitacion-promueve-conocimientos-de-primeros-auxilios-psicologicos\/"},"wordCount":236,"publisher":{"@id":"https:\/\/www.sedesoruro.gob.bo\/#organization"},"image":{"@id":"https:\/\/www.sedesoruro.gob.bo\/index.php\/2024\/11\/19\/taller-de-capacitacion-promueve-conocimientos-de-primeros-auxilios-psicologicos\/#primaryimage"},"thumbnailUrl":"https:\/\/www.sedesoruro.gob.bo\/wp-content\/uploads\/2024\/11\/WhatsApp-Image-2024-11-01-at-11.06.43-AM.jpeg","articleSection":["COMUNICAC\u00cdON","PROMOCI\u00d3N"],"inLanguage":"es"},{"@type":"WebPage","@id":"https:\/\/www.sedesoruro.gob.bo\/index.php\/2024\/11\/19\/taller-de-capacitacion-promueve-conocimientos-de-primeros-auxilios-psicologicos\/","url":"https:\/\/www.sedesoruro.gob.bo\/index.php\/2024\/11\/19\/taller-de-capacitacion-promueve-conocimientos-de-primeros-auxilios-psicologicos\/","name":"TALLER DE CAPACITACION PROMUEVE CONOCIMIENTOS DE PRIMEROS AUXILIOS PSICOL\u00d3GICOS","isPartOf":{"@id":"https:\/\/www.sedesoruro.gob.bo\/#website"},"primaryImageOfPage":{"@id":"https:\/\/www.sedesoruro.gob.bo\/index.php\/2024\/11\/19\/taller-de-capacitacion-promueve-conocimientos-de-primeros-auxilios-psicologicos\/#primaryimage"},"image":{"@id":"https:\/\/www.sedesoruro.gob.bo\/index.php\/2024\/11\/19\/taller-de-capacitacion-promueve-conocimientos-de-primeros-auxilios-psicologicos\/#primaryimage"},"thumbnailUrl":"https:\/\/www.sedesoruro.gob.bo\/wp-content\/uploads\/2024\/11\/WhatsApp-Image-2024-11-01-at-11.06.43-AM.jpeg","datePublished":"2024-11-19T14:02:26+00:00","dateModified":"2024-11-19T18:49:30+00:00","description":"La Unidad Promoci\u00f3n de la Salud, dependiente del Servicio Departamental de Salud (SEDES) Oruro, en coordinaci\u00f3n con el Consejo Social Departamental de","breadcrumb":{"@id":"https:\/\/www.sedesoruro.gob.bo\/index.php\/2024\/11\/19\/taller-de-capacitacion-promueve-conocimientos-de-primeros-auxilios-psicologicos\/#breadcrumb"},"inLanguage":"es","potentialAction":[{"@type":"ReadAction","target":["https:\/\/www.sedesoruro.gob.bo\/index.php\/2024\/11\/19\/taller-de-capacitacion-promueve-conocimientos-de-primeros-auxilios-psicologicos\/"]}]},{"@type":"ImageObject","inLanguage":"es","@id":"https:\/\/www.sedesoruro.gob.bo\/index.php\/2024\/11\/19\/taller-de-capacitacion-promueve-conocimientos-de-primeros-auxilios-psicologicos\/#primaryimage","url":"https:\/\/www.sedesoruro.gob.bo\/wp-content\/uploads\/2024\/11\/WhatsApp-Image-2024-11-01-at-11.06.43-AM.jpeg","contentUrl":"https:\/\/www.sedesoruro.gob.bo\/wp-content\/uploads\/2024\/11\/WhatsApp-Image-2024-11-01-at-11.06.43-AM.jpeg","width":1080,"height":776},{"@type":"BreadcrumbList","@id":"https:\/\/www.sedesoruro.gob.bo\/index.php\/2024\/11\/19\/taller-de-capacitacion-promueve-conocimientos-de-primeros-auxilios-psicologicos\/#breadcrumb","itemListElement":[{"@type":"ListItem","position":1,"name":"Portada","item":"https:\/\/www.sedesoruro.gob.bo\/"},{"@type":"ListItem","position":2,"name":"TALLER DE CAPACITACION PROMUEVE CONOCIMIENTOS DE PRIMEROS AUXILIOS PSICOL\u00d3GICOS"}]},{"@type":"WebSite","@id":"https:\/\/www.sedesoruro.gob.bo\/#website","url":"https:\/\/www.sedesoruro.gob.bo\/","name":"sedesoruro.gob.bo","description":"SERVICIO DEPARTAMENTAL DE SALUD - ORURO","publisher":{"@id":"https:\/\/www.sedesoruro.gob.bo\/#organization"},"alternateName":"Servicio Departamental de Salud - Oruro","potentialAction":[{"@type":"SearchAction","target":{"@type":"EntryPoint","urlTemplate":"https:\/\/www.sedesoruro.gob.bo\/?s={search_term_string}"},"query-input":"required name=search_term_string"}],"inLanguage":"es"},{"@type":"Organization","@id":"https:\/\/www.sedesoruro.gob.bo\/#organization","name":"Servicio Departamental de Salud - Oruro","alternateName":"SEDES ORURO","url":"https:\/\/www.sedesoruro.gob.bo\/","logo":{"@type":"ImageObject","inLanguage":"es","@id":"https:\/\/www.sedesoruro.gob.bo\/#\/schema\/logo\/image\/","url":"https:\/\/www.sedesoruro.gob.bo\/wp-content\/uploads\/2024\/08\/LOGO-SEDES.jpg","contentUrl":"https:\/\/www.sedesoruro.gob.bo\/wp-content\/uploads\/2024\/08\/LOGO-SEDES.jpg","width":226,"height":223,"caption":"Servicio Departamental de Salud - Oruro"},"image":{"@id":"https:\/\/www.sedesoruro.gob.bo\/#\/schema\/logo\/image\/"},"sameAs":["https:\/\/www.facebook.com\/SEDESOR"]},{"@type":"Person","@id":"https:\/\/www.sedesoruro.gob.bo\/#\/schema\/person\/269b8053e5fc16d4191978ba1f4ccfb0","name":"userdesse","image":{"@type":"ImageObject","inLanguage":"es","@id":"https:\/\/www.sedesoruro.gob.bo\/#\/schema\/person\/image\/","url":"https:\/\/secure.gravatar.com\/avatar\/d620fe5460db87edd265e5743d4b6428870636320ba06173d03a4368a03d84aa?s=96&d=mm&r=g","contentUrl":"https:\/\/secure.gravatar.com\/avatar\/d620fe5460db87edd265e5743d4b6428870636320ba06173d03a4368a03d84aa?s=96&d=mm&r=g","caption":"userdesse"},"sameAs":["http:\/\/www.sedesoruro.gob.bo"]}]}},"_links":{"self":[{"href":"https:\/\/www.sedesoruro.gob.bo\/index.php\/wp-json\/wp\/v2\/posts\/4005","targetHints":{"allow":["GET"]}}],"collection":[{"href":"https:\/\/www.sedesoruro.gob.bo\/index.php\/wp-json\/wp\/v2\/posts"}],"about":[{"href":"https:\/\/www.sedesoruro.gob.bo\/index.php\/wp-json\/wp\/v2\/types\/post"}],"author":[{"embeddable":true,"href":"https:\/\/www.sedesoruro.gob.bo\/index.php\/wp-json\/wp\/v2\/users\/1"}],"replies":[{"embeddable":true,"href":"https:\/\/www.sedesoruro.gob.bo\/index.php\/wp-json\/wp\/v2\/comments?post=4005"}],"version-history":[{"count":4,"href":"https:\/\/www.sedesoruro.gob.bo\/index.php\/wp-json\/wp\/v2\/posts\/4005\/revisions"}],"predecessor-version":[{"id":4016,"href":"https:\/\/www.sedesoruro.gob.bo\/index.php\/wp-json\/wp\/v2\/posts\/4005\/revisions\/4016"}],"wp:featuredmedia":[{"embeddable":true,"href":"https:\/\/www.sedesoruro.gob.bo\/index.php\/wp-json\/wp\/v2\/media\/4007"}],"wp:attachment":[{"href":"https:\/\/www.sedesoruro.gob.bo\/index.php\/wp-json\/wp\/v2\/media?parent=4005"}],"wp:term":[{"taxonomy":"category","embeddable":true,"href":"https:\/\/www.sedesoruro.gob.bo\/index.php\/wp-json\/wp\/v2\/categories?post=4005"},{"taxonomy":"post_tag","embeddable":true,"href":"https:\/\/www.sedesoruro.gob.bo\/index.php\/wp-json\/wp\/v2\/tags?post=4005"}],"curies":[{"name":"wp","href":"https:\/\/api.w.org\/{rel}","templated":true}]}}