{"id":4017,"date":"2024-11-19T14:59:04","date_gmt":"2024-11-19T18:59:04","guid":{"rendered":"https:\/\/www.sedesoruro.gob.bo\/?p=4017"},"modified":"2024-11-19T15:03:17","modified_gmt":"2024-11-19T19:03:17","slug":"ante-la-alerta-de-viruela-del-mono-sedes-oruro-fortalece-al-personal-de-salud-con-capacitaciones","status":"publish","type":"post","link":"https:\/\/www.sedesoruro.gob.bo\/index.php\/2024\/11\/19\/ante-la-alerta-de-viruela-del-mono-sedes-oruro-fortalece-al-personal-de-salud-con-capacitaciones\/","title":{"rendered":"ANTE LA ALERTA DE VIRUELA DEL MONO SEDES ORURO FORTALECE AL PERSONAL DE SALUD CON CAPACITACIONES"},"content":{"rendered":"\t\t<div data-elementor-type=\"wp-post\" data-elementor-id=\"4017\" class=\"elementor elementor-4017\">\n\t\t\t\t<div class=\"elementor-element elementor-element-51044fd e-flex e-con-boxed e-con e-parent\" data-id=\"51044fd\" data-element_type=\"container\">\n\t\t\t\t\t<div class=\"e-con-inner\">\n\t\t\t\t<div class=\"elementor-element elementor-element-86a7d24 elementor-widget elementor-widget-text-editor\" data-id=\"86a7d24\" data-element_type=\"widget\" data-widget_type=\"text-editor.default\">\n\t\t\t\t<div class=\"elementor-widget-container\">\n\t\t\t\t\t\t\t\t\t<p>El Servicio Departamental de Salud (SEDES) Oruro, va promoviendo la capacitaci\u00f3n constante de todo el personal de salud para estar alertas ante la posibilidad de casos de viruela s\u00edmica o viruela del mono y as\u00ed cumplir con los protocolos de emergencia que actualmente se tiene ante esta enfermedad.<\/p><p>El Dr. Waldo Rozo, responsable del Programa Ampliado de Inmunizaci\u00f3n (PAI) dio a conocer que, en las actividades programadas con los centros de salud, es muy importante la capacitaci\u00f3n constante al personal de salud para fortalecer las habilidades en lo que se refiere al manejo de casos sospechosos con viruela del mono.<\/p><p>Explic\u00f3 que, dentro de la alerta sanitaria, cada centro m\u00e9dico debe contar con un ambiente de aislamiento para los casos sospechosos, esto es importante considerando la transmisibilidad de esta enfermedad que puede afectar a grupos vulnerables de la poblaci\u00f3n.<\/p>\t\t\t\t\t\t\t\t<\/div>\n\t\t\t\t<\/div>\n\t\t\t\t\t<\/div>\n\t\t\t\t<\/div>\n\t\t<div class=\"elementor-element elementor-element-d75a451 e-flex e-con-boxed e-con e-parent\" data-id=\"d75a451\" data-element_type=\"container\">\n\t\t\t\t\t<div class=\"e-con-inner\">\n\t\t<div class=\"elementor-element elementor-element-a9b3cdf e-con-full e-flex e-con e-child\" data-id=\"a9b3cdf\" data-element_type=\"container\">\n\t\t\t\t<div class=\"elementor-element elementor-element-8ccfe66 elementor-widget elementor-widget-image\" data-id=\"8ccfe66\" data-element_type=\"widget\" data-widget_type=\"image.default\">\n\t\t\t\t<div class=\"elementor-widget-container\">\n\t\t\t\t\t\t\t\t\t\t\t\t\t\t\t<img fetchpriority=\"high\" decoding=\"async\" width=\"1024\" height=\"693\" src=\"https:\/\/www.sedesoruro.gob.bo\/wp-content\/uploads\/2024\/11\/WhatsApp-Image-2024-11-01-at-11.09.45-AM-2-1024x693.jpeg\" class=\"attachment-large size-large wp-image-4020\" alt=\"\" srcset=\"https:\/\/www.sedesoruro.gob.bo\/wp-content\/uploads\/2024\/11\/WhatsApp-Image-2024-11-01-at-11.09.45-AM-2-1024x693.jpeg 1024w, https:\/\/www.sedesoruro.gob.bo\/wp-content\/uploads\/2024\/11\/WhatsApp-Image-2024-11-01-at-11.09.45-AM-2-300x203.jpeg 300w\" sizes=\"(max-width: 1024px) 100vw, 1024px\" \/>\t\t\t\t\t\t\t\t\t\t\t\t\t\t\t<\/div>\n\t\t\t\t<\/div>\n\t\t\t\t<\/div>\n\t\t<div class=\"elementor-element elementor-element-5aed944 e-con-full e-flex e-con e-child\" data-id=\"5aed944\" data-element_type=\"container\">\n\t\t\t\t<div class=\"elementor-element elementor-element-be31c22 elementor-widget elementor-widget-image\" data-id=\"be31c22\" data-element_type=\"widget\" data-widget_type=\"image.default\">\n\t\t\t\t<div class=\"elementor-widget-container\">\n\t\t\t\t\t\t\t\t\t\t\t\t\t\t\t<img decoding=\"async\" width=\"1024\" height=\"683\" src=\"https:\/\/www.sedesoruro.gob.bo\/wp-content\/uploads\/2024\/11\/WhatsApp-Image-2024-11-01-at-11.09.45-AM-3-1024x683.jpeg\" class=\"attachment-large size-large wp-image-4019\" alt=\"\" srcset=\"https:\/\/www.sedesoruro.gob.bo\/wp-content\/uploads\/2024\/11\/WhatsApp-Image-2024-11-01-at-11.09.45-AM-3-1024x683.jpeg 1024w, https:\/\/www.sedesoruro.gob.bo\/wp-content\/uploads\/2024\/11\/WhatsApp-Image-2024-11-01-at-11.09.45-AM-3-300x200.jpeg 300w\" sizes=\"(max-width: 1024px) 100vw, 1024px\" \/>\t\t\t\t\t\t\t\t\t\t\t\t\t\t\t<\/div>\n\t\t\t\t<\/div>\n\t\t\t\t<\/div>\n\t\t\t\t\t<\/div>\n\t\t\t\t<\/div>\n\t\t\t\t<\/div>\n\t\t","protected":false},"excerpt":{"rendered":"<p>El Servicio Departamental de Salud (SEDES) Oruro, va promoviendo la capacitaci\u00f3n constante de todo el personal de salud para estar alertas ante la posibilidad de casos de viruela s\u00edmica o viruela del mono y&#46;&#46;&#46;<\/p>\n","protected":false},"author":1,"featured_media":4021,"comment_status":"open","ping_status":"open","sticky":false,"template":"","format":"standard","meta":{"_cbd_carousel_blocks":"[]","footnotes":""},"categories":[1],"tags":[],"class_list":["post-4017","post","type-post","status-publish","format-standard","has-post-thumbnail","hentry","category-inicio"],"yoast_head":"<!-- This site is optimized with the Yoast SEO plugin v23.1 - https:\/\/yoast.com\/wordpress\/plugins\/seo\/ -->\n<title>ANTE LA ALERTA DE VIRUELA DEL MONO SEDES ORURO FORTALECE AL PERSONAL DE SALUD CON CAPACITACIONES<\/title>\n<meta name=\"description\" content=\"El Servicio Departamental de Salud (SEDES) Oruro, va promoviendo la capacitaci\u00f3n constante de todo el personal de salud para estar alertas ante la\" \/>\n<meta name=\"robots\" content=\"index, follow, max-snippet:-1, max-image-preview:large, max-video-preview:-1\" \/>\n<link rel=\"canonical\" href=\"https:\/\/www.sedesoruro.gob.bo\/index.php\/2024\/11\/19\/ante-la-alerta-de-viruela-del-mono-sedes-oruro-fortalece-al-personal-de-salud-con-capacitaciones\/\" \/>\n<meta property=\"og:locale\" content=\"es_ES\" \/>\n<meta property=\"og:type\" content=\"article\" \/>\n<meta property=\"og:title\" content=\"ANTE LA ALERTA DE VIRUELA DEL MONO SEDES ORURO FORTALECE AL PERSONAL DE SALUD CON CAPACITACIONES\" \/>\n<meta property=\"og:description\" content=\"El Servicio Departamental de Salud (SEDES) Oruro, va promoviendo la capacitaci\u00f3n constante de todo el personal de salud para estar alertas ante la\" \/>\n<meta property=\"og:url\" content=\"https:\/\/www.sedesoruro.gob.bo\/index.php\/2024\/11\/19\/ante-la-alerta-de-viruela-del-mono-sedes-oruro-fortalece-al-personal-de-salud-con-capacitaciones\/\" \/>\n<meta property=\"og:site_name\" content=\"SERVICIO DEPARTAMENTAL DE SALUD - ORURO\" \/>\n<meta property=\"article:publisher\" content=\"https:\/\/www.facebook.com\/SEDESOR\" \/>\n<meta property=\"article:published_time\" content=\"2024-11-19T18:59:04+00:00\" \/>\n<meta property=\"article:modified_time\" content=\"2024-11-19T19:03:17+00:00\" \/>\n<meta property=\"og:image\" content=\"https:\/\/www.sedesoruro.gob.bo\/wp-content\/uploads\/2024\/11\/WhatsApp-Image-2024-11-01-at-11.09.45-AM-1.jpeg\" \/>\n\t<meta property=\"og:image:width\" content=\"1080\" \/>\n\t<meta property=\"og:image:height\" content=\"729\" \/>\n\t<meta property=\"og:image:type\" content=\"image\/jpeg\" \/>\n<meta name=\"author\" content=\"userdesse\" \/>\n<meta name=\"twitter:card\" content=\"summary_large_image\" \/>\n<meta name=\"twitter:label1\" content=\"Escrito por\" \/>\n\t<meta name=\"twitter:data1\" content=\"userdesse\" \/>\n\t<meta name=\"twitter:label2\" content=\"Tiempo de lectura\" \/>\n\t<meta name=\"twitter:data2\" content=\"2 minutos\" \/>\n<script type=\"application\/ld+json\" class=\"yoast-schema-graph\">{\"@context\":\"https:\/\/schema.org\",\"@graph\":[{\"@type\":\"Article\",\"@id\":\"https:\/\/www.sedesoruro.gob.bo\/index.php\/2024\/11\/19\/ante-la-alerta-de-viruela-del-mono-sedes-oruro-fortalece-al-personal-de-salud-con-capacitaciones\/#article\",\"isPartOf\":{\"@id\":\"https:\/\/www.sedesoruro.gob.bo\/index.php\/2024\/11\/19\/ante-la-alerta-de-viruela-del-mono-sedes-oruro-fortalece-al-personal-de-salud-con-capacitaciones\/\"},\"author\":{\"name\":\"userdesse\",\"@id\":\"https:\/\/www.sedesoruro.gob.bo\/#\/schema\/person\/269b8053e5fc16d4191978ba1f4ccfb0\"},\"headline\":\"ANTE LA ALERTA DE VIRUELA DEL MONO SEDES ORURO FORTALECE AL PERSONAL DE SALUD CON CAPACITACIONES\",\"datePublished\":\"2024-11-19T18:59:04+00:00\",\"dateModified\":\"2024-11-19T19:03:17+00:00\",\"mainEntityOfPage\":{\"@id\":\"https:\/\/www.sedesoruro.gob.bo\/index.php\/2024\/11\/19\/ante-la-alerta-de-viruela-del-mono-sedes-oruro-fortalece-al-personal-de-salud-con-capacitaciones\/\"},\"wordCount\":161,\"commentCount\":0,\"publisher\":{\"@id\":\"https:\/\/www.sedesoruro.gob.bo\/#organization\"},\"image\":{\"@id\":\"https:\/\/www.sedesoruro.gob.bo\/index.php\/2024\/11\/19\/ante-la-alerta-de-viruela-del-mono-sedes-oruro-fortalece-al-personal-de-salud-con-capacitaciones\/#primaryimage\"},\"thumbnailUrl\":\"https:\/\/www.sedesoruro.gob.bo\/wp-content\/uploads\/2024\/11\/WhatsApp-Image-2024-11-01-at-11.09.45-AM-1.jpeg\",\"articleSection\":[\"INICIO\"],\"inLanguage\":\"es\",\"potentialAction\":[{\"@type\":\"CommentAction\",\"name\":\"Comment\",\"target\":[\"https:\/\/www.sedesoruro.gob.bo\/index.php\/2024\/11\/19\/ante-la-alerta-de-viruela-del-mono-sedes-oruro-fortalece-al-personal-de-salud-con-capacitaciones\/#respond\"]}]},{\"@type\":\"WebPage\",\"@id\":\"https:\/\/www.sedesoruro.gob.bo\/index.php\/2024\/11\/19\/ante-la-alerta-de-viruela-del-mono-sedes-oruro-fortalece-al-personal-de-salud-con-capacitaciones\/\",\"url\":\"https:\/\/www.sedesoruro.gob.bo\/index.php\/2024\/11\/19\/ante-la-alerta-de-viruela-del-mono-sedes-oruro-fortalece-al-personal-de-salud-con-capacitaciones\/\",\"name\":\"ANTE LA ALERTA DE VIRUELA DEL MONO SEDES ORURO FORTALECE AL PERSONAL DE SALUD CON CAPACITACIONES\",\"isPartOf\":{\"@id\":\"https:\/\/www.sedesoruro.gob.bo\/#website\"},\"primaryImageOfPage\":{\"@id\":\"https:\/\/www.sedesoruro.gob.bo\/index.php\/2024\/11\/19\/ante-la-alerta-de-viruela-del-mono-sedes-oruro-fortalece-al-personal-de-salud-con-capacitaciones\/#primaryimage\"},\"image\":{\"@id\":\"https:\/\/www.sedesoruro.gob.bo\/index.php\/2024\/11\/19\/ante-la-alerta-de-viruela-del-mono-sedes-oruro-fortalece-al-personal-de-salud-con-capacitaciones\/#primaryimage\"},\"thumbnailUrl\":\"https:\/\/www.sedesoruro.gob.bo\/wp-content\/uploads\/2024\/11\/WhatsApp-Image-2024-11-01-at-11.09.45-AM-1.jpeg\",\"datePublished\":\"2024-11-19T18:59:04+00:00\",\"dateModified\":\"2024-11-19T19:03:17+00:00\",\"description\":\"El Servicio Departamental de Salud (SEDES) Oruro, va promoviendo la capacitaci\u00f3n constante de todo el personal de salud para estar alertas ante la\",\"breadcrumb\":{\"@id\":\"https:\/\/www.sedesoruro.gob.bo\/index.php\/2024\/11\/19\/ante-la-alerta-de-viruela-del-mono-sedes-oruro-fortalece-al-personal-de-salud-con-capacitaciones\/#breadcrumb\"},\"inLanguage\":\"es\",\"potentialAction\":[{\"@type\":\"ReadAction\",\"target\":[\"https:\/\/www.sedesoruro.gob.bo\/index.php\/2024\/11\/19\/ante-la-alerta-de-viruela-del-mono-sedes-oruro-fortalece-al-personal-de-salud-con-capacitaciones\/\"]}]},{\"@type\":\"ImageObject\",\"inLanguage\":\"es\",\"@id\":\"https:\/\/www.sedesoruro.gob.bo\/index.php\/2024\/11\/19\/ante-la-alerta-de-viruela-del-mono-sedes-oruro-fortalece-al-personal-de-salud-con-capacitaciones\/#primaryimage\",\"url\":\"https:\/\/www.sedesoruro.gob.bo\/wp-content\/uploads\/2024\/11\/WhatsApp-Image-2024-11-01-at-11.09.45-AM-1.jpeg\",\"contentUrl\":\"https:\/\/www.sedesoruro.gob.bo\/wp-content\/uploads\/2024\/11\/WhatsApp-Image-2024-11-01-at-11.09.45-AM-1.jpeg\",\"width\":1080,\"height\":729},{\"@type\":\"BreadcrumbList\",\"@id\":\"https:\/\/www.sedesoruro.gob.bo\/index.php\/2024\/11\/19\/ante-la-alerta-de-viruela-del-mono-sedes-oruro-fortalece-al-personal-de-salud-con-capacitaciones\/#breadcrumb\",\"itemListElement\":[{\"@type\":\"ListItem\",\"position\":1,\"name\":\"Portada\",\"item\":\"https:\/\/www.sedesoruro.gob.bo\/\"},{\"@type\":\"ListItem\",\"position\":2,\"name\":\"ANTE LA ALERTA DE VIRUELA DEL MONO SEDES ORURO FORTALECE AL PERSONAL DE SALUD CON CAPACITACIONES\"}]},{\"@type\":\"WebSite\",\"@id\":\"https:\/\/www.sedesoruro.gob.bo\/#website\",\"url\":\"https:\/\/www.sedesoruro.gob.bo\/\",\"name\":\"sedesoruro.gob.bo\",\"description\":\"SERVICIO DEPARTAMENTAL DE SALUD - ORURO\",\"publisher\":{\"@id\":\"https:\/\/www.sedesoruro.gob.bo\/#organization\"},\"alternateName\":\"Servicio Departamental de Salud - Oruro\",\"potentialAction\":[{\"@type\":\"SearchAction\",\"target\":{\"@type\":\"EntryPoint\",\"urlTemplate\":\"https:\/\/www.sedesoruro.gob.bo\/?s={search_term_string}\"},\"query-input\":\"required name=search_term_string\"}],\"inLanguage\":\"es\"},{\"@type\":\"Organization\",\"@id\":\"https:\/\/www.sedesoruro.gob.bo\/#organization\",\"name\":\"Servicio Departamental de Salud - Oruro\",\"alternateName\":\"SEDES ORURO\",\"url\":\"https:\/\/www.sedesoruro.gob.bo\/\",\"logo\":{\"@type\":\"ImageObject\",\"inLanguage\":\"es\",\"@id\":\"https:\/\/www.sedesoruro.gob.bo\/#\/schema\/logo\/image\/\",\"url\":\"https:\/\/www.sedesoruro.gob.bo\/wp-content\/uploads\/2024\/08\/LOGO-SEDES.jpg\",\"contentUrl\":\"https:\/\/www.sedesoruro.gob.bo\/wp-content\/uploads\/2024\/08\/LOGO-SEDES.jpg\",\"width\":226,\"height\":223,\"caption\":\"Servicio Departamental de Salud - Oruro\"},\"image\":{\"@id\":\"https:\/\/www.sedesoruro.gob.bo\/#\/schema\/logo\/image\/\"},\"sameAs\":[\"https:\/\/www.facebook.com\/SEDESOR\"]},{\"@type\":\"Person\",\"@id\":\"https:\/\/www.sedesoruro.gob.bo\/#\/schema\/person\/269b8053e5fc16d4191978ba1f4ccfb0\",\"name\":\"userdesse\",\"image\":{\"@type\":\"ImageObject\",\"inLanguage\":\"es\",\"@id\":\"https:\/\/www.sedesoruro.gob.bo\/#\/schema\/person\/image\/\",\"url\":\"https:\/\/secure.gravatar.com\/avatar\/d620fe5460db87edd265e5743d4b6428870636320ba06173d03a4368a03d84aa?s=96&d=mm&r=g\",\"contentUrl\":\"https:\/\/secure.gravatar.com\/avatar\/d620fe5460db87edd265e5743d4b6428870636320ba06173d03a4368a03d84aa?s=96&d=mm&r=g\",\"caption\":\"userdesse\"},\"sameAs\":[\"http:\/\/www.sedesoruro.gob.bo\"]}]}<\/script>\n<!-- \/ Yoast SEO plugin. -->","yoast_head_json":{"title":"ANTE LA ALERTA DE VIRUELA DEL MONO SEDES ORURO FORTALECE AL PERSONAL DE SALUD CON CAPACITACIONES","description":"El Servicio Departamental de Salud (SEDES) Oruro, va promoviendo la capacitaci\u00f3n constante de todo el personal de salud para estar alertas ante la","robots":{"index":"index","follow":"follow","max-snippet":"max-snippet:-1","max-image-preview":"max-image-preview:large","max-video-preview":"max-video-preview:-1"},"canonical":"https:\/\/www.sedesoruro.gob.bo\/index.php\/2024\/11\/19\/ante-la-alerta-de-viruela-del-mono-sedes-oruro-fortalece-al-personal-de-salud-con-capacitaciones\/","og_locale":"es_ES","og_type":"article","og_title":"ANTE LA ALERTA DE VIRUELA DEL MONO SEDES ORURO FORTALECE AL PERSONAL DE SALUD CON CAPACITACIONES","og_description":"El Servicio Departamental de Salud (SEDES) Oruro, va promoviendo la capacitaci\u00f3n constante de todo el personal de salud para estar alertas ante la","og_url":"https:\/\/www.sedesoruro.gob.bo\/index.php\/2024\/11\/19\/ante-la-alerta-de-viruela-del-mono-sedes-oruro-fortalece-al-personal-de-salud-con-capacitaciones\/","og_site_name":"SERVICIO DEPARTAMENTAL DE SALUD - ORURO","article_publisher":"https:\/\/www.facebook.com\/SEDESOR","article_published_time":"2024-11-19T18:59:04+00:00","article_modified_time":"2024-11-19T19:03:17+00:00","og_image":[{"width":1080,"height":729,"url":"https:\/\/www.sedesoruro.gob.bo\/wp-content\/uploads\/2024\/11\/WhatsApp-Image-2024-11-01-at-11.09.45-AM-1.jpeg","type":"image\/jpeg"}],"author":"userdesse","twitter_card":"summary_large_image","twitter_misc":{"Escrito por":"userdesse","Tiempo de lectura":"2 minutos"},"schema":{"@context":"https:\/\/schema.org","@graph":[{"@type":"Article","@id":"https:\/\/www.sedesoruro.gob.bo\/index.php\/2024\/11\/19\/ante-la-alerta-de-viruela-del-mono-sedes-oruro-fortalece-al-personal-de-salud-con-capacitaciones\/#article","isPartOf":{"@id":"https:\/\/www.sedesoruro.gob.bo\/index.php\/2024\/11\/19\/ante-la-alerta-de-viruela-del-mono-sedes-oruro-fortalece-al-personal-de-salud-con-capacitaciones\/"},"author":{"name":"userdesse","@id":"https:\/\/www.sedesoruro.gob.bo\/#\/schema\/person\/269b8053e5fc16d4191978ba1f4ccfb0"},"headline":"ANTE LA ALERTA DE VIRUELA DEL MONO SEDES ORURO FORTALECE AL PERSONAL DE SALUD CON CAPACITACIONES","datePublished":"2024-11-19T18:59:04+00:00","dateModified":"2024-11-19T19:03:17+00:00","mainEntityOfPage":{"@id":"https:\/\/www.sedesoruro.gob.bo\/index.php\/2024\/11\/19\/ante-la-alerta-de-viruela-del-mono-sedes-oruro-fortalece-al-personal-de-salud-con-capacitaciones\/"},"wordCount":161,"commentCount":0,"publisher":{"@id":"https:\/\/www.sedesoruro.gob.bo\/#organization"},"image":{"@id":"https:\/\/www.sedesoruro.gob.bo\/index.php\/2024\/11\/19\/ante-la-alerta-de-viruela-del-mono-sedes-oruro-fortalece-al-personal-de-salud-con-capacitaciones\/#primaryimage"},"thumbnailUrl":"https:\/\/www.sedesoruro.gob.bo\/wp-content\/uploads\/2024\/11\/WhatsApp-Image-2024-11-01-at-11.09.45-AM-1.jpeg","articleSection":["INICIO"],"inLanguage":"es","potentialAction":[{"@type":"CommentAction","name":"Comment","target":["https:\/\/www.sedesoruro.gob.bo\/index.php\/2024\/11\/19\/ante-la-alerta-de-viruela-del-mono-sedes-oruro-fortalece-al-personal-de-salud-con-capacitaciones\/#respond"]}]},{"@type":"WebPage","@id":"https:\/\/www.sedesoruro.gob.bo\/index.php\/2024\/11\/19\/ante-la-alerta-de-viruela-del-mono-sedes-oruro-fortalece-al-personal-de-salud-con-capacitaciones\/","url":"https:\/\/www.sedesoruro.gob.bo\/index.php\/2024\/11\/19\/ante-la-alerta-de-viruela-del-mono-sedes-oruro-fortalece-al-personal-de-salud-con-capacitaciones\/","name":"ANTE LA ALERTA DE VIRUELA DEL MONO SEDES ORURO FORTALECE AL PERSONAL DE SALUD CON CAPACITACIONES","isPartOf":{"@id":"https:\/\/www.sedesoruro.gob.bo\/#website"},"primaryImageOfPage":{"@id":"https:\/\/www.sedesoruro.gob.bo\/index.php\/2024\/11\/19\/ante-la-alerta-de-viruela-del-mono-sedes-oruro-fortalece-al-personal-de-salud-con-capacitaciones\/#primaryimage"},"image":{"@id":"https:\/\/www.sedesoruro.gob.bo\/index.php\/2024\/11\/19\/ante-la-alerta-de-viruela-del-mono-sedes-oruro-fortalece-al-personal-de-salud-con-capacitaciones\/#primaryimage"},"thumbnailUrl":"https:\/\/www.sedesoruro.gob.bo\/wp-content\/uploads\/2024\/11\/WhatsApp-Image-2024-11-01-at-11.09.45-AM-1.jpeg","datePublished":"2024-11-19T18:59:04+00:00","dateModified":"2024-11-19T19:03:17+00:00","description":"El Servicio Departamental de Salud (SEDES) Oruro, va promoviendo la capacitaci\u00f3n constante de todo el personal de salud para estar alertas ante la","breadcrumb":{"@id":"https:\/\/www.sedesoruro.gob.bo\/index.php\/2024\/11\/19\/ante-la-alerta-de-viruela-del-mono-sedes-oruro-fortalece-al-personal-de-salud-con-capacitaciones\/#breadcrumb"},"inLanguage":"es","potentialAction":[{"@type":"ReadAction","target":["https:\/\/www.sedesoruro.gob.bo\/index.php\/2024\/11\/19\/ante-la-alerta-de-viruela-del-mono-sedes-oruro-fortalece-al-personal-de-salud-con-capacitaciones\/"]}]},{"@type":"ImageObject","inLanguage":"es","@id":"https:\/\/www.sedesoruro.gob.bo\/index.php\/2024\/11\/19\/ante-la-alerta-de-viruela-del-mono-sedes-oruro-fortalece-al-personal-de-salud-con-capacitaciones\/#primaryimage","url":"https:\/\/www.sedesoruro.gob.bo\/wp-content\/uploads\/2024\/11\/WhatsApp-Image-2024-11-01-at-11.09.45-AM-1.jpeg","contentUrl":"https:\/\/www.sedesoruro.gob.bo\/wp-content\/uploads\/2024\/11\/WhatsApp-Image-2024-11-01-at-11.09.45-AM-1.jpeg","width":1080,"height":729},{"@type":"BreadcrumbList","@id":"https:\/\/www.sedesoruro.gob.bo\/index.php\/2024\/11\/19\/ante-la-alerta-de-viruela-del-mono-sedes-oruro-fortalece-al-personal-de-salud-con-capacitaciones\/#breadcrumb","itemListElement":[{"@type":"ListItem","position":1,"name":"Portada","item":"https:\/\/www.sedesoruro.gob.bo\/"},{"@type":"ListItem","position":2,"name":"ANTE LA ALERTA DE VIRUELA DEL MONO SEDES ORURO FORTALECE AL PERSONAL DE SALUD CON CAPACITACIONES"}]},{"@type":"WebSite","@id":"https:\/\/www.sedesoruro.gob.bo\/#website","url":"https:\/\/www.sedesoruro.gob.bo\/","name":"sedesoruro.gob.bo","description":"SERVICIO DEPARTAMENTAL DE SALUD - ORURO","publisher":{"@id":"https:\/\/www.sedesoruro.gob.bo\/#organization"},"alternateName":"Servicio Departamental de Salud - Oruro","potentialAction":[{"@type":"SearchAction","target":{"@type":"EntryPoint","urlTemplate":"https:\/\/www.sedesoruro.gob.bo\/?s={search_term_string}"},"query-input":"required name=search_term_string"}],"inLanguage":"es"},{"@type":"Organization","@id":"https:\/\/www.sedesoruro.gob.bo\/#organization","name":"Servicio Departamental de Salud - Oruro","alternateName":"SEDES ORURO","url":"https:\/\/www.sedesoruro.gob.bo\/","logo":{"@type":"ImageObject","inLanguage":"es","@id":"https:\/\/www.sedesoruro.gob.bo\/#\/schema\/logo\/image\/","url":"https:\/\/www.sedesoruro.gob.bo\/wp-content\/uploads\/2024\/08\/LOGO-SEDES.jpg","contentUrl":"https:\/\/www.sedesoruro.gob.bo\/wp-content\/uploads\/2024\/08\/LOGO-SEDES.jpg","width":226,"height":223,"caption":"Servicio Departamental de Salud - Oruro"},"image":{"@id":"https:\/\/www.sedesoruro.gob.bo\/#\/schema\/logo\/image\/"},"sameAs":["https:\/\/www.facebook.com\/SEDESOR"]},{"@type":"Person","@id":"https:\/\/www.sedesoruro.gob.bo\/#\/schema\/person\/269b8053e5fc16d4191978ba1f4ccfb0","name":"userdesse","image":{"@type":"ImageObject","inLanguage":"es","@id":"https:\/\/www.sedesoruro.gob.bo\/#\/schema\/person\/image\/","url":"https:\/\/secure.gravatar.com\/avatar\/d620fe5460db87edd265e5743d4b6428870636320ba06173d03a4368a03d84aa?s=96&d=mm&r=g","contentUrl":"https:\/\/secure.gravatar.com\/avatar\/d620fe5460db87edd265e5743d4b6428870636320ba06173d03a4368a03d84aa?s=96&d=mm&r=g","caption":"userdesse"},"sameAs":["http:\/\/www.sedesoruro.gob.bo"]}]}},"_links":{"self":[{"href":"https:\/\/www.sedesoruro.gob.bo\/index.php\/wp-json\/wp\/v2\/posts\/4017","targetHints":{"allow":["GET"]}}],"collection":[{"href":"https:\/\/www.sedesoruro.gob.bo\/index.php\/wp-json\/wp\/v2\/posts"}],"about":[{"href":"https:\/\/www.sedesoruro.gob.bo\/index.php\/wp-json\/wp\/v2\/types\/post"}],"author":[{"embeddable":true,"href":"https:\/\/www.sedesoruro.gob.bo\/index.php\/wp-json\/wp\/v2\/users\/1"}],"replies":[{"embeddable":true,"href":"https:\/\/www.sedesoruro.gob.bo\/index.php\/wp-json\/wp\/v2\/comments?post=4017"}],"version-history":[{"count":7,"href":"https:\/\/www.sedesoruro.gob.bo\/index.php\/wp-json\/wp\/v2\/posts\/4017\/revisions"}],"predecessor-version":[{"id":4029,"href":"https:\/\/www.sedesoruro.gob.bo\/index.php\/wp-json\/wp\/v2\/posts\/4017\/revisions\/4029"}],"wp:featuredmedia":[{"embeddable":true,"href":"https:\/\/www.sedesoruro.gob.bo\/index.php\/wp-json\/wp\/v2\/media\/4021"}],"wp:attachment":[{"href":"https:\/\/www.sedesoruro.gob.bo\/index.php\/wp-json\/wp\/v2\/media?parent=4017"}],"wp:term":[{"taxonomy":"category","embeddable":true,"href":"https:\/\/www.sedesoruro.gob.bo\/index.php\/wp-json\/wp\/v2\/categories?post=4017"},{"taxonomy":"post_tag","embeddable":true,"href":"https:\/\/www.sedesoruro.gob.bo\/index.php\/wp-json\/wp\/v2\/tags?post=4017"}],"curies":[{"name":"wp","href":"https:\/\/api.w.org\/{rel}","templated":true}]}}