{"id":4030,"date":"2024-11-19T15:23:55","date_gmt":"2024-11-19T19:23:55","guid":{"rendered":"https:\/\/www.sedesoruro.gob.bo\/?p=4030"},"modified":"2024-11-19T15:48:55","modified_gmt":"2024-11-19T19:48:55","slug":"sedes-oruro-posesiono-al-nuevo-comite-tecnico-evaluador-de-la-codelab","status":"publish","type":"post","link":"https:\/\/www.sedesoruro.gob.bo\/index.php\/2024\/11\/19\/sedes-oruro-posesiono-al-nuevo-comite-tecnico-evaluador-de-la-codelab\/","title":{"rendered":"SEDES ORURO POSESION\u00d3 AL NUEVO COMIT\u00c9 T\u00c9CNICO EVALUADOR DE LA CODELAB\u00a0"},"content":{"rendered":"\t\t<div data-elementor-type=\"wp-post\" data-elementor-id=\"4030\" class=\"elementor elementor-4030\">\n\t\t\t\t<div class=\"elementor-element elementor-element-11cdd11 e-flex e-con-boxed e-con e-parent\" data-id=\"11cdd11\" data-element_type=\"container\">\n\t\t\t\t\t<div class=\"e-con-inner\">\n\t\t<div class=\"elementor-element elementor-element-775d44b e-con-full e-flex e-con e-child\" data-id=\"775d44b\" data-element_type=\"container\">\n\t\t\t\t<div class=\"elementor-element elementor-element-ca04589 elementor-widget elementor-widget-text-editor\" data-id=\"ca04589\" data-element_type=\"widget\" data-widget_type=\"text-editor.default\">\n\t\t\t\t<div class=\"elementor-widget-container\">\n\t\t\t\t\t\t\t\t\t<p>El Director T\u00e9cnico del Servicio Departamental de Salud (SEDES) Oruro, Dr. Juan Carlos Challapa Mancilla, cumpli\u00f3 con la toma de juramento y posesi\u00f3n del nuevo Comit\u00e9 T\u00e9cnico Evaluador de la Coordinadora Departamental de Laboratorios (CODELAB), con el objetivo de coadyuvar con la mejora continua de los servicios de laboratorios, cl\u00ednicos y patol\u00f3gicos del departamento.<\/p><p>El Dr. Te\u00f3filo Checa Condori, responsable del \u00c1rea de Coordinaci\u00f3n Departamental de Laboratorios, hizo conocer que el acto de posesi\u00f3n de este Comit\u00e9 es de suma importancia, ya que el mismo est\u00e1 conformado por profesionales bioqu\u00edmicos y m\u00e9dicos pat\u00f3logos de los diferentes subsectores de salud p\u00fablico, la seguridad social a corto plazo, privados, ONGs e iglesias, este Comit\u00e9 tendr\u00e1 un periodo de duraci\u00f3n de las gestiones 2024-2025.<\/p>\t\t\t\t\t\t\t\t<\/div>\n\t\t\t\t<\/div>\n\t\t\t\t<\/div>\n\t\t<div class=\"elementor-element elementor-element-4210384 e-con-full e-flex e-con e-child\" data-id=\"4210384\" data-element_type=\"container\">\n\t\t\t\t<div class=\"elementor-element elementor-element-7fd5bb6 elementor-widget elementor-widget-image\" data-id=\"7fd5bb6\" data-element_type=\"widget\" data-widget_type=\"image.default\">\n\t\t\t\t<div class=\"elementor-widget-container\">\n\t\t\t\t\t\t\t\t\t\t\t\t\t\t\t<img fetchpriority=\"high\" decoding=\"async\" width=\"1024\" height=\"683\" src=\"https:\/\/www.sedesoruro.gob.bo\/wp-content\/uploads\/2024\/11\/WhatsApp-Image-2024-11-01-at-11.11.40-AM-1024x683.jpeg\" class=\"attachment-large size-large wp-image-4034\" alt=\"\" srcset=\"https:\/\/www.sedesoruro.gob.bo\/wp-content\/uploads\/2024\/11\/WhatsApp-Image-2024-11-01-at-11.11.40-AM-1024x683.jpeg 1024w, https:\/\/www.sedesoruro.gob.bo\/wp-content\/uploads\/2024\/11\/WhatsApp-Image-2024-11-01-at-11.11.40-AM-300x200.jpeg 300w\" sizes=\"(max-width: 1024px) 100vw, 1024px\" \/>\t\t\t\t\t\t\t\t\t\t\t\t\t\t\t<\/div>\n\t\t\t\t<\/div>\n\t\t\t\t<\/div>\n\t\t\t\t\t<\/div>\n\t\t\t\t<\/div>\n\t\t<div class=\"elementor-element elementor-element-a0b3a38 e-grid e-con-boxed e-con e-parent\" data-id=\"a0b3a38\" data-element_type=\"container\">\n\t\t\t\t\t<div class=\"e-con-inner\">\n\t\t\t\t<div class=\"elementor-element elementor-element-fde5507 elementor-widget elementor-widget-image\" data-id=\"fde5507\" data-element_type=\"widget\" data-widget_type=\"image.default\">\n\t\t\t\t<div class=\"elementor-widget-container\">\n\t\t\t\t\t\t\t\t\t\t\t\t\t\t\t<img decoding=\"async\" width=\"1024\" height=\"699\" src=\"https:\/\/www.sedesoruro.gob.bo\/wp-content\/uploads\/2024\/11\/WhatsApp-Image-2024-11-01-at-11.11.41-AM-2-1024x699.jpeg\" class=\"attachment-large size-large wp-image-4036\" alt=\"\" srcset=\"https:\/\/www.sedesoruro.gob.bo\/wp-content\/uploads\/2024\/11\/WhatsApp-Image-2024-11-01-at-11.11.41-AM-2-1024x699.jpeg 1024w, https:\/\/www.sedesoruro.gob.bo\/wp-content\/uploads\/2024\/11\/WhatsApp-Image-2024-11-01-at-11.11.41-AM-2-300x205.jpeg 300w\" sizes=\"(max-width: 1024px) 100vw, 1024px\" \/>\t\t\t\t\t\t\t\t\t\t\t\t\t\t\t<\/div>\n\t\t\t\t<\/div>\n\t\t\t\t<div class=\"elementor-element elementor-element-0f96304 elementor-widget elementor-widget-image\" data-id=\"0f96304\" data-element_type=\"widget\" data-widget_type=\"image.default\">\n\t\t\t\t<div class=\"elementor-widget-container\">\n\t\t\t\t\t\t\t\t\t\t\t\t\t\t\t<img decoding=\"async\" width=\"1024\" height=\"1024\" src=\"https:\/\/www.sedesoruro.gob.bo\/wp-content\/uploads\/2024\/11\/WhatsApp-Image-2024-11-01-at-11.11.41-AM-3-1024x1024.jpeg\" class=\"attachment-large size-large wp-image-4037\" alt=\"\" srcset=\"https:\/\/www.sedesoruro.gob.bo\/wp-content\/uploads\/2024\/11\/WhatsApp-Image-2024-11-01-at-11.11.41-AM-3-1024x1024.jpeg 1024w, https:\/\/www.sedesoruro.gob.bo\/wp-content\/uploads\/2024\/11\/WhatsApp-Image-2024-11-01-at-11.11.41-AM-3-300x300.jpeg 300w, https:\/\/www.sedesoruro.gob.bo\/wp-content\/uploads\/2024\/11\/WhatsApp-Image-2024-11-01-at-11.11.41-AM-3-150x150.jpeg 150w\" sizes=\"(max-width: 1024px) 100vw, 1024px\" \/>\t\t\t\t\t\t\t\t\t\t\t\t\t\t\t<\/div>\n\t\t\t\t<\/div>\n\t\t\t\t<div class=\"elementor-element elementor-element-f917256 elementor-widget elementor-widget-image\" data-id=\"f917256\" data-element_type=\"widget\" data-widget_type=\"image.default\">\n\t\t\t\t<div class=\"elementor-widget-container\">\n\t\t\t\t\t\t\t\t\t\t\t\t\t\t\t<img loading=\"lazy\" decoding=\"async\" width=\"1024\" height=\"801\" src=\"https:\/\/www.sedesoruro.gob.bo\/wp-content\/uploads\/2024\/11\/WhatsApp-Image-2024-11-01-at-11.11.41-AM-1-1024x801.jpeg\" class=\"attachment-large size-large wp-image-4035\" alt=\"\" srcset=\"https:\/\/www.sedesoruro.gob.bo\/wp-content\/uploads\/2024\/11\/WhatsApp-Image-2024-11-01-at-11.11.41-AM-1-1024x801.jpeg 1024w, https:\/\/www.sedesoruro.gob.bo\/wp-content\/uploads\/2024\/11\/WhatsApp-Image-2024-11-01-at-11.11.41-AM-1-300x235.jpeg 300w\" sizes=\"(max-width: 1024px) 100vw, 1024px\" \/>\t\t\t\t\t\t\t\t\t\t\t\t\t\t\t<\/div>\n\t\t\t\t<\/div>\n\t\t\t\t<div class=\"elementor-element elementor-element-af4e992 elementor-widget elementor-widget-text-editor\" data-id=\"af4e992\" data-element_type=\"widget\" data-widget_type=\"text-editor.default\">\n\t\t\t\t<div class=\"elementor-widget-container\">\n\t\t\t\t\t\t\t\t\t<p>Este Comit\u00e9 Evaluador fortalecer\u00e1 la CODELAB a partir de un equipo multidisciplinario y multisectorial, a su vez coadyuvar\u00e1 en la planificaci\u00f3n de la mejora continua de los servicios de laboratorios cl\u00ednicos y patol\u00f3gicos, hacer cumplir la normativa y reglamento para la habilitaci\u00f3n, adem\u00e1s de renovaci\u00f3n de laboratorios con Resoluci\u00f3n Ministerial 0202\/2010 y garantizar los resultados eficaces y oportunos para coadyuvar con un diagn\u00f3stico cl\u00ednico de parte del personal m\u00e9dico en favor de los pacientes.<\/p>\t\t\t\t\t\t\t\t<\/div>\n\t\t\t\t<\/div>\n\t\t\t\t\t<\/div>\n\t\t\t\t<\/div>\n\t\t\t\t<\/div>\n\t\t","protected":false},"excerpt":{"rendered":"<p>El Director T\u00e9cnico del Servicio Departamental de Salud (SEDES) Oruro, Dr. Juan Carlos Challapa Mancilla, cumpli\u00f3 con la toma de juramento y posesi\u00f3n del nuevo Comit\u00e9 T\u00e9cnico Evaluador de la Coordinadora Departamental de Laboratorios&#46;&#46;&#46;<\/p>\n","protected":false},"author":1,"featured_media":4031,"comment_status":"closed","ping_status":"open","sticky":false,"template":"","format":"standard","meta":{"_cbd_carousel_blocks":"[]","footnotes":""},"categories":[1],"tags":[],"class_list":["post-4030","post","type-post","status-publish","format-standard","has-post-thumbnail","hentry","category-inicio"],"yoast_head":"<!-- This site is optimized with the Yoast SEO plugin v23.1 - https:\/\/yoast.com\/wordpress\/plugins\/seo\/ -->\n<title>SEDES ORURO POSESION\u00d3 AL NUEVO COMIT\u00c9 T\u00c9CNICO EVALUADOR DE LA CODELAB\u00a0<\/title>\n<meta name=\"description\" content=\"El Director T\u00e9cnico del Servicio Departamental de Salud (SEDES) Oruro, Dr. Juan Carlos Challapa Mancilla, cumpli\u00f3 con la toma de juramento y posesi\u00f3n del\" \/>\n<meta name=\"robots\" content=\"index, follow, max-snippet:-1, max-image-preview:large, max-video-preview:-1\" \/>\n<link rel=\"canonical\" href=\"https:\/\/www.sedesoruro.gob.bo\/index.php\/2024\/11\/19\/sedes-oruro-posesiono-al-nuevo-comite-tecnico-evaluador-de-la-codelab\/\" \/>\n<meta property=\"og:locale\" content=\"es_ES\" \/>\n<meta property=\"og:type\" content=\"article\" \/>\n<meta property=\"og:title\" content=\"SEDES ORURO POSESION\u00d3 AL NUEVO COMIT\u00c9 T\u00c9CNICO EVALUADOR DE LA CODELAB\u00a0\" \/>\n<meta property=\"og:description\" content=\"El Director T\u00e9cnico del Servicio Departamental de Salud (SEDES) Oruro, Dr. Juan Carlos Challapa Mancilla, cumpli\u00f3 con la toma de juramento y posesi\u00f3n del\" \/>\n<meta property=\"og:url\" content=\"https:\/\/www.sedesoruro.gob.bo\/index.php\/2024\/11\/19\/sedes-oruro-posesiono-al-nuevo-comite-tecnico-evaluador-de-la-codelab\/\" \/>\n<meta property=\"og:site_name\" content=\"SERVICIO DEPARTAMENTAL DE SALUD - ORURO\" \/>\n<meta property=\"article:publisher\" content=\"https:\/\/www.facebook.com\/SEDESOR\" \/>\n<meta property=\"article:published_time\" content=\"2024-11-19T19:23:55+00:00\" \/>\n<meta property=\"article:modified_time\" content=\"2024-11-19T19:48:55+00:00\" \/>\n<meta property=\"og:image\" content=\"https:\/\/www.sedesoruro.gob.bo\/wp-content\/uploads\/2024\/11\/WhatsApp-Image-2024-11-01-at-11.11.41-AM.jpeg\" \/>\n\t<meta property=\"og:image:width\" content=\"1080\" \/>\n\t<meta property=\"og:image:height\" content=\"720\" \/>\n\t<meta property=\"og:image:type\" content=\"image\/jpeg\" \/>\n<meta name=\"author\" content=\"userdesse\" \/>\n<meta name=\"twitter:card\" content=\"summary_large_image\" \/>\n<meta name=\"twitter:label1\" content=\"Escrito por\" \/>\n\t<meta name=\"twitter:data1\" content=\"userdesse\" \/>\n\t<meta name=\"twitter:label2\" content=\"Tiempo de lectura\" \/>\n\t<meta name=\"twitter:data2\" content=\"2 minutos\" \/>\n<script type=\"application\/ld+json\" class=\"yoast-schema-graph\">{\"@context\":\"https:\/\/schema.org\",\"@graph\":[{\"@type\":\"Article\",\"@id\":\"https:\/\/www.sedesoruro.gob.bo\/index.php\/2024\/11\/19\/sedes-oruro-posesiono-al-nuevo-comite-tecnico-evaluador-de-la-codelab\/#article\",\"isPartOf\":{\"@id\":\"https:\/\/www.sedesoruro.gob.bo\/index.php\/2024\/11\/19\/sedes-oruro-posesiono-al-nuevo-comite-tecnico-evaluador-de-la-codelab\/\"},\"author\":{\"name\":\"userdesse\",\"@id\":\"https:\/\/www.sedesoruro.gob.bo\/#\/schema\/person\/269b8053e5fc16d4191978ba1f4ccfb0\"},\"headline\":\"SEDES ORURO POSESION\u00d3 AL NUEVO COMIT\u00c9 T\u00c9CNICO EVALUADOR DE LA CODELAB\u00a0\",\"datePublished\":\"2024-11-19T19:23:55+00:00\",\"dateModified\":\"2024-11-19T19:48:55+00:00\",\"mainEntityOfPage\":{\"@id\":\"https:\/\/www.sedesoruro.gob.bo\/index.php\/2024\/11\/19\/sedes-oruro-posesiono-al-nuevo-comite-tecnico-evaluador-de-la-codelab\/\"},\"wordCount\":229,\"publisher\":{\"@id\":\"https:\/\/www.sedesoruro.gob.bo\/#organization\"},\"image\":{\"@id\":\"https:\/\/www.sedesoruro.gob.bo\/index.php\/2024\/11\/19\/sedes-oruro-posesiono-al-nuevo-comite-tecnico-evaluador-de-la-codelab\/#primaryimage\"},\"thumbnailUrl\":\"https:\/\/www.sedesoruro.gob.bo\/wp-content\/uploads\/2024\/11\/WhatsApp-Image-2024-11-01-at-11.11.41-AM.jpeg\",\"articleSection\":[\"INICIO\"],\"inLanguage\":\"es\"},{\"@type\":\"WebPage\",\"@id\":\"https:\/\/www.sedesoruro.gob.bo\/index.php\/2024\/11\/19\/sedes-oruro-posesiono-al-nuevo-comite-tecnico-evaluador-de-la-codelab\/\",\"url\":\"https:\/\/www.sedesoruro.gob.bo\/index.php\/2024\/11\/19\/sedes-oruro-posesiono-al-nuevo-comite-tecnico-evaluador-de-la-codelab\/\",\"name\":\"SEDES ORURO POSESION\u00d3 AL NUEVO COMIT\u00c9 T\u00c9CNICO EVALUADOR DE LA CODELAB\u00a0\",\"isPartOf\":{\"@id\":\"https:\/\/www.sedesoruro.gob.bo\/#website\"},\"primaryImageOfPage\":{\"@id\":\"https:\/\/www.sedesoruro.gob.bo\/index.php\/2024\/11\/19\/sedes-oruro-posesiono-al-nuevo-comite-tecnico-evaluador-de-la-codelab\/#primaryimage\"},\"image\":{\"@id\":\"https:\/\/www.sedesoruro.gob.bo\/index.php\/2024\/11\/19\/sedes-oruro-posesiono-al-nuevo-comite-tecnico-evaluador-de-la-codelab\/#primaryimage\"},\"thumbnailUrl\":\"https:\/\/www.sedesoruro.gob.bo\/wp-content\/uploads\/2024\/11\/WhatsApp-Image-2024-11-01-at-11.11.41-AM.jpeg\",\"datePublished\":\"2024-11-19T19:23:55+00:00\",\"dateModified\":\"2024-11-19T19:48:55+00:00\",\"description\":\"El Director T\u00e9cnico del Servicio Departamental de Salud (SEDES) Oruro, Dr. Juan Carlos Challapa Mancilla, cumpli\u00f3 con la toma de juramento y posesi\u00f3n del\",\"breadcrumb\":{\"@id\":\"https:\/\/www.sedesoruro.gob.bo\/index.php\/2024\/11\/19\/sedes-oruro-posesiono-al-nuevo-comite-tecnico-evaluador-de-la-codelab\/#breadcrumb\"},\"inLanguage\":\"es\",\"potentialAction\":[{\"@type\":\"ReadAction\",\"target\":[\"https:\/\/www.sedesoruro.gob.bo\/index.php\/2024\/11\/19\/sedes-oruro-posesiono-al-nuevo-comite-tecnico-evaluador-de-la-codelab\/\"]}]},{\"@type\":\"ImageObject\",\"inLanguage\":\"es\",\"@id\":\"https:\/\/www.sedesoruro.gob.bo\/index.php\/2024\/11\/19\/sedes-oruro-posesiono-al-nuevo-comite-tecnico-evaluador-de-la-codelab\/#primaryimage\",\"url\":\"https:\/\/www.sedesoruro.gob.bo\/wp-content\/uploads\/2024\/11\/WhatsApp-Image-2024-11-01-at-11.11.41-AM.jpeg\",\"contentUrl\":\"https:\/\/www.sedesoruro.gob.bo\/wp-content\/uploads\/2024\/11\/WhatsApp-Image-2024-11-01-at-11.11.41-AM.jpeg\",\"width\":1080,\"height\":720},{\"@type\":\"BreadcrumbList\",\"@id\":\"https:\/\/www.sedesoruro.gob.bo\/index.php\/2024\/11\/19\/sedes-oruro-posesiono-al-nuevo-comite-tecnico-evaluador-de-la-codelab\/#breadcrumb\",\"itemListElement\":[{\"@type\":\"ListItem\",\"position\":1,\"name\":\"Portada\",\"item\":\"https:\/\/www.sedesoruro.gob.bo\/\"},{\"@type\":\"ListItem\",\"position\":2,\"name\":\"SEDES ORURO POSESION\u00d3 AL NUEVO COMIT\u00c9 T\u00c9CNICO EVALUADOR DE LA CODELAB\u00a0\"}]},{\"@type\":\"WebSite\",\"@id\":\"https:\/\/www.sedesoruro.gob.bo\/#website\",\"url\":\"https:\/\/www.sedesoruro.gob.bo\/\",\"name\":\"sedesoruro.gob.bo\",\"description\":\"SERVICIO DEPARTAMENTAL DE SALUD - ORURO\",\"publisher\":{\"@id\":\"https:\/\/www.sedesoruro.gob.bo\/#organization\"},\"alternateName\":\"Servicio Departamental de Salud - Oruro\",\"potentialAction\":[{\"@type\":\"SearchAction\",\"target\":{\"@type\":\"EntryPoint\",\"urlTemplate\":\"https:\/\/www.sedesoruro.gob.bo\/?s={search_term_string}\"},\"query-input\":\"required name=search_term_string\"}],\"inLanguage\":\"es\"},{\"@type\":\"Organization\",\"@id\":\"https:\/\/www.sedesoruro.gob.bo\/#organization\",\"name\":\"Servicio Departamental de Salud - Oruro\",\"alternateName\":\"SEDES ORURO\",\"url\":\"https:\/\/www.sedesoruro.gob.bo\/\",\"logo\":{\"@type\":\"ImageObject\",\"inLanguage\":\"es\",\"@id\":\"https:\/\/www.sedesoruro.gob.bo\/#\/schema\/logo\/image\/\",\"url\":\"https:\/\/www.sedesoruro.gob.bo\/wp-content\/uploads\/2024\/08\/LOGO-SEDES.jpg\",\"contentUrl\":\"https:\/\/www.sedesoruro.gob.bo\/wp-content\/uploads\/2024\/08\/LOGO-SEDES.jpg\",\"width\":226,\"height\":223,\"caption\":\"Servicio Departamental de Salud - Oruro\"},\"image\":{\"@id\":\"https:\/\/www.sedesoruro.gob.bo\/#\/schema\/logo\/image\/\"},\"sameAs\":[\"https:\/\/www.facebook.com\/SEDESOR\"]},{\"@type\":\"Person\",\"@id\":\"https:\/\/www.sedesoruro.gob.bo\/#\/schema\/person\/269b8053e5fc16d4191978ba1f4ccfb0\",\"name\":\"userdesse\",\"image\":{\"@type\":\"ImageObject\",\"inLanguage\":\"es\",\"@id\":\"https:\/\/www.sedesoruro.gob.bo\/#\/schema\/person\/image\/\",\"url\":\"https:\/\/secure.gravatar.com\/avatar\/d620fe5460db87edd265e5743d4b6428870636320ba06173d03a4368a03d84aa?s=96&d=mm&r=g\",\"contentUrl\":\"https:\/\/secure.gravatar.com\/avatar\/d620fe5460db87edd265e5743d4b6428870636320ba06173d03a4368a03d84aa?s=96&d=mm&r=g\",\"caption\":\"userdesse\"},\"sameAs\":[\"http:\/\/www.sedesoruro.gob.bo\"]}]}<\/script>\n<!-- \/ Yoast SEO plugin. -->","yoast_head_json":{"title":"SEDES ORURO POSESION\u00d3 AL NUEVO COMIT\u00c9 T\u00c9CNICO EVALUADOR DE LA CODELAB\u00a0","description":"El Director T\u00e9cnico del Servicio Departamental de Salud (SEDES) Oruro, Dr. Juan Carlos Challapa Mancilla, cumpli\u00f3 con la toma de juramento y posesi\u00f3n del","robots":{"index":"index","follow":"follow","max-snippet":"max-snippet:-1","max-image-preview":"max-image-preview:large","max-video-preview":"max-video-preview:-1"},"canonical":"https:\/\/www.sedesoruro.gob.bo\/index.php\/2024\/11\/19\/sedes-oruro-posesiono-al-nuevo-comite-tecnico-evaluador-de-la-codelab\/","og_locale":"es_ES","og_type":"article","og_title":"SEDES ORURO POSESION\u00d3 AL NUEVO COMIT\u00c9 T\u00c9CNICO EVALUADOR DE LA CODELAB\u00a0","og_description":"El Director T\u00e9cnico del Servicio Departamental de Salud (SEDES) Oruro, Dr. Juan Carlos Challapa Mancilla, cumpli\u00f3 con la toma de juramento y posesi\u00f3n del","og_url":"https:\/\/www.sedesoruro.gob.bo\/index.php\/2024\/11\/19\/sedes-oruro-posesiono-al-nuevo-comite-tecnico-evaluador-de-la-codelab\/","og_site_name":"SERVICIO DEPARTAMENTAL DE SALUD - ORURO","article_publisher":"https:\/\/www.facebook.com\/SEDESOR","article_published_time":"2024-11-19T19:23:55+00:00","article_modified_time":"2024-11-19T19:48:55+00:00","og_image":[{"width":1080,"height":720,"url":"https:\/\/www.sedesoruro.gob.bo\/wp-content\/uploads\/2024\/11\/WhatsApp-Image-2024-11-01-at-11.11.41-AM.jpeg","type":"image\/jpeg"}],"author":"userdesse","twitter_card":"summary_large_image","twitter_misc":{"Escrito por":"userdesse","Tiempo de lectura":"2 minutos"},"schema":{"@context":"https:\/\/schema.org","@graph":[{"@type":"Article","@id":"https:\/\/www.sedesoruro.gob.bo\/index.php\/2024\/11\/19\/sedes-oruro-posesiono-al-nuevo-comite-tecnico-evaluador-de-la-codelab\/#article","isPartOf":{"@id":"https:\/\/www.sedesoruro.gob.bo\/index.php\/2024\/11\/19\/sedes-oruro-posesiono-al-nuevo-comite-tecnico-evaluador-de-la-codelab\/"},"author":{"name":"userdesse","@id":"https:\/\/www.sedesoruro.gob.bo\/#\/schema\/person\/269b8053e5fc16d4191978ba1f4ccfb0"},"headline":"SEDES ORURO POSESION\u00d3 AL NUEVO COMIT\u00c9 T\u00c9CNICO EVALUADOR DE LA CODELAB\u00a0","datePublished":"2024-11-19T19:23:55+00:00","dateModified":"2024-11-19T19:48:55+00:00","mainEntityOfPage":{"@id":"https:\/\/www.sedesoruro.gob.bo\/index.php\/2024\/11\/19\/sedes-oruro-posesiono-al-nuevo-comite-tecnico-evaluador-de-la-codelab\/"},"wordCount":229,"publisher":{"@id":"https:\/\/www.sedesoruro.gob.bo\/#organization"},"image":{"@id":"https:\/\/www.sedesoruro.gob.bo\/index.php\/2024\/11\/19\/sedes-oruro-posesiono-al-nuevo-comite-tecnico-evaluador-de-la-codelab\/#primaryimage"},"thumbnailUrl":"https:\/\/www.sedesoruro.gob.bo\/wp-content\/uploads\/2024\/11\/WhatsApp-Image-2024-11-01-at-11.11.41-AM.jpeg","articleSection":["INICIO"],"inLanguage":"es"},{"@type":"WebPage","@id":"https:\/\/www.sedesoruro.gob.bo\/index.php\/2024\/11\/19\/sedes-oruro-posesiono-al-nuevo-comite-tecnico-evaluador-de-la-codelab\/","url":"https:\/\/www.sedesoruro.gob.bo\/index.php\/2024\/11\/19\/sedes-oruro-posesiono-al-nuevo-comite-tecnico-evaluador-de-la-codelab\/","name":"SEDES ORURO POSESION\u00d3 AL NUEVO COMIT\u00c9 T\u00c9CNICO EVALUADOR DE LA CODELAB\u00a0","isPartOf":{"@id":"https:\/\/www.sedesoruro.gob.bo\/#website"},"primaryImageOfPage":{"@id":"https:\/\/www.sedesoruro.gob.bo\/index.php\/2024\/11\/19\/sedes-oruro-posesiono-al-nuevo-comite-tecnico-evaluador-de-la-codelab\/#primaryimage"},"image":{"@id":"https:\/\/www.sedesoruro.gob.bo\/index.php\/2024\/11\/19\/sedes-oruro-posesiono-al-nuevo-comite-tecnico-evaluador-de-la-codelab\/#primaryimage"},"thumbnailUrl":"https:\/\/www.sedesoruro.gob.bo\/wp-content\/uploads\/2024\/11\/WhatsApp-Image-2024-11-01-at-11.11.41-AM.jpeg","datePublished":"2024-11-19T19:23:55+00:00","dateModified":"2024-11-19T19:48:55+00:00","description":"El Director T\u00e9cnico del Servicio Departamental de Salud (SEDES) Oruro, Dr. Juan Carlos Challapa Mancilla, cumpli\u00f3 con la toma de juramento y posesi\u00f3n del","breadcrumb":{"@id":"https:\/\/www.sedesoruro.gob.bo\/index.php\/2024\/11\/19\/sedes-oruro-posesiono-al-nuevo-comite-tecnico-evaluador-de-la-codelab\/#breadcrumb"},"inLanguage":"es","potentialAction":[{"@type":"ReadAction","target":["https:\/\/www.sedesoruro.gob.bo\/index.php\/2024\/11\/19\/sedes-oruro-posesiono-al-nuevo-comite-tecnico-evaluador-de-la-codelab\/"]}]},{"@type":"ImageObject","inLanguage":"es","@id":"https:\/\/www.sedesoruro.gob.bo\/index.php\/2024\/11\/19\/sedes-oruro-posesiono-al-nuevo-comite-tecnico-evaluador-de-la-codelab\/#primaryimage","url":"https:\/\/www.sedesoruro.gob.bo\/wp-content\/uploads\/2024\/11\/WhatsApp-Image-2024-11-01-at-11.11.41-AM.jpeg","contentUrl":"https:\/\/www.sedesoruro.gob.bo\/wp-content\/uploads\/2024\/11\/WhatsApp-Image-2024-11-01-at-11.11.41-AM.jpeg","width":1080,"height":720},{"@type":"BreadcrumbList","@id":"https:\/\/www.sedesoruro.gob.bo\/index.php\/2024\/11\/19\/sedes-oruro-posesiono-al-nuevo-comite-tecnico-evaluador-de-la-codelab\/#breadcrumb","itemListElement":[{"@type":"ListItem","position":1,"name":"Portada","item":"https:\/\/www.sedesoruro.gob.bo\/"},{"@type":"ListItem","position":2,"name":"SEDES ORURO POSESION\u00d3 AL NUEVO COMIT\u00c9 T\u00c9CNICO EVALUADOR DE LA CODELAB\u00a0"}]},{"@type":"WebSite","@id":"https:\/\/www.sedesoruro.gob.bo\/#website","url":"https:\/\/www.sedesoruro.gob.bo\/","name":"sedesoruro.gob.bo","description":"SERVICIO DEPARTAMENTAL DE SALUD - ORURO","publisher":{"@id":"https:\/\/www.sedesoruro.gob.bo\/#organization"},"alternateName":"Servicio Departamental de Salud - Oruro","potentialAction":[{"@type":"SearchAction","target":{"@type":"EntryPoint","urlTemplate":"https:\/\/www.sedesoruro.gob.bo\/?s={search_term_string}"},"query-input":"required name=search_term_string"}],"inLanguage":"es"},{"@type":"Organization","@id":"https:\/\/www.sedesoruro.gob.bo\/#organization","name":"Servicio Departamental de Salud - Oruro","alternateName":"SEDES ORURO","url":"https:\/\/www.sedesoruro.gob.bo\/","logo":{"@type":"ImageObject","inLanguage":"es","@id":"https:\/\/www.sedesoruro.gob.bo\/#\/schema\/logo\/image\/","url":"https:\/\/www.sedesoruro.gob.bo\/wp-content\/uploads\/2024\/08\/LOGO-SEDES.jpg","contentUrl":"https:\/\/www.sedesoruro.gob.bo\/wp-content\/uploads\/2024\/08\/LOGO-SEDES.jpg","width":226,"height":223,"caption":"Servicio Departamental de Salud - Oruro"},"image":{"@id":"https:\/\/www.sedesoruro.gob.bo\/#\/schema\/logo\/image\/"},"sameAs":["https:\/\/www.facebook.com\/SEDESOR"]},{"@type":"Person","@id":"https:\/\/www.sedesoruro.gob.bo\/#\/schema\/person\/269b8053e5fc16d4191978ba1f4ccfb0","name":"userdesse","image":{"@type":"ImageObject","inLanguage":"es","@id":"https:\/\/www.sedesoruro.gob.bo\/#\/schema\/person\/image\/","url":"https:\/\/secure.gravatar.com\/avatar\/d620fe5460db87edd265e5743d4b6428870636320ba06173d03a4368a03d84aa?s=96&d=mm&r=g","contentUrl":"https:\/\/secure.gravatar.com\/avatar\/d620fe5460db87edd265e5743d4b6428870636320ba06173d03a4368a03d84aa?s=96&d=mm&r=g","caption":"userdesse"},"sameAs":["http:\/\/www.sedesoruro.gob.bo"]}]}},"_links":{"self":[{"href":"https:\/\/www.sedesoruro.gob.bo\/index.php\/wp-json\/wp\/v2\/posts\/4030","targetHints":{"allow":["GET"]}}],"collection":[{"href":"https:\/\/www.sedesoruro.gob.bo\/index.php\/wp-json\/wp\/v2\/posts"}],"about":[{"href":"https:\/\/www.sedesoruro.gob.bo\/index.php\/wp-json\/wp\/v2\/types\/post"}],"author":[{"embeddable":true,"href":"https:\/\/www.sedesoruro.gob.bo\/index.php\/wp-json\/wp\/v2\/users\/1"}],"replies":[{"embeddable":true,"href":"https:\/\/www.sedesoruro.gob.bo\/index.php\/wp-json\/wp\/v2\/comments?post=4030"}],"version-history":[{"count":4,"href":"https:\/\/www.sedesoruro.gob.bo\/index.php\/wp-json\/wp\/v2\/posts\/4030\/revisions"}],"predecessor-version":[{"id":4040,"href":"https:\/\/www.sedesoruro.gob.bo\/index.php\/wp-json\/wp\/v2\/posts\/4030\/revisions\/4040"}],"wp:featuredmedia":[{"embeddable":true,"href":"https:\/\/www.sedesoruro.gob.bo\/index.php\/wp-json\/wp\/v2\/media\/4031"}],"wp:attachment":[{"href":"https:\/\/www.sedesoruro.gob.bo\/index.php\/wp-json\/wp\/v2\/media?parent=4030"}],"wp:term":[{"taxonomy":"category","embeddable":true,"href":"https:\/\/www.sedesoruro.gob.bo\/index.php\/wp-json\/wp\/v2\/categories?post=4030"},{"taxonomy":"post_tag","embeddable":true,"href":"https:\/\/www.sedesoruro.gob.bo\/index.php\/wp-json\/wp\/v2\/tags?post=4030"}],"curies":[{"name":"wp","href":"https:\/\/api.w.org\/{rel}","templated":true}]}}