{"id":4061,"date":"2024-11-27T11:12:58","date_gmt":"2024-11-27T15:12:58","guid":{"rendered":"https:\/\/www.sedesoruro.gob.bo\/?p=4061"},"modified":"2024-11-27T11:17:16","modified_gmt":"2024-11-27T15:17:16","slug":"sedes-oruro-organizo-campana-de-limpieza-en-el-departamento","status":"publish","type":"post","link":"https:\/\/www.sedesoruro.gob.bo\/index.php\/2024\/11\/27\/sedes-oruro-organizo-campana-de-limpieza-en-el-departamento\/","title":{"rendered":"SEDES ORURO ORGANIZ\u00d3 CAMPA\u00d1A DE LIMPIEZA EN EL DEPARTAMENTO"},"content":{"rendered":"\t\t<div data-elementor-type=\"wp-post\" data-elementor-id=\"4061\" class=\"elementor elementor-4061\">\n\t\t\t\t<div class=\"elementor-element elementor-element-a42850f e-flex e-con-boxed e-con e-parent\" data-id=\"a42850f\" data-element_type=\"container\">\n\t\t\t\t\t<div class=\"e-con-inner\">\n\t\t\t\t<div class=\"elementor-element elementor-element-575649c elementor-widget elementor-widget-text-editor\" data-id=\"575649c\" data-element_type=\"widget\" data-widget_type=\"text-editor.default\">\n\t\t\t\t<div class=\"elementor-widget-container\">\n\t\t\t\t\t\t\t\t\t<p>En Conmemoraci\u00f3n al Dia Mundial de la Limpieza, el Servicio Departamental de Salud Oruro, en coordinaci\u00f3n con diferentes instituciones educativas y entidades p\u00fablicas y privadas del departamento, organiz\u00f3 campa\u00f1as de limpieza en el departamento con el fin de promover el habito de la limpieza en la poblaci\u00f3n orure\u00f1a.<\/p><p>Sandro Rocha, T\u00e9cnico del \u00c1rea de Salud Ambiental del SEDES Oruro, explic\u00f3 que se program\u00f3 una serie de actividades de limpieza que se cumplieron entre el 20 y 21 de septiembre, adem\u00e1s de otras jornadas con la finalidad de promover los buenos h\u00e1bitos de limpieza en la sociedad.<\/p><p>Desde el 2008, el tercer s\u00e1bado del mes de septiembre se celebra a nivel internacional el Dia Mundial de la Limpieza cuyo objetivo central es el de tener un compromiso de responsabilidad compartida de preservaci\u00f3n del medio ambiente con una gesti\u00f3n sostenible y adecuada de los residuos solidos de tal forma que no atenten contra la naturaleza.<\/p>\t\t\t\t\t\t\t\t<\/div>\n\t\t\t\t<\/div>\n\t\t\t\t\t<\/div>\n\t\t\t\t<\/div>\n\t\t<div class=\"elementor-element elementor-element-26a8b93 e-flex e-con-boxed e-con e-parent\" data-id=\"26a8b93\" data-element_type=\"container\">\n\t\t\t\t\t<div class=\"e-con-inner\">\n\t\t<div class=\"elementor-element elementor-element-055028f e-con-full e-flex e-con e-child\" data-id=\"055028f\" data-element_type=\"container\">\n\t\t\t\t<div class=\"elementor-element elementor-element-607c1e5 elementor-widget elementor-widget-image\" data-id=\"607c1e5\" data-element_type=\"widget\" data-widget_type=\"image.default\">\n\t\t\t\t<div class=\"elementor-widget-container\">\n\t\t\t\t\t\t\t\t\t\t\t\t\t\t\t<img fetchpriority=\"high\" decoding=\"async\" width=\"1024\" height=\"940\" src=\"https:\/\/www.sedesoruro.gob.bo\/wp-content\/uploads\/2024\/11\/WhatsApp-Image-2024-11-01-at-11.17.53-AM-1024x940.jpeg\" class=\"attachment-large size-large wp-image-4064\" alt=\"\" srcset=\"https:\/\/www.sedesoruro.gob.bo\/wp-content\/uploads\/2024\/11\/WhatsApp-Image-2024-11-01-at-11.17.53-AM-1024x940.jpeg 1024w, https:\/\/www.sedesoruro.gob.bo\/wp-content\/uploads\/2024\/11\/WhatsApp-Image-2024-11-01-at-11.17.53-AM-300x275.jpeg 300w\" sizes=\"(max-width: 1024px) 100vw, 1024px\" \/>\t\t\t\t\t\t\t\t\t\t\t\t\t\t\t<\/div>\n\t\t\t\t<\/div>\n\t\t\t\t<\/div>\n\t\t<div class=\"elementor-element elementor-element-8bf0d55 e-con-full e-flex e-con e-child\" data-id=\"8bf0d55\" data-element_type=\"container\">\n\t\t\t\t<div class=\"elementor-element elementor-element-45712d2 elementor-widget elementor-widget-text-editor\" data-id=\"45712d2\" data-element_type=\"widget\" data-widget_type=\"text-editor.default\">\n\t\t\t\t<div class=\"elementor-widget-container\">\n\t\t\t\t\t\t\t\t\t<p>Para ello, se tuvo un trabajo de coordinaci\u00f3n con diferentes entidades publicas y privadas, entre ellas la Direcci\u00f3n Distrital de Educaci\u00f3n junto a todas las unidades educativas que est\u00e1n bajo su jurisdicci\u00f3n, la Segunda Divisi\u00f3n del Ejercito, EMAO, juntas vecinales, establecimientos de salud p\u00fablicos o privados o de convenio, con el \u00fanico af\u00e1n de que se cumplan con las campa\u00f1as de limpieza.<\/p><p>Las juntas vecinales acopiaron los residuos para que EMAO pueda recogerlos y cumplir con el tratamiento correspondiente se pretende que este tipo de actividades se cumplan de forma recurrente y espontanea por parte de la poblaci\u00f3n.<\/p><p>Rocha, indic\u00f3 que es importante que las personas puedan retomar estos actos de limpieza no solo en sus casas tambi\u00e9n en sus aceras o cerca de sus domicilios, practicas que no se deben perder.<\/p>\t\t\t\t\t\t\t\t<\/div>\n\t\t\t\t<\/div>\n\t\t\t\t<\/div>\n\t\t\t\t\t<\/div>\n\t\t\t\t<\/div>\n\t\t<div class=\"elementor-element elementor-element-7cc89fc e-flex e-con-boxed e-con e-parent\" data-id=\"7cc89fc\" data-element_type=\"container\">\n\t\t\t\t\t<div class=\"e-con-inner\">\n\t\t<div class=\"elementor-element elementor-element-6dbaf60 e-con-full e-flex e-con e-child\" data-id=\"6dbaf60\" data-element_type=\"container\">\n\t\t\t\t<div class=\"elementor-element elementor-element-0a42a24 elementor-widget elementor-widget-image\" data-id=\"0a42a24\" data-element_type=\"widget\" data-widget_type=\"image.default\">\n\t\t\t\t<div class=\"elementor-widget-container\">\n\t\t\t\t\t\t\t\t\t\t\t\t\t\t\t<img decoding=\"async\" width=\"1024\" height=\"838\" src=\"https:\/\/www.sedesoruro.gob.bo\/wp-content\/uploads\/2024\/11\/WhatsApp-Image-2024-11-01-at-11.17.53-AM-2-1024x838.jpeg\" class=\"attachment-large size-large wp-image-4063\" alt=\"\" srcset=\"https:\/\/www.sedesoruro.gob.bo\/wp-content\/uploads\/2024\/11\/WhatsApp-Image-2024-11-01-at-11.17.53-AM-2-1024x838.jpeg 1024w, https:\/\/www.sedesoruro.gob.bo\/wp-content\/uploads\/2024\/11\/WhatsApp-Image-2024-11-01-at-11.17.53-AM-2-300x246.jpeg 300w\" sizes=\"(max-width: 1024px) 100vw, 1024px\" \/>\t\t\t\t\t\t\t\t\t\t\t\t\t\t\t<\/div>\n\t\t\t\t<\/div>\n\t\t\t\t<\/div>\n\t\t<div class=\"elementor-element elementor-element-a042af6 e-con-full e-flex e-con e-child\" data-id=\"a042af6\" data-element_type=\"container\">\n\t\t\t\t<div class=\"elementor-element elementor-element-b99473e elementor-widget elementor-widget-image\" data-id=\"b99473e\" data-element_type=\"widget\" data-widget_type=\"image.default\">\n\t\t\t\t<div class=\"elementor-widget-container\">\n\t\t\t\t\t\t\t\t\t\t\t\t\t\t\t<img decoding=\"async\" width=\"1024\" height=\"683\" src=\"https:\/\/www.sedesoruro.gob.bo\/wp-content\/uploads\/2024\/11\/WhatsApp-Image-2024-11-01-at-11.17.53-AM-1-1024x683.jpeg\" class=\"attachment-large size-large wp-image-4062\" alt=\"\" srcset=\"https:\/\/www.sedesoruro.gob.bo\/wp-content\/uploads\/2024\/11\/WhatsApp-Image-2024-11-01-at-11.17.53-AM-1-1024x683.jpeg 1024w, https:\/\/www.sedesoruro.gob.bo\/wp-content\/uploads\/2024\/11\/WhatsApp-Image-2024-11-01-at-11.17.53-AM-1-300x200.jpeg 300w\" sizes=\"(max-width: 1024px) 100vw, 1024px\" \/>\t\t\t\t\t\t\t\t\t\t\t\t\t\t\t<\/div>\n\t\t\t\t<\/div>\n\t\t\t\t<\/div>\n\t\t\t\t\t<\/div>\n\t\t\t\t<\/div>\n\t\t\t\t<\/div>\n\t\t","protected":false},"excerpt":{"rendered":"<p>En Conmemoraci\u00f3n al Dia Mundial de la Limpieza, el Servicio Departamental de Salud Oruro, en coordinaci\u00f3n con diferentes instituciones educativas y entidades p\u00fablicas y privadas del departamento, organiz\u00f3 campa\u00f1as de limpieza en el departamento&#46;&#46;&#46;<\/p>\n","protected":false},"author":1,"featured_media":4065,"comment_status":"closed","ping_status":"open","sticky":false,"template":"","format":"standard","meta":{"_cbd_carousel_blocks":"[]","footnotes":""},"categories":[1],"tags":[],"class_list":["post-4061","post","type-post","status-publish","format-standard","has-post-thumbnail","hentry","category-inicio"],"yoast_head":"<!-- This site is optimized with the Yoast SEO plugin v23.1 - https:\/\/yoast.com\/wordpress\/plugins\/seo\/ -->\n<title>SEDES ORURO ORGANIZ\u00d3 CAMPA\u00d1A DE LIMPIEZA EN EL DEPARTAMENTO<\/title>\n<meta name=\"description\" content=\"En Conmemoraci\u00f3n al Dia Mundial de la Limpieza, el Servicio Departamental de Salud Oruro, en coordinaci\u00f3n con diferentes instituciones educativas y\" \/>\n<meta name=\"robots\" content=\"index, follow, max-snippet:-1, max-image-preview:large, max-video-preview:-1\" \/>\n<link rel=\"canonical\" href=\"https:\/\/www.sedesoruro.gob.bo\/index.php\/2024\/11\/27\/sedes-oruro-organizo-campana-de-limpieza-en-el-departamento\/\" \/>\n<meta property=\"og:locale\" content=\"es_ES\" \/>\n<meta property=\"og:type\" content=\"article\" \/>\n<meta property=\"og:title\" content=\"SEDES ORURO ORGANIZ\u00d3 CAMPA\u00d1A DE LIMPIEZA EN EL DEPARTAMENTO\" \/>\n<meta property=\"og:description\" content=\"En Conmemoraci\u00f3n al Dia Mundial de la Limpieza, el Servicio Departamental de Salud Oruro, en coordinaci\u00f3n con diferentes instituciones educativas y\" \/>\n<meta property=\"og:url\" content=\"https:\/\/www.sedesoruro.gob.bo\/index.php\/2024\/11\/27\/sedes-oruro-organizo-campana-de-limpieza-en-el-departamento\/\" \/>\n<meta property=\"og:site_name\" content=\"SERVICIO DEPARTAMENTAL DE SALUD - ORURO\" \/>\n<meta property=\"article:publisher\" content=\"https:\/\/www.facebook.com\/SEDESOR\" \/>\n<meta property=\"article:published_time\" content=\"2024-11-27T15:12:58+00:00\" \/>\n<meta property=\"article:modified_time\" content=\"2024-11-27T15:17:16+00:00\" \/>\n<meta property=\"og:image\" content=\"https:\/\/www.sedesoruro.gob.bo\/wp-content\/uploads\/2024\/11\/WhatsApp-Image-2024-11-01-at-11.17.54-AM.jpeg\" \/>\n\t<meta property=\"og:image:width\" content=\"1080\" \/>\n\t<meta property=\"og:image:height\" content=\"720\" \/>\n\t<meta property=\"og:image:type\" content=\"image\/jpeg\" \/>\n<meta name=\"author\" content=\"userdesse\" \/>\n<meta name=\"twitter:card\" content=\"summary_large_image\" \/>\n<meta name=\"twitter:label1\" content=\"Escrito por\" \/>\n\t<meta name=\"twitter:data1\" content=\"userdesse\" \/>\n\t<meta name=\"twitter:label2\" content=\"Tiempo de lectura\" \/>\n\t<meta name=\"twitter:data2\" content=\"3 minutos\" \/>\n<script type=\"application\/ld+json\" class=\"yoast-schema-graph\">{\"@context\":\"https:\/\/schema.org\",\"@graph\":[{\"@type\":\"Article\",\"@id\":\"https:\/\/www.sedesoruro.gob.bo\/index.php\/2024\/11\/27\/sedes-oruro-organizo-campana-de-limpieza-en-el-departamento\/#article\",\"isPartOf\":{\"@id\":\"https:\/\/www.sedesoruro.gob.bo\/index.php\/2024\/11\/27\/sedes-oruro-organizo-campana-de-limpieza-en-el-departamento\/\"},\"author\":{\"name\":\"userdesse\",\"@id\":\"https:\/\/www.sedesoruro.gob.bo\/#\/schema\/person\/269b8053e5fc16d4191978ba1f4ccfb0\"},\"headline\":\"SEDES ORURO ORGANIZ\u00d3 CAMPA\u00d1A DE LIMPIEZA EN EL DEPARTAMENTO\",\"datePublished\":\"2024-11-27T15:12:58+00:00\",\"dateModified\":\"2024-11-27T15:17:16+00:00\",\"mainEntityOfPage\":{\"@id\":\"https:\/\/www.sedesoruro.gob.bo\/index.php\/2024\/11\/27\/sedes-oruro-organizo-campana-de-limpieza-en-el-departamento\/\"},\"wordCount\":315,\"publisher\":{\"@id\":\"https:\/\/www.sedesoruro.gob.bo\/#organization\"},\"image\":{\"@id\":\"https:\/\/www.sedesoruro.gob.bo\/index.php\/2024\/11\/27\/sedes-oruro-organizo-campana-de-limpieza-en-el-departamento\/#primaryimage\"},\"thumbnailUrl\":\"https:\/\/www.sedesoruro.gob.bo\/wp-content\/uploads\/2024\/11\/WhatsApp-Image-2024-11-01-at-11.17.54-AM.jpeg\",\"articleSection\":[\"INICIO\"],\"inLanguage\":\"es\"},{\"@type\":\"WebPage\",\"@id\":\"https:\/\/www.sedesoruro.gob.bo\/index.php\/2024\/11\/27\/sedes-oruro-organizo-campana-de-limpieza-en-el-departamento\/\",\"url\":\"https:\/\/www.sedesoruro.gob.bo\/index.php\/2024\/11\/27\/sedes-oruro-organizo-campana-de-limpieza-en-el-departamento\/\",\"name\":\"SEDES ORURO ORGANIZ\u00d3 CAMPA\u00d1A DE LIMPIEZA EN EL DEPARTAMENTO\",\"isPartOf\":{\"@id\":\"https:\/\/www.sedesoruro.gob.bo\/#website\"},\"primaryImageOfPage\":{\"@id\":\"https:\/\/www.sedesoruro.gob.bo\/index.php\/2024\/11\/27\/sedes-oruro-organizo-campana-de-limpieza-en-el-departamento\/#primaryimage\"},\"image\":{\"@id\":\"https:\/\/www.sedesoruro.gob.bo\/index.php\/2024\/11\/27\/sedes-oruro-organizo-campana-de-limpieza-en-el-departamento\/#primaryimage\"},\"thumbnailUrl\":\"https:\/\/www.sedesoruro.gob.bo\/wp-content\/uploads\/2024\/11\/WhatsApp-Image-2024-11-01-at-11.17.54-AM.jpeg\",\"datePublished\":\"2024-11-27T15:12:58+00:00\",\"dateModified\":\"2024-11-27T15:17:16+00:00\",\"description\":\"En Conmemoraci\u00f3n al Dia Mundial de la Limpieza, el Servicio Departamental de Salud Oruro, en coordinaci\u00f3n con diferentes instituciones educativas y\",\"breadcrumb\":{\"@id\":\"https:\/\/www.sedesoruro.gob.bo\/index.php\/2024\/11\/27\/sedes-oruro-organizo-campana-de-limpieza-en-el-departamento\/#breadcrumb\"},\"inLanguage\":\"es\",\"potentialAction\":[{\"@type\":\"ReadAction\",\"target\":[\"https:\/\/www.sedesoruro.gob.bo\/index.php\/2024\/11\/27\/sedes-oruro-organizo-campana-de-limpieza-en-el-departamento\/\"]}]},{\"@type\":\"ImageObject\",\"inLanguage\":\"es\",\"@id\":\"https:\/\/www.sedesoruro.gob.bo\/index.php\/2024\/11\/27\/sedes-oruro-organizo-campana-de-limpieza-en-el-departamento\/#primaryimage\",\"url\":\"https:\/\/www.sedesoruro.gob.bo\/wp-content\/uploads\/2024\/11\/WhatsApp-Image-2024-11-01-at-11.17.54-AM.jpeg\",\"contentUrl\":\"https:\/\/www.sedesoruro.gob.bo\/wp-content\/uploads\/2024\/11\/WhatsApp-Image-2024-11-01-at-11.17.54-AM.jpeg\",\"width\":1080,\"height\":720},{\"@type\":\"BreadcrumbList\",\"@id\":\"https:\/\/www.sedesoruro.gob.bo\/index.php\/2024\/11\/27\/sedes-oruro-organizo-campana-de-limpieza-en-el-departamento\/#breadcrumb\",\"itemListElement\":[{\"@type\":\"ListItem\",\"position\":1,\"name\":\"Portada\",\"item\":\"https:\/\/www.sedesoruro.gob.bo\/\"},{\"@type\":\"ListItem\",\"position\":2,\"name\":\"SEDES ORURO ORGANIZ\u00d3 CAMPA\u00d1A DE LIMPIEZA EN EL DEPARTAMENTO\"}]},{\"@type\":\"WebSite\",\"@id\":\"https:\/\/www.sedesoruro.gob.bo\/#website\",\"url\":\"https:\/\/www.sedesoruro.gob.bo\/\",\"name\":\"sedesoruro.gob.bo\",\"description\":\"SERVICIO DEPARTAMENTAL DE SALUD - ORURO\",\"publisher\":{\"@id\":\"https:\/\/www.sedesoruro.gob.bo\/#organization\"},\"alternateName\":\"Servicio Departamental de Salud - Oruro\",\"potentialAction\":[{\"@type\":\"SearchAction\",\"target\":{\"@type\":\"EntryPoint\",\"urlTemplate\":\"https:\/\/www.sedesoruro.gob.bo\/?s={search_term_string}\"},\"query-input\":\"required name=search_term_string\"}],\"inLanguage\":\"es\"},{\"@type\":\"Organization\",\"@id\":\"https:\/\/www.sedesoruro.gob.bo\/#organization\",\"name\":\"Servicio Departamental de Salud - Oruro\",\"alternateName\":\"SEDES ORURO\",\"url\":\"https:\/\/www.sedesoruro.gob.bo\/\",\"logo\":{\"@type\":\"ImageObject\",\"inLanguage\":\"es\",\"@id\":\"https:\/\/www.sedesoruro.gob.bo\/#\/schema\/logo\/image\/\",\"url\":\"https:\/\/www.sedesoruro.gob.bo\/wp-content\/uploads\/2024\/08\/LOGO-SEDES.jpg\",\"contentUrl\":\"https:\/\/www.sedesoruro.gob.bo\/wp-content\/uploads\/2024\/08\/LOGO-SEDES.jpg\",\"width\":226,\"height\":223,\"caption\":\"Servicio Departamental de Salud - Oruro\"},\"image\":{\"@id\":\"https:\/\/www.sedesoruro.gob.bo\/#\/schema\/logo\/image\/\"},\"sameAs\":[\"https:\/\/www.facebook.com\/SEDESOR\"]},{\"@type\":\"Person\",\"@id\":\"https:\/\/www.sedesoruro.gob.bo\/#\/schema\/person\/269b8053e5fc16d4191978ba1f4ccfb0\",\"name\":\"userdesse\",\"image\":{\"@type\":\"ImageObject\",\"inLanguage\":\"es\",\"@id\":\"https:\/\/www.sedesoruro.gob.bo\/#\/schema\/person\/image\/\",\"url\":\"https:\/\/secure.gravatar.com\/avatar\/d620fe5460db87edd265e5743d4b6428870636320ba06173d03a4368a03d84aa?s=96&d=mm&r=g\",\"contentUrl\":\"https:\/\/secure.gravatar.com\/avatar\/d620fe5460db87edd265e5743d4b6428870636320ba06173d03a4368a03d84aa?s=96&d=mm&r=g\",\"caption\":\"userdesse\"},\"sameAs\":[\"http:\/\/www.sedesoruro.gob.bo\"]}]}<\/script>\n<!-- \/ Yoast SEO plugin. -->","yoast_head_json":{"title":"SEDES ORURO ORGANIZ\u00d3 CAMPA\u00d1A DE LIMPIEZA EN EL DEPARTAMENTO","description":"En Conmemoraci\u00f3n al Dia Mundial de la Limpieza, el Servicio Departamental de Salud Oruro, en coordinaci\u00f3n con diferentes instituciones educativas y","robots":{"index":"index","follow":"follow","max-snippet":"max-snippet:-1","max-image-preview":"max-image-preview:large","max-video-preview":"max-video-preview:-1"},"canonical":"https:\/\/www.sedesoruro.gob.bo\/index.php\/2024\/11\/27\/sedes-oruro-organizo-campana-de-limpieza-en-el-departamento\/","og_locale":"es_ES","og_type":"article","og_title":"SEDES ORURO ORGANIZ\u00d3 CAMPA\u00d1A DE LIMPIEZA EN EL DEPARTAMENTO","og_description":"En Conmemoraci\u00f3n al Dia Mundial de la Limpieza, el Servicio Departamental de Salud Oruro, en coordinaci\u00f3n con diferentes instituciones educativas y","og_url":"https:\/\/www.sedesoruro.gob.bo\/index.php\/2024\/11\/27\/sedes-oruro-organizo-campana-de-limpieza-en-el-departamento\/","og_site_name":"SERVICIO DEPARTAMENTAL DE SALUD - ORURO","article_publisher":"https:\/\/www.facebook.com\/SEDESOR","article_published_time":"2024-11-27T15:12:58+00:00","article_modified_time":"2024-11-27T15:17:16+00:00","og_image":[{"width":1080,"height":720,"url":"https:\/\/www.sedesoruro.gob.bo\/wp-content\/uploads\/2024\/11\/WhatsApp-Image-2024-11-01-at-11.17.54-AM.jpeg","type":"image\/jpeg"}],"author":"userdesse","twitter_card":"summary_large_image","twitter_misc":{"Escrito por":"userdesse","Tiempo de lectura":"3 minutos"},"schema":{"@context":"https:\/\/schema.org","@graph":[{"@type":"Article","@id":"https:\/\/www.sedesoruro.gob.bo\/index.php\/2024\/11\/27\/sedes-oruro-organizo-campana-de-limpieza-en-el-departamento\/#article","isPartOf":{"@id":"https:\/\/www.sedesoruro.gob.bo\/index.php\/2024\/11\/27\/sedes-oruro-organizo-campana-de-limpieza-en-el-departamento\/"},"author":{"name":"userdesse","@id":"https:\/\/www.sedesoruro.gob.bo\/#\/schema\/person\/269b8053e5fc16d4191978ba1f4ccfb0"},"headline":"SEDES ORURO ORGANIZ\u00d3 CAMPA\u00d1A DE LIMPIEZA EN EL DEPARTAMENTO","datePublished":"2024-11-27T15:12:58+00:00","dateModified":"2024-11-27T15:17:16+00:00","mainEntityOfPage":{"@id":"https:\/\/www.sedesoruro.gob.bo\/index.php\/2024\/11\/27\/sedes-oruro-organizo-campana-de-limpieza-en-el-departamento\/"},"wordCount":315,"publisher":{"@id":"https:\/\/www.sedesoruro.gob.bo\/#organization"},"image":{"@id":"https:\/\/www.sedesoruro.gob.bo\/index.php\/2024\/11\/27\/sedes-oruro-organizo-campana-de-limpieza-en-el-departamento\/#primaryimage"},"thumbnailUrl":"https:\/\/www.sedesoruro.gob.bo\/wp-content\/uploads\/2024\/11\/WhatsApp-Image-2024-11-01-at-11.17.54-AM.jpeg","articleSection":["INICIO"],"inLanguage":"es"},{"@type":"WebPage","@id":"https:\/\/www.sedesoruro.gob.bo\/index.php\/2024\/11\/27\/sedes-oruro-organizo-campana-de-limpieza-en-el-departamento\/","url":"https:\/\/www.sedesoruro.gob.bo\/index.php\/2024\/11\/27\/sedes-oruro-organizo-campana-de-limpieza-en-el-departamento\/","name":"SEDES ORURO ORGANIZ\u00d3 CAMPA\u00d1A DE LIMPIEZA EN EL DEPARTAMENTO","isPartOf":{"@id":"https:\/\/www.sedesoruro.gob.bo\/#website"},"primaryImageOfPage":{"@id":"https:\/\/www.sedesoruro.gob.bo\/index.php\/2024\/11\/27\/sedes-oruro-organizo-campana-de-limpieza-en-el-departamento\/#primaryimage"},"image":{"@id":"https:\/\/www.sedesoruro.gob.bo\/index.php\/2024\/11\/27\/sedes-oruro-organizo-campana-de-limpieza-en-el-departamento\/#primaryimage"},"thumbnailUrl":"https:\/\/www.sedesoruro.gob.bo\/wp-content\/uploads\/2024\/11\/WhatsApp-Image-2024-11-01-at-11.17.54-AM.jpeg","datePublished":"2024-11-27T15:12:58+00:00","dateModified":"2024-11-27T15:17:16+00:00","description":"En Conmemoraci\u00f3n al Dia Mundial de la Limpieza, el Servicio Departamental de Salud Oruro, en coordinaci\u00f3n con diferentes instituciones educativas y","breadcrumb":{"@id":"https:\/\/www.sedesoruro.gob.bo\/index.php\/2024\/11\/27\/sedes-oruro-organizo-campana-de-limpieza-en-el-departamento\/#breadcrumb"},"inLanguage":"es","potentialAction":[{"@type":"ReadAction","target":["https:\/\/www.sedesoruro.gob.bo\/index.php\/2024\/11\/27\/sedes-oruro-organizo-campana-de-limpieza-en-el-departamento\/"]}]},{"@type":"ImageObject","inLanguage":"es","@id":"https:\/\/www.sedesoruro.gob.bo\/index.php\/2024\/11\/27\/sedes-oruro-organizo-campana-de-limpieza-en-el-departamento\/#primaryimage","url":"https:\/\/www.sedesoruro.gob.bo\/wp-content\/uploads\/2024\/11\/WhatsApp-Image-2024-11-01-at-11.17.54-AM.jpeg","contentUrl":"https:\/\/www.sedesoruro.gob.bo\/wp-content\/uploads\/2024\/11\/WhatsApp-Image-2024-11-01-at-11.17.54-AM.jpeg","width":1080,"height":720},{"@type":"BreadcrumbList","@id":"https:\/\/www.sedesoruro.gob.bo\/index.php\/2024\/11\/27\/sedes-oruro-organizo-campana-de-limpieza-en-el-departamento\/#breadcrumb","itemListElement":[{"@type":"ListItem","position":1,"name":"Portada","item":"https:\/\/www.sedesoruro.gob.bo\/"},{"@type":"ListItem","position":2,"name":"SEDES ORURO ORGANIZ\u00d3 CAMPA\u00d1A DE LIMPIEZA EN EL DEPARTAMENTO"}]},{"@type":"WebSite","@id":"https:\/\/www.sedesoruro.gob.bo\/#website","url":"https:\/\/www.sedesoruro.gob.bo\/","name":"sedesoruro.gob.bo","description":"SERVICIO DEPARTAMENTAL DE SALUD - ORURO","publisher":{"@id":"https:\/\/www.sedesoruro.gob.bo\/#organization"},"alternateName":"Servicio Departamental de Salud - Oruro","potentialAction":[{"@type":"SearchAction","target":{"@type":"EntryPoint","urlTemplate":"https:\/\/www.sedesoruro.gob.bo\/?s={search_term_string}"},"query-input":"required name=search_term_string"}],"inLanguage":"es"},{"@type":"Organization","@id":"https:\/\/www.sedesoruro.gob.bo\/#organization","name":"Servicio Departamental de Salud - Oruro","alternateName":"SEDES ORURO","url":"https:\/\/www.sedesoruro.gob.bo\/","logo":{"@type":"ImageObject","inLanguage":"es","@id":"https:\/\/www.sedesoruro.gob.bo\/#\/schema\/logo\/image\/","url":"https:\/\/www.sedesoruro.gob.bo\/wp-content\/uploads\/2024\/08\/LOGO-SEDES.jpg","contentUrl":"https:\/\/www.sedesoruro.gob.bo\/wp-content\/uploads\/2024\/08\/LOGO-SEDES.jpg","width":226,"height":223,"caption":"Servicio Departamental de Salud - Oruro"},"image":{"@id":"https:\/\/www.sedesoruro.gob.bo\/#\/schema\/logo\/image\/"},"sameAs":["https:\/\/www.facebook.com\/SEDESOR"]},{"@type":"Person","@id":"https:\/\/www.sedesoruro.gob.bo\/#\/schema\/person\/269b8053e5fc16d4191978ba1f4ccfb0","name":"userdesse","image":{"@type":"ImageObject","inLanguage":"es","@id":"https:\/\/www.sedesoruro.gob.bo\/#\/schema\/person\/image\/","url":"https:\/\/secure.gravatar.com\/avatar\/d620fe5460db87edd265e5743d4b6428870636320ba06173d03a4368a03d84aa?s=96&d=mm&r=g","contentUrl":"https:\/\/secure.gravatar.com\/avatar\/d620fe5460db87edd265e5743d4b6428870636320ba06173d03a4368a03d84aa?s=96&d=mm&r=g","caption":"userdesse"},"sameAs":["http:\/\/www.sedesoruro.gob.bo"]}]}},"_links":{"self":[{"href":"https:\/\/www.sedesoruro.gob.bo\/index.php\/wp-json\/wp\/v2\/posts\/4061","targetHints":{"allow":["GET"]}}],"collection":[{"href":"https:\/\/www.sedesoruro.gob.bo\/index.php\/wp-json\/wp\/v2\/posts"}],"about":[{"href":"https:\/\/www.sedesoruro.gob.bo\/index.php\/wp-json\/wp\/v2\/types\/post"}],"author":[{"embeddable":true,"href":"https:\/\/www.sedesoruro.gob.bo\/index.php\/wp-json\/wp\/v2\/users\/1"}],"replies":[{"embeddable":true,"href":"https:\/\/www.sedesoruro.gob.bo\/index.php\/wp-json\/wp\/v2\/comments?post=4061"}],"version-history":[{"count":4,"href":"https:\/\/www.sedesoruro.gob.bo\/index.php\/wp-json\/wp\/v2\/posts\/4061\/revisions"}],"predecessor-version":[{"id":4069,"href":"https:\/\/www.sedesoruro.gob.bo\/index.php\/wp-json\/wp\/v2\/posts\/4061\/revisions\/4069"}],"wp:featuredmedia":[{"embeddable":true,"href":"https:\/\/www.sedesoruro.gob.bo\/index.php\/wp-json\/wp\/v2\/media\/4065"}],"wp:attachment":[{"href":"https:\/\/www.sedesoruro.gob.bo\/index.php\/wp-json\/wp\/v2\/media?parent=4061"}],"wp:term":[{"taxonomy":"category","embeddable":true,"href":"https:\/\/www.sedesoruro.gob.bo\/index.php\/wp-json\/wp\/v2\/categories?post=4061"},{"taxonomy":"post_tag","embeddable":true,"href":"https:\/\/www.sedesoruro.gob.bo\/index.php\/wp-json\/wp\/v2\/tags?post=4061"}],"curies":[{"name":"wp","href":"https:\/\/api.w.org\/{rel}","templated":true}]}}