{"id":4070,"date":"2024-11-27T11:20:07","date_gmt":"2024-11-27T15:20:07","guid":{"rendered":"https:\/\/www.sedesoruro.gob.bo\/?p=4070"},"modified":"2024-11-27T11:25:30","modified_gmt":"2024-11-27T15:25:30","slug":"sedes-fortalece-alianza-con-la-prensa-orurena-para-socializar-la-prevencion-contra-el-cancer","status":"publish","type":"post","link":"https:\/\/www.sedesoruro.gob.bo\/index.php\/2024\/11\/27\/sedes-fortalece-alianza-con-la-prensa-orurena-para-socializar-la-prevencion-contra-el-cancer\/","title":{"rendered":"SEDES FORTALECE ALIANZA CON LA PRENSA ORURE\u00d1A PARA SOCIALIZAR LA PREVENCION CONTRA EL C\u00c1NCER"},"content":{"rendered":"\t\t<div data-elementor-type=\"wp-post\" data-elementor-id=\"4070\" class=\"elementor elementor-4070\">\n\t\t\t\t<div class=\"elementor-element elementor-element-1b62504 e-flex e-con-boxed e-con e-parent\" data-id=\"1b62504\" data-element_type=\"container\">\n\t\t\t\t\t<div class=\"e-con-inner\">\n\t\t\t\t<div class=\"elementor-element elementor-element-3e9e232 elementor-widget elementor-widget-text-editor\" data-id=\"3e9e232\" data-element_type=\"widget\" data-widget_type=\"text-editor.default\">\n\t\t\t\t<div class=\"elementor-widget-container\">\n\t\t\t\t\t\t\t\t\t<p>El Servicio Departamental de Salud (SEDES) Oruro, a trav\u00e9s del Programa Departamental de Lucha contra el C\u00e1ncer, junto al Sindicato de Trabajadores de la Prensa Oruro (STPO), adem\u00e1s de la Asociaci\u00f3n de Periodistas y Productores Independientes (APPI), llev\u00f3 adelante el taller de socializaci\u00f3n sobre la situaci\u00f3n del c\u00e1ncer en el departamento. A trav\u00e9s de esta actividad se fortalece la alianza con los periodistas como aliados estrat\u00e9gicos para llegar a la poblaci\u00f3n con informaci\u00f3n precisa y oportuna sobre esta patolog\u00eda.<\/p>\t\t\t\t\t\t\t\t<\/div>\n\t\t\t\t<\/div>\n\t\t\t\t\t<\/div>\n\t\t\t\t<\/div>\n\t\t<div class=\"elementor-element elementor-element-d024eed e-flex e-con-boxed e-con e-parent\" data-id=\"d024eed\" data-element_type=\"container\">\n\t\t\t\t\t<div class=\"e-con-inner\">\n\t\t<div class=\"elementor-element elementor-element-f903824 e-con-full e-flex e-con e-child\" data-id=\"f903824\" data-element_type=\"container\">\n\t\t\t\t<div class=\"elementor-element elementor-element-f33610b elementor-widget elementor-widget-text-editor\" data-id=\"f33610b\" data-element_type=\"widget\" data-widget_type=\"text-editor.default\">\n\t\t\t\t<div class=\"elementor-widget-container\">\n\t\t\t\t\t\t\t\t\t<p>La Dra. Leydi Mart\u00ednez, responsable de la Unidad de Epidemiologia e Investigaci\u00f3n del SEDES Oruro, expres\u00f3 su satisfacci\u00f3n de haber cumplido con el taller de socializaci\u00f3n junto a los periodistas orure\u00f1os ya que ellos se convierten en pilares fundamentales para llevar la informaci\u00f3n hacia la poblaci\u00f3n en temas de prevenci\u00f3n sobre los diferentes tipos de c\u00e1ncer.<\/p><p>Indic\u00f3 que el Programa Departamental de Lucha contra el C\u00e1ncer, a partir de este a\u00f1o tiene recursos para seguir impulsando aspectos preventivos por los pr\u00f3ximos tres a\u00f1os, esto bajo tres componentes importantes: la vigilancia epidemiol\u00f3gica, es decir, hacer una detecci\u00f3n oportuna de la enfermedad, adem\u00e1s de contar con personal estad\u00edstico.<\/p><p>Por otro lado, se tiene el \u00e1mbito de prevenci\u00f3n y promoci\u00f3n de la salud, adem\u00e1s de otro componente importante son los cuidados paliativos y mejorar la calidad de vida de la poblaci\u00f3n que padece esta enfermedad.<\/p>\t\t\t\t\t\t\t\t<\/div>\n\t\t\t\t<\/div>\n\t\t\t\t<\/div>\n\t\t<div class=\"elementor-element elementor-element-260e4a1 e-con-full e-flex e-con e-child\" data-id=\"260e4a1\" data-element_type=\"container\">\n\t\t\t\t<div class=\"elementor-element elementor-element-1a39eac elementor-widget elementor-widget-image\" data-id=\"1a39eac\" data-element_type=\"widget\" data-widget_type=\"image.default\">\n\t\t\t\t<div class=\"elementor-widget-container\">\n\t\t\t\t\t\t\t\t\t\t\t\t\t\t\t<img fetchpriority=\"high\" decoding=\"async\" width=\"1024\" height=\"689\" src=\"https:\/\/www.sedesoruro.gob.bo\/wp-content\/uploads\/2024\/11\/WhatsApp-Image-2024-11-01-at-11.54.04-AM-1024x689.jpeg\" class=\"attachment-large size-large wp-image-4076\" alt=\"\" srcset=\"https:\/\/www.sedesoruro.gob.bo\/wp-content\/uploads\/2024\/11\/WhatsApp-Image-2024-11-01-at-11.54.04-AM-1024x689.jpeg 1024w, https:\/\/www.sedesoruro.gob.bo\/wp-content\/uploads\/2024\/11\/WhatsApp-Image-2024-11-01-at-11.54.04-AM-300x202.jpeg 300w, https:\/\/www.sedesoruro.gob.bo\/wp-content\/uploads\/2024\/11\/WhatsApp-Image-2024-11-01-at-11.54.04-AM-768x517.jpeg 768w, https:\/\/www.sedesoruro.gob.bo\/wp-content\/uploads\/2024\/11\/WhatsApp-Image-2024-11-01-at-11.54.04-AM.jpeg 1080w\" sizes=\"(max-width: 1024px) 100vw, 1024px\" \/>\t\t\t\t\t\t\t\t\t\t\t\t\t\t\t<\/div>\n\t\t\t\t<\/div>\n\t\t\t\t<\/div>\n\t\t\t\t\t<\/div>\n\t\t\t\t<\/div>\n\t\t<div class=\"elementor-element elementor-element-92fe53b e-flex e-con-boxed e-con e-parent\" data-id=\"92fe53b\" data-element_type=\"container\">\n\t\t\t\t\t<div class=\"e-con-inner\">\n\t\t<div class=\"elementor-element elementor-element-cb2a1bc e-con-full e-flex e-con e-child\" data-id=\"cb2a1bc\" data-element_type=\"container\">\n\t\t\t\t<div class=\"elementor-element elementor-element-1e368d2 elementor-widget elementor-widget-image\" data-id=\"1e368d2\" data-element_type=\"widget\" data-widget_type=\"image.default\">\n\t\t\t\t<div class=\"elementor-widget-container\">\n\t\t\t\t\t\t\t\t\t\t\t\t\t\t\t<img decoding=\"async\" width=\"1024\" height=\"953\" src=\"https:\/\/www.sedesoruro.gob.bo\/wp-content\/uploads\/2024\/11\/WhatsApp-Image-2024-11-01-at-11.54.04-AM-2-1024x953.jpeg\" class=\"attachment-large size-large wp-image-4074\" alt=\"\" srcset=\"https:\/\/www.sedesoruro.gob.bo\/wp-content\/uploads\/2024\/11\/WhatsApp-Image-2024-11-01-at-11.54.04-AM-2-1024x953.jpeg 1024w, https:\/\/www.sedesoruro.gob.bo\/wp-content\/uploads\/2024\/11\/WhatsApp-Image-2024-11-01-at-11.54.04-AM-2-300x279.jpeg 300w, https:\/\/www.sedesoruro.gob.bo\/wp-content\/uploads\/2024\/11\/WhatsApp-Image-2024-11-01-at-11.54.04-AM-2-768x715.jpeg 768w, https:\/\/www.sedesoruro.gob.bo\/wp-content\/uploads\/2024\/11\/WhatsApp-Image-2024-11-01-at-11.54.04-AM-2.jpeg 1080w\" sizes=\"(max-width: 1024px) 100vw, 1024px\" \/>\t\t\t\t\t\t\t\t\t\t\t\t\t\t\t<\/div>\n\t\t\t\t<\/div>\n\t\t\t\t<\/div>\n\t\t<div class=\"elementor-element elementor-element-e7b37d7 e-con-full e-flex e-con e-child\" data-id=\"e7b37d7\" data-element_type=\"container\">\n\t\t\t\t<div class=\"elementor-element elementor-element-f5aac9c elementor-widget elementor-widget-image\" data-id=\"f5aac9c\" data-element_type=\"widget\" data-widget_type=\"image.default\">\n\t\t\t\t<div class=\"elementor-widget-container\">\n\t\t\t\t\t\t\t\t\t\t\t\t\t\t\t<img decoding=\"async\" width=\"1024\" height=\"762\" src=\"https:\/\/www.sedesoruro.gob.bo\/wp-content\/uploads\/2024\/11\/WhatsApp-Image-2024-11-01-at-11.54.04-AM-1-1024x762.jpeg\" class=\"attachment-large size-large wp-image-4073\" alt=\"\" srcset=\"https:\/\/www.sedesoruro.gob.bo\/wp-content\/uploads\/2024\/11\/WhatsApp-Image-2024-11-01-at-11.54.04-AM-1-1024x762.jpeg 1024w, https:\/\/www.sedesoruro.gob.bo\/wp-content\/uploads\/2024\/11\/WhatsApp-Image-2024-11-01-at-11.54.04-AM-1-300x223.jpeg 300w, https:\/\/www.sedesoruro.gob.bo\/wp-content\/uploads\/2024\/11\/WhatsApp-Image-2024-11-01-at-11.54.04-AM-1-768x572.jpeg 768w, https:\/\/www.sedesoruro.gob.bo\/wp-content\/uploads\/2024\/11\/WhatsApp-Image-2024-11-01-at-11.54.04-AM-1.jpeg 1080w\" sizes=\"(max-width: 1024px) 100vw, 1024px\" \/>\t\t\t\t\t\t\t\t\t\t\t\t\t\t\t<\/div>\n\t\t\t\t<\/div>\n\t\t\t\t<\/div>\n\t\t\t\t\t<\/div>\n\t\t\t\t<\/div>\n\t\t<div class=\"elementor-element elementor-element-428b6d5 e-flex e-con-boxed e-con e-parent\" data-id=\"428b6d5\" data-element_type=\"container\">\n\t\t\t\t\t<div class=\"e-con-inner\">\n\t\t<div class=\"elementor-element elementor-element-114cdab e-con-full e-flex e-con e-child\" data-id=\"114cdab\" data-element_type=\"container\">\n\t\t\t\t<div class=\"elementor-element elementor-element-857a99c elementor-widget elementor-widget-text-editor\" data-id=\"857a99c\" data-element_type=\"widget\" data-widget_type=\"text-editor.default\">\n\t\t\t\t<div class=\"elementor-widget-container\">\n\t\t\t\t\t\t\t\t\t<p>El responsable del Programa Departamental de Lucha contra el C\u00e1ncer, Dr. Roberto C\u00e1rdenas, dio a conocer que, de cada 10 mil personas en el departamento, 40 tiene alg\u00fan mal relacionado con el c\u00e1ncer, tasa que es bastante elevada para la regi\u00f3n y que va en crecimiento.<\/p><p>Se\u00f1al\u00f3 que solo existen tipos de c\u00e1ncer que pueden ser detectados de forma precoz, el cervicouterino, c\u00e1ncer de mama, c\u00e1ncer de pr\u00f3stata, que, si se pueden detectar en su momento, pero hay otros tipos que son m\u00e1s complejos.<\/p><p>Hasta la fecha se han registrado aproximadamente 1.600 detecciones de c\u00e1ncer de todo tipo, motivo por el cual socializar este tipo de males es de suma importancia para que la informaci\u00f3n sea difundida y la sociedad tome los recaudos respectivos para librarse de esta enfermedad.<\/p>\t\t\t\t\t\t\t\t<\/div>\n\t\t\t\t<\/div>\n\t\t\t\t<\/div>\n\t\t<div class=\"elementor-element elementor-element-f7f1854 e-con-full e-flex e-con e-child\" data-id=\"f7f1854\" data-element_type=\"container\">\n\t\t\t\t<div class=\"elementor-element elementor-element-7ba3666 elementor-widget elementor-widget-image\" data-id=\"7ba3666\" data-element_type=\"widget\" data-widget_type=\"image.default\">\n\t\t\t\t<div class=\"elementor-widget-container\">\n\t\t\t\t\t\t\t\t\t\t\t\t\t\t\t<img loading=\"lazy\" decoding=\"async\" width=\"1024\" height=\"683\" src=\"https:\/\/www.sedesoruro.gob.bo\/wp-content\/uploads\/2024\/11\/WhatsApp-Image-2024-11-01-at-11.54.03-AM-1-1024x683.jpeg\" class=\"attachment-large size-large wp-image-4071\" alt=\"\" srcset=\"https:\/\/www.sedesoruro.gob.bo\/wp-content\/uploads\/2024\/11\/WhatsApp-Image-2024-11-01-at-11.54.03-AM-1-1024x683.jpeg 1024w, https:\/\/www.sedesoruro.gob.bo\/wp-content\/uploads\/2024\/11\/WhatsApp-Image-2024-11-01-at-11.54.03-AM-1-300x200.jpeg 300w, https:\/\/www.sedesoruro.gob.bo\/wp-content\/uploads\/2024\/11\/WhatsApp-Image-2024-11-01-at-11.54.03-AM-1-768x512.jpeg 768w, https:\/\/www.sedesoruro.gob.bo\/wp-content\/uploads\/2024\/11\/WhatsApp-Image-2024-11-01-at-11.54.03-AM-1.jpeg 1080w\" sizes=\"(max-width: 1024px) 100vw, 1024px\" \/>\t\t\t\t\t\t\t\t\t\t\t\t\t\t\t<\/div>\n\t\t\t\t<\/div>\n\t\t\t\t<\/div>\n\t\t\t\t\t<\/div>\n\t\t\t\t<\/div>\n\t\t\t\t<\/div>\n\t\t","protected":false},"excerpt":{"rendered":"<p>El Servicio Departamental de Salud (SEDES) Oruro, a trav\u00e9s del Programa Departamental de Lucha contra el C\u00e1ncer, junto al Sindicato de Trabajadores de la Prensa Oruro (STPO), adem\u00e1s de la Asociaci\u00f3n de Periodistas y&#46;&#46;&#46;<\/p>\n","protected":false},"author":1,"featured_media":4072,"comment_status":"closed","ping_status":"open","sticky":false,"template":"","format":"standard","meta":{"_cbd_carousel_blocks":"[]","footnotes":""},"categories":[63,17,1],"tags":[],"class_list":["post-4070","post","type-post","status-publish","format-standard","has-post-thumbnail","hentry","category-cancer","category-comunicacion","category-inicio"],"yoast_head":"<!-- This site is optimized with the Yoast SEO plugin v23.1 - https:\/\/yoast.com\/wordpress\/plugins\/seo\/ -->\n<title>SEDES FORTALECE ALIANZA CON LA PRENSA ORURE\u00d1A PARA SOCIALIZAR LA PREVENCION CONTRA EL C\u00c1NCER<\/title>\n<meta name=\"description\" content=\"El Servicio Departamental de Salud (SEDES) Oruro, a trav\u00e9s del Programa Departamental de Lucha contra el C\u00e1ncer, junto al Sindicato de Trabajadores de la\" \/>\n<meta name=\"robots\" content=\"index, follow, max-snippet:-1, max-image-preview:large, max-video-preview:-1\" \/>\n<link rel=\"canonical\" href=\"https:\/\/www.sedesoruro.gob.bo\/index.php\/2024\/11\/27\/sedes-fortalece-alianza-con-la-prensa-orurena-para-socializar-la-prevencion-contra-el-cancer\/\" \/>\n<meta property=\"og:locale\" content=\"es_ES\" \/>\n<meta property=\"og:type\" content=\"article\" \/>\n<meta property=\"og:title\" content=\"SEDES FORTALECE ALIANZA CON LA PRENSA ORURE\u00d1A PARA SOCIALIZAR LA PREVENCION CONTRA EL C\u00c1NCER\" \/>\n<meta property=\"og:description\" content=\"El Servicio Departamental de Salud (SEDES) Oruro, a trav\u00e9s del Programa Departamental de Lucha contra el C\u00e1ncer, junto al Sindicato de Trabajadores de la\" \/>\n<meta property=\"og:url\" content=\"https:\/\/www.sedesoruro.gob.bo\/index.php\/2024\/11\/27\/sedes-fortalece-alianza-con-la-prensa-orurena-para-socializar-la-prevencion-contra-el-cancer\/\" \/>\n<meta property=\"og:site_name\" content=\"SERVICIO DEPARTAMENTAL DE SALUD - ORURO\" \/>\n<meta property=\"article:publisher\" content=\"https:\/\/www.facebook.com\/SEDESOR\" \/>\n<meta property=\"article:published_time\" content=\"2024-11-27T15:20:07+00:00\" \/>\n<meta property=\"article:modified_time\" content=\"2024-11-27T15:25:30+00:00\" \/>\n<meta property=\"og:image\" content=\"https:\/\/www.sedesoruro.gob.bo\/wp-content\/uploads\/2024\/11\/WhatsApp-Image-2024-11-01-at-11.54.03-AM.jpeg\" \/>\n\t<meta property=\"og:image:width\" content=\"1080\" \/>\n\t<meta property=\"og:image:height\" content=\"720\" \/>\n\t<meta property=\"og:image:type\" content=\"image\/jpeg\" \/>\n<meta name=\"author\" content=\"userdesse\" \/>\n<meta name=\"twitter:card\" content=\"summary_large_image\" \/>\n<meta name=\"twitter:label1\" content=\"Escrito por\" \/>\n\t<meta name=\"twitter:data1\" content=\"userdesse\" \/>\n\t<meta name=\"twitter:label2\" content=\"Tiempo de lectura\" \/>\n\t<meta name=\"twitter:data2\" content=\"3 minutos\" \/>\n<script type=\"application\/ld+json\" class=\"yoast-schema-graph\">{\"@context\":\"https:\/\/schema.org\",\"@graph\":[{\"@type\":\"Article\",\"@id\":\"https:\/\/www.sedesoruro.gob.bo\/index.php\/2024\/11\/27\/sedes-fortalece-alianza-con-la-prensa-orurena-para-socializar-la-prevencion-contra-el-cancer\/#article\",\"isPartOf\":{\"@id\":\"https:\/\/www.sedesoruro.gob.bo\/index.php\/2024\/11\/27\/sedes-fortalece-alianza-con-la-prensa-orurena-para-socializar-la-prevencion-contra-el-cancer\/\"},\"author\":{\"name\":\"userdesse\",\"@id\":\"https:\/\/www.sedesoruro.gob.bo\/#\/schema\/person\/269b8053e5fc16d4191978ba1f4ccfb0\"},\"headline\":\"SEDES FORTALECE ALIANZA CON LA PRENSA ORURE\u00d1A PARA SOCIALIZAR LA PREVENCION CONTRA EL C\u00c1NCER\",\"datePublished\":\"2024-11-27T15:20:07+00:00\",\"dateModified\":\"2024-11-27T15:25:30+00:00\",\"mainEntityOfPage\":{\"@id\":\"https:\/\/www.sedesoruro.gob.bo\/index.php\/2024\/11\/27\/sedes-fortalece-alianza-con-la-prensa-orurena-para-socializar-la-prevencion-contra-el-cancer\/\"},\"wordCount\":409,\"publisher\":{\"@id\":\"https:\/\/www.sedesoruro.gob.bo\/#organization\"},\"image\":{\"@id\":\"https:\/\/www.sedesoruro.gob.bo\/index.php\/2024\/11\/27\/sedes-fortalece-alianza-con-la-prensa-orurena-para-socializar-la-prevencion-contra-el-cancer\/#primaryimage\"},\"thumbnailUrl\":\"https:\/\/www.sedesoruro.gob.bo\/wp-content\/uploads\/2024\/11\/WhatsApp-Image-2024-11-01-at-11.54.03-AM.jpeg\",\"articleSection\":[\"C\u00c1NCER\",\"COMUNICAC\u00cdON\",\"INICIO\"],\"inLanguage\":\"es\"},{\"@type\":\"WebPage\",\"@id\":\"https:\/\/www.sedesoruro.gob.bo\/index.php\/2024\/11\/27\/sedes-fortalece-alianza-con-la-prensa-orurena-para-socializar-la-prevencion-contra-el-cancer\/\",\"url\":\"https:\/\/www.sedesoruro.gob.bo\/index.php\/2024\/11\/27\/sedes-fortalece-alianza-con-la-prensa-orurena-para-socializar-la-prevencion-contra-el-cancer\/\",\"name\":\"SEDES FORTALECE ALIANZA CON LA PRENSA ORURE\u00d1A PARA SOCIALIZAR LA PREVENCION CONTRA EL C\u00c1NCER\",\"isPartOf\":{\"@id\":\"https:\/\/www.sedesoruro.gob.bo\/#website\"},\"primaryImageOfPage\":{\"@id\":\"https:\/\/www.sedesoruro.gob.bo\/index.php\/2024\/11\/27\/sedes-fortalece-alianza-con-la-prensa-orurena-para-socializar-la-prevencion-contra-el-cancer\/#primaryimage\"},\"image\":{\"@id\":\"https:\/\/www.sedesoruro.gob.bo\/index.php\/2024\/11\/27\/sedes-fortalece-alianza-con-la-prensa-orurena-para-socializar-la-prevencion-contra-el-cancer\/#primaryimage\"},\"thumbnailUrl\":\"https:\/\/www.sedesoruro.gob.bo\/wp-content\/uploads\/2024\/11\/WhatsApp-Image-2024-11-01-at-11.54.03-AM.jpeg\",\"datePublished\":\"2024-11-27T15:20:07+00:00\",\"dateModified\":\"2024-11-27T15:25:30+00:00\",\"description\":\"El Servicio Departamental de Salud (SEDES) Oruro, a trav\u00e9s del Programa Departamental de Lucha contra el C\u00e1ncer, junto al Sindicato de Trabajadores de la\",\"breadcrumb\":{\"@id\":\"https:\/\/www.sedesoruro.gob.bo\/index.php\/2024\/11\/27\/sedes-fortalece-alianza-con-la-prensa-orurena-para-socializar-la-prevencion-contra-el-cancer\/#breadcrumb\"},\"inLanguage\":\"es\",\"potentialAction\":[{\"@type\":\"ReadAction\",\"target\":[\"https:\/\/www.sedesoruro.gob.bo\/index.php\/2024\/11\/27\/sedes-fortalece-alianza-con-la-prensa-orurena-para-socializar-la-prevencion-contra-el-cancer\/\"]}]},{\"@type\":\"ImageObject\",\"inLanguage\":\"es\",\"@id\":\"https:\/\/www.sedesoruro.gob.bo\/index.php\/2024\/11\/27\/sedes-fortalece-alianza-con-la-prensa-orurena-para-socializar-la-prevencion-contra-el-cancer\/#primaryimage\",\"url\":\"https:\/\/www.sedesoruro.gob.bo\/wp-content\/uploads\/2024\/11\/WhatsApp-Image-2024-11-01-at-11.54.03-AM.jpeg\",\"contentUrl\":\"https:\/\/www.sedesoruro.gob.bo\/wp-content\/uploads\/2024\/11\/WhatsApp-Image-2024-11-01-at-11.54.03-AM.jpeg\",\"width\":1080,\"height\":720},{\"@type\":\"BreadcrumbList\",\"@id\":\"https:\/\/www.sedesoruro.gob.bo\/index.php\/2024\/11\/27\/sedes-fortalece-alianza-con-la-prensa-orurena-para-socializar-la-prevencion-contra-el-cancer\/#breadcrumb\",\"itemListElement\":[{\"@type\":\"ListItem\",\"position\":1,\"name\":\"Portada\",\"item\":\"https:\/\/www.sedesoruro.gob.bo\/\"},{\"@type\":\"ListItem\",\"position\":2,\"name\":\"SEDES FORTALECE ALIANZA CON LA PRENSA ORURE\u00d1A PARA SOCIALIZAR LA PREVENCION CONTRA EL C\u00c1NCER\"}]},{\"@type\":\"WebSite\",\"@id\":\"https:\/\/www.sedesoruro.gob.bo\/#website\",\"url\":\"https:\/\/www.sedesoruro.gob.bo\/\",\"name\":\"sedesoruro.gob.bo\",\"description\":\"SERVICIO DEPARTAMENTAL DE SALUD - ORURO\",\"publisher\":{\"@id\":\"https:\/\/www.sedesoruro.gob.bo\/#organization\"},\"alternateName\":\"Servicio Departamental de Salud - Oruro\",\"potentialAction\":[{\"@type\":\"SearchAction\",\"target\":{\"@type\":\"EntryPoint\",\"urlTemplate\":\"https:\/\/www.sedesoruro.gob.bo\/?s={search_term_string}\"},\"query-input\":\"required name=search_term_string\"}],\"inLanguage\":\"es\"},{\"@type\":\"Organization\",\"@id\":\"https:\/\/www.sedesoruro.gob.bo\/#organization\",\"name\":\"Servicio Departamental de Salud - Oruro\",\"alternateName\":\"SEDES ORURO\",\"url\":\"https:\/\/www.sedesoruro.gob.bo\/\",\"logo\":{\"@type\":\"ImageObject\",\"inLanguage\":\"es\",\"@id\":\"https:\/\/www.sedesoruro.gob.bo\/#\/schema\/logo\/image\/\",\"url\":\"https:\/\/www.sedesoruro.gob.bo\/wp-content\/uploads\/2024\/08\/LOGO-SEDES.jpg\",\"contentUrl\":\"https:\/\/www.sedesoruro.gob.bo\/wp-content\/uploads\/2024\/08\/LOGO-SEDES.jpg\",\"width\":226,\"height\":223,\"caption\":\"Servicio Departamental de Salud - Oruro\"},\"image\":{\"@id\":\"https:\/\/www.sedesoruro.gob.bo\/#\/schema\/logo\/image\/\"},\"sameAs\":[\"https:\/\/www.facebook.com\/SEDESOR\"]},{\"@type\":\"Person\",\"@id\":\"https:\/\/www.sedesoruro.gob.bo\/#\/schema\/person\/269b8053e5fc16d4191978ba1f4ccfb0\",\"name\":\"userdesse\",\"image\":{\"@type\":\"ImageObject\",\"inLanguage\":\"es\",\"@id\":\"https:\/\/www.sedesoruro.gob.bo\/#\/schema\/person\/image\/\",\"url\":\"https:\/\/secure.gravatar.com\/avatar\/d620fe5460db87edd265e5743d4b6428870636320ba06173d03a4368a03d84aa?s=96&d=mm&r=g\",\"contentUrl\":\"https:\/\/secure.gravatar.com\/avatar\/d620fe5460db87edd265e5743d4b6428870636320ba06173d03a4368a03d84aa?s=96&d=mm&r=g\",\"caption\":\"userdesse\"},\"sameAs\":[\"http:\/\/www.sedesoruro.gob.bo\"]}]}<\/script>\n<!-- \/ Yoast SEO plugin. -->","yoast_head_json":{"title":"SEDES FORTALECE ALIANZA CON LA PRENSA ORURE\u00d1A PARA SOCIALIZAR LA PREVENCION CONTRA EL C\u00c1NCER","description":"El Servicio Departamental de Salud (SEDES) Oruro, a trav\u00e9s del Programa Departamental de Lucha contra el C\u00e1ncer, junto al Sindicato de Trabajadores de la","robots":{"index":"index","follow":"follow","max-snippet":"max-snippet:-1","max-image-preview":"max-image-preview:large","max-video-preview":"max-video-preview:-1"},"canonical":"https:\/\/www.sedesoruro.gob.bo\/index.php\/2024\/11\/27\/sedes-fortalece-alianza-con-la-prensa-orurena-para-socializar-la-prevencion-contra-el-cancer\/","og_locale":"es_ES","og_type":"article","og_title":"SEDES FORTALECE ALIANZA CON LA PRENSA ORURE\u00d1A PARA SOCIALIZAR LA PREVENCION CONTRA EL C\u00c1NCER","og_description":"El Servicio Departamental de Salud (SEDES) Oruro, a trav\u00e9s del Programa Departamental de Lucha contra el C\u00e1ncer, junto al Sindicato de Trabajadores de la","og_url":"https:\/\/www.sedesoruro.gob.bo\/index.php\/2024\/11\/27\/sedes-fortalece-alianza-con-la-prensa-orurena-para-socializar-la-prevencion-contra-el-cancer\/","og_site_name":"SERVICIO DEPARTAMENTAL DE SALUD - ORURO","article_publisher":"https:\/\/www.facebook.com\/SEDESOR","article_published_time":"2024-11-27T15:20:07+00:00","article_modified_time":"2024-11-27T15:25:30+00:00","og_image":[{"width":1080,"height":720,"url":"https:\/\/www.sedesoruro.gob.bo\/wp-content\/uploads\/2024\/11\/WhatsApp-Image-2024-11-01-at-11.54.03-AM.jpeg","type":"image\/jpeg"}],"author":"userdesse","twitter_card":"summary_large_image","twitter_misc":{"Escrito por":"userdesse","Tiempo de lectura":"3 minutos"},"schema":{"@context":"https:\/\/schema.org","@graph":[{"@type":"Article","@id":"https:\/\/www.sedesoruro.gob.bo\/index.php\/2024\/11\/27\/sedes-fortalece-alianza-con-la-prensa-orurena-para-socializar-la-prevencion-contra-el-cancer\/#article","isPartOf":{"@id":"https:\/\/www.sedesoruro.gob.bo\/index.php\/2024\/11\/27\/sedes-fortalece-alianza-con-la-prensa-orurena-para-socializar-la-prevencion-contra-el-cancer\/"},"author":{"name":"userdesse","@id":"https:\/\/www.sedesoruro.gob.bo\/#\/schema\/person\/269b8053e5fc16d4191978ba1f4ccfb0"},"headline":"SEDES FORTALECE ALIANZA CON LA PRENSA ORURE\u00d1A PARA SOCIALIZAR LA PREVENCION CONTRA EL C\u00c1NCER","datePublished":"2024-11-27T15:20:07+00:00","dateModified":"2024-11-27T15:25:30+00:00","mainEntityOfPage":{"@id":"https:\/\/www.sedesoruro.gob.bo\/index.php\/2024\/11\/27\/sedes-fortalece-alianza-con-la-prensa-orurena-para-socializar-la-prevencion-contra-el-cancer\/"},"wordCount":409,"publisher":{"@id":"https:\/\/www.sedesoruro.gob.bo\/#organization"},"image":{"@id":"https:\/\/www.sedesoruro.gob.bo\/index.php\/2024\/11\/27\/sedes-fortalece-alianza-con-la-prensa-orurena-para-socializar-la-prevencion-contra-el-cancer\/#primaryimage"},"thumbnailUrl":"https:\/\/www.sedesoruro.gob.bo\/wp-content\/uploads\/2024\/11\/WhatsApp-Image-2024-11-01-at-11.54.03-AM.jpeg","articleSection":["C\u00c1NCER","COMUNICAC\u00cdON","INICIO"],"inLanguage":"es"},{"@type":"WebPage","@id":"https:\/\/www.sedesoruro.gob.bo\/index.php\/2024\/11\/27\/sedes-fortalece-alianza-con-la-prensa-orurena-para-socializar-la-prevencion-contra-el-cancer\/","url":"https:\/\/www.sedesoruro.gob.bo\/index.php\/2024\/11\/27\/sedes-fortalece-alianza-con-la-prensa-orurena-para-socializar-la-prevencion-contra-el-cancer\/","name":"SEDES FORTALECE ALIANZA CON LA PRENSA ORURE\u00d1A PARA SOCIALIZAR LA PREVENCION CONTRA EL C\u00c1NCER","isPartOf":{"@id":"https:\/\/www.sedesoruro.gob.bo\/#website"},"primaryImageOfPage":{"@id":"https:\/\/www.sedesoruro.gob.bo\/index.php\/2024\/11\/27\/sedes-fortalece-alianza-con-la-prensa-orurena-para-socializar-la-prevencion-contra-el-cancer\/#primaryimage"},"image":{"@id":"https:\/\/www.sedesoruro.gob.bo\/index.php\/2024\/11\/27\/sedes-fortalece-alianza-con-la-prensa-orurena-para-socializar-la-prevencion-contra-el-cancer\/#primaryimage"},"thumbnailUrl":"https:\/\/www.sedesoruro.gob.bo\/wp-content\/uploads\/2024\/11\/WhatsApp-Image-2024-11-01-at-11.54.03-AM.jpeg","datePublished":"2024-11-27T15:20:07+00:00","dateModified":"2024-11-27T15:25:30+00:00","description":"El Servicio Departamental de Salud (SEDES) Oruro, a trav\u00e9s del Programa Departamental de Lucha contra el C\u00e1ncer, junto al Sindicato de Trabajadores de la","breadcrumb":{"@id":"https:\/\/www.sedesoruro.gob.bo\/index.php\/2024\/11\/27\/sedes-fortalece-alianza-con-la-prensa-orurena-para-socializar-la-prevencion-contra-el-cancer\/#breadcrumb"},"inLanguage":"es","potentialAction":[{"@type":"ReadAction","target":["https:\/\/www.sedesoruro.gob.bo\/index.php\/2024\/11\/27\/sedes-fortalece-alianza-con-la-prensa-orurena-para-socializar-la-prevencion-contra-el-cancer\/"]}]},{"@type":"ImageObject","inLanguage":"es","@id":"https:\/\/www.sedesoruro.gob.bo\/index.php\/2024\/11\/27\/sedes-fortalece-alianza-con-la-prensa-orurena-para-socializar-la-prevencion-contra-el-cancer\/#primaryimage","url":"https:\/\/www.sedesoruro.gob.bo\/wp-content\/uploads\/2024\/11\/WhatsApp-Image-2024-11-01-at-11.54.03-AM.jpeg","contentUrl":"https:\/\/www.sedesoruro.gob.bo\/wp-content\/uploads\/2024\/11\/WhatsApp-Image-2024-11-01-at-11.54.03-AM.jpeg","width":1080,"height":720},{"@type":"BreadcrumbList","@id":"https:\/\/www.sedesoruro.gob.bo\/index.php\/2024\/11\/27\/sedes-fortalece-alianza-con-la-prensa-orurena-para-socializar-la-prevencion-contra-el-cancer\/#breadcrumb","itemListElement":[{"@type":"ListItem","position":1,"name":"Portada","item":"https:\/\/www.sedesoruro.gob.bo\/"},{"@type":"ListItem","position":2,"name":"SEDES FORTALECE ALIANZA CON LA PRENSA ORURE\u00d1A PARA SOCIALIZAR LA PREVENCION CONTRA EL C\u00c1NCER"}]},{"@type":"WebSite","@id":"https:\/\/www.sedesoruro.gob.bo\/#website","url":"https:\/\/www.sedesoruro.gob.bo\/","name":"sedesoruro.gob.bo","description":"SERVICIO DEPARTAMENTAL DE SALUD - ORURO","publisher":{"@id":"https:\/\/www.sedesoruro.gob.bo\/#organization"},"alternateName":"Servicio Departamental de Salud - Oruro","potentialAction":[{"@type":"SearchAction","target":{"@type":"EntryPoint","urlTemplate":"https:\/\/www.sedesoruro.gob.bo\/?s={search_term_string}"},"query-input":"required name=search_term_string"}],"inLanguage":"es"},{"@type":"Organization","@id":"https:\/\/www.sedesoruro.gob.bo\/#organization","name":"Servicio Departamental de Salud - Oruro","alternateName":"SEDES ORURO","url":"https:\/\/www.sedesoruro.gob.bo\/","logo":{"@type":"ImageObject","inLanguage":"es","@id":"https:\/\/www.sedesoruro.gob.bo\/#\/schema\/logo\/image\/","url":"https:\/\/www.sedesoruro.gob.bo\/wp-content\/uploads\/2024\/08\/LOGO-SEDES.jpg","contentUrl":"https:\/\/www.sedesoruro.gob.bo\/wp-content\/uploads\/2024\/08\/LOGO-SEDES.jpg","width":226,"height":223,"caption":"Servicio Departamental de Salud - Oruro"},"image":{"@id":"https:\/\/www.sedesoruro.gob.bo\/#\/schema\/logo\/image\/"},"sameAs":["https:\/\/www.facebook.com\/SEDESOR"]},{"@type":"Person","@id":"https:\/\/www.sedesoruro.gob.bo\/#\/schema\/person\/269b8053e5fc16d4191978ba1f4ccfb0","name":"userdesse","image":{"@type":"ImageObject","inLanguage":"es","@id":"https:\/\/www.sedesoruro.gob.bo\/#\/schema\/person\/image\/","url":"https:\/\/secure.gravatar.com\/avatar\/d620fe5460db87edd265e5743d4b6428870636320ba06173d03a4368a03d84aa?s=96&d=mm&r=g","contentUrl":"https:\/\/secure.gravatar.com\/avatar\/d620fe5460db87edd265e5743d4b6428870636320ba06173d03a4368a03d84aa?s=96&d=mm&r=g","caption":"userdesse"},"sameAs":["http:\/\/www.sedesoruro.gob.bo"]}]}},"_links":{"self":[{"href":"https:\/\/www.sedesoruro.gob.bo\/index.php\/wp-json\/wp\/v2\/posts\/4070","targetHints":{"allow":["GET"]}}],"collection":[{"href":"https:\/\/www.sedesoruro.gob.bo\/index.php\/wp-json\/wp\/v2\/posts"}],"about":[{"href":"https:\/\/www.sedesoruro.gob.bo\/index.php\/wp-json\/wp\/v2\/types\/post"}],"author":[{"embeddable":true,"href":"https:\/\/www.sedesoruro.gob.bo\/index.php\/wp-json\/wp\/v2\/users\/1"}],"replies":[{"embeddable":true,"href":"https:\/\/www.sedesoruro.gob.bo\/index.php\/wp-json\/wp\/v2\/comments?post=4070"}],"version-history":[{"count":4,"href":"https:\/\/www.sedesoruro.gob.bo\/index.php\/wp-json\/wp\/v2\/posts\/4070\/revisions"}],"predecessor-version":[{"id":4081,"href":"https:\/\/www.sedesoruro.gob.bo\/index.php\/wp-json\/wp\/v2\/posts\/4070\/revisions\/4081"}],"wp:featuredmedia":[{"embeddable":true,"href":"https:\/\/www.sedesoruro.gob.bo\/index.php\/wp-json\/wp\/v2\/media\/4072"}],"wp:attachment":[{"href":"https:\/\/www.sedesoruro.gob.bo\/index.php\/wp-json\/wp\/v2\/media?parent=4070"}],"wp:term":[{"taxonomy":"category","embeddable":true,"href":"https:\/\/www.sedesoruro.gob.bo\/index.php\/wp-json\/wp\/v2\/categories?post=4070"},{"taxonomy":"post_tag","embeddable":true,"href":"https:\/\/www.sedesoruro.gob.bo\/index.php\/wp-json\/wp\/v2\/tags?post=4070"}],"curies":[{"name":"wp","href":"https:\/\/api.w.org\/{rel}","templated":true}]}}