{"id":4082,"date":"2024-11-27T11:26:45","date_gmt":"2024-11-27T15:26:45","guid":{"rendered":"https:\/\/www.sedesoruro.gob.bo\/?p=4082"},"modified":"2025-10-29T08:56:28","modified_gmt":"2025-10-29T12:56:28","slug":"sedes-oruro-cumple-con-la-campana-de-vacunacion-en-zonas-fronterizas","status":"publish","type":"post","link":"https:\/\/www.sedesoruro.gob.bo\/index.php\/2024\/11\/27\/sedes-oruro-cumple-con-la-campana-de-vacunacion-en-zonas-fronterizas\/","title":{"rendered":"SEDES ORURO CUMPLE CON LA CAMPA\u00d1A DE VACUNACI\u00d3N EN ZONAS FRONTERIZAS"},"content":{"rendered":"\t\t<div data-elementor-type=\"wp-post\" data-elementor-id=\"4082\" class=\"elementor elementor-4082\">\n\t\t\t\t<div class=\"elementor-element elementor-element-b9ee3a1 e-flex e-con-boxed e-con e-parent\" data-id=\"b9ee3a1\" data-element_type=\"container\">\n\t\t\t\t\t<div class=\"e-con-inner\">\n\t\t\t\t<div class=\"elementor-element elementor-element-34fbca6 elementor-widget elementor-widget-text-editor\" data-id=\"34fbca6\" data-element_type=\"widget\" data-widget_type=\"text-editor.default\">\n\t\t\t\t<div class=\"elementor-widget-container\">\n\t\t\t\t\t\t\t\t\t<p>Cumpliendo con la Semana de Vacunaci\u00f3n en Fronteras, el Servicio Departamental de Salud Oruro a trav\u00e9s del Programa Ampliado de Inmunizaci\u00f3n (PAI), fortaleci\u00f3 con las Brigadas Especiales de Acci\u00f3n R\u00e1pida (BEAR) a los establecimientos de salud de Pisiga y Tambo Quemado para realizar la b\u00fasqueda de poblaci\u00f3n susceptible que aun falta completar su Esquema de Vacunaci\u00f3n.<\/p>\t\t\t\t\t\t\t\t<\/div>\n\t\t\t\t<\/div>\n\t\t\t\t\t<\/div>\n\t\t\t\t<\/div>\n\t\t<div class=\"elementor-element elementor-element-c60a5f4 e-flex e-con-boxed e-con e-parent\" data-id=\"c60a5f4\" data-element_type=\"container\">\n\t\t\t\t\t<div class=\"e-con-inner\">\n\t\t<div class=\"elementor-element elementor-element-6acf1a9 e-con-full e-flex e-con e-child\" data-id=\"6acf1a9\" data-element_type=\"container\">\n\t\t\t\t<div class=\"elementor-element elementor-element-2976ef6 elementor-widget elementor-widget-image\" data-id=\"2976ef6\" data-element_type=\"widget\" data-widget_type=\"image.default\">\n\t\t\t\t<div class=\"elementor-widget-container\">\n\t\t\t\t\t\t\t\t\t\t\t\t\t\t\t<img fetchpriority=\"high\" decoding=\"async\" width=\"1024\" height=\"575\" src=\"https:\/\/www.sedesoruro.gob.bo\/wp-content\/uploads\/2024\/11\/WhatsApp-Image-2024-11-01-at-1.05.04-PM-1024x575.jpeg\" class=\"attachment-large size-large wp-image-4084\" alt=\"\" srcset=\"https:\/\/www.sedesoruro.gob.bo\/wp-content\/uploads\/2024\/11\/WhatsApp-Image-2024-11-01-at-1.05.04-PM-1024x575.jpeg 1024w, https:\/\/www.sedesoruro.gob.bo\/wp-content\/uploads\/2024\/11\/WhatsApp-Image-2024-11-01-at-1.05.04-PM-300x168.jpeg 300w, https:\/\/www.sedesoruro.gob.bo\/wp-content\/uploads\/2024\/11\/WhatsApp-Image-2024-11-01-at-1.05.04-PM-768x431.jpeg 768w, https:\/\/www.sedesoruro.gob.bo\/wp-content\/uploads\/2024\/11\/WhatsApp-Image-2024-11-01-at-1.05.04-PM-1280x720.jpeg 1280w, https:\/\/www.sedesoruro.gob.bo\/wp-content\/uploads\/2024\/11\/WhatsApp-Image-2024-11-01-at-1.05.04-PM.jpeg 1283w\" sizes=\"(max-width: 1024px) 100vw, 1024px\" \/>\t\t\t\t\t\t\t\t\t\t\t\t\t\t\t<\/div>\n\t\t\t\t<\/div>\n\t\t\t\t<\/div>\n\t\t<div class=\"elementor-element elementor-element-a617181 e-con-full e-flex e-con e-child\" data-id=\"a617181\" data-element_type=\"container\">\n\t\t\t\t<div class=\"elementor-element elementor-element-60f6be8 elementor-widget elementor-widget-text-editor\" data-id=\"60f6be8\" data-element_type=\"widget\" data-widget_type=\"text-editor.default\">\n\t\t\t\t<div class=\"elementor-widget-container\">\n\t\t\t\t\t\t\t\t\t<p>El responsable del PAI, Dr. Waldo Rozo, se\u00f1alo que, durante tres d\u00edas, en coordinaci\u00f3n con los Centros de Salud de los municipios y zonas fronterizas del departamento, se cumpli\u00f3 con una serie de actividades para mejorar la recepci\u00f3n de la poblaci\u00f3n en torno a las vacunas como la b\u00fasqueda de poblaci\u00f3n susceptible, entrevistas a pobladores referente a las vacunas, diagn\u00f3stico a personas con posibles malestares, administraci\u00f3n de la vacuna contra la influenza como tambi\u00e9n del sarampi\u00f3n y la rubeola, esto en el marco de la alerta nacional por estas enfermedades.<\/p><p>Rozo indic\u00f3, que tambi\u00e9n se vacunaron a ni\u00f1os entre 5 a 8 a\u00f1os con vacunas contra la poliomielitis (IPV) y otros infantes en edades vulnerables. En el caso de los reci\u00e9n nacidos, se atendi\u00f3 a menores de 12 a 23 meses con diferentes vacunas abocadas a este sector vulnerable, tambi\u00e9n se atendi\u00f3 a ni\u00f1os de 2 a 4 a\u00f1os.<\/p>\t\t\t\t\t\t\t\t<\/div>\n\t\t\t\t<\/div>\n\t\t\t\t<\/div>\n\t\t\t\t\t<\/div>\n\t\t\t\t<\/div>\n\t\t<div class=\"elementor-element elementor-element-62b55cb e-flex e-con-boxed e-con e-parent\" data-id=\"62b55cb\" data-element_type=\"container\">\n\t\t\t\t\t<div class=\"e-con-inner\">\n\t\t<div class=\"elementor-element elementor-element-409509f e-con-full e-flex e-con e-child\" data-id=\"409509f\" data-element_type=\"container\">\n\t\t\t\t<div class=\"elementor-element elementor-element-63086bb elementor-widget elementor-widget-image\" data-id=\"63086bb\" data-element_type=\"widget\" data-widget_type=\"image.default\">\n\t\t\t\t<div class=\"elementor-widget-container\">\n\t\t\t\t\t\t\t\t\t\t\t\t\t\t\t<img decoding=\"async\" width=\"641\" height=\"711\" src=\"https:\/\/www.sedesoruro.gob.bo\/wp-content\/uploads\/2024\/11\/WhatsApp-Image-2024-11-01-at-1.05.06-PM.jpeg\" class=\"attachment-large size-large wp-image-4089\" alt=\"\" srcset=\"https:\/\/www.sedesoruro.gob.bo\/wp-content\/uploads\/2024\/11\/WhatsApp-Image-2024-11-01-at-1.05.06-PM.jpeg 641w, https:\/\/www.sedesoruro.gob.bo\/wp-content\/uploads\/2024\/11\/WhatsApp-Image-2024-11-01-at-1.05.06-PM-270x300.jpeg 270w\" sizes=\"(max-width: 641px) 100vw, 641px\" \/>\t\t\t\t\t\t\t\t\t\t\t\t\t\t\t<\/div>\n\t\t\t\t<\/div>\n\t\t\t\t<\/div>\n\t\t<div class=\"elementor-element elementor-element-5eef82f e-con-full e-flex e-con e-child\" data-id=\"5eef82f\" data-element_type=\"container\">\n\t\t\t\t<div class=\"elementor-element elementor-element-4c71893 elementor-widget elementor-widget-image\" data-id=\"4c71893\" data-element_type=\"widget\" data-widget_type=\"image.default\">\n\t\t\t\t<div class=\"elementor-widget-container\">\n\t\t\t\t\t\t\t\t\t\t\t\t\t\t\t<img decoding=\"async\" width=\"576\" height=\"576\" src=\"https:\/\/www.sedesoruro.gob.bo\/wp-content\/uploads\/2024\/11\/WhatsApp-Image-2024-11-01-at-1.05.05-PM-1.jpeg\" class=\"attachment-large size-large wp-image-4085\" alt=\"\" srcset=\"https:\/\/www.sedesoruro.gob.bo\/wp-content\/uploads\/2024\/11\/WhatsApp-Image-2024-11-01-at-1.05.05-PM-1.jpeg 576w, https:\/\/www.sedesoruro.gob.bo\/wp-content\/uploads\/2024\/11\/WhatsApp-Image-2024-11-01-at-1.05.05-PM-1-300x300.jpeg 300w, https:\/\/www.sedesoruro.gob.bo\/wp-content\/uploads\/2024\/11\/WhatsApp-Image-2024-11-01-at-1.05.05-PM-1-150x150.jpeg 150w\" sizes=\"(max-width: 576px) 100vw, 576px\" \/>\t\t\t\t\t\t\t\t\t\t\t\t\t\t\t<\/div>\n\t\t\t\t<\/div>\n\t\t\t\t<\/div>\n\t\t\t\t<div class=\"elementor-element elementor-element-efb920d elementor-widget elementor-widget-video\" data-id=\"efb920d\" data-element_type=\"widget\" data-settings=\"{&quot;youtube_url&quot;:&quot;https:\\\/\\\/www.youtube.com\\\/watch?v=XHOmBV4js_E&quot;,&quot;video_type&quot;:&quot;youtube&quot;,&quot;controls&quot;:&quot;yes&quot;}\" data-widget_type=\"video.default\">\n\t\t\t\t<div class=\"elementor-widget-container\">\n\t\t\t\t\t\t\t<div class=\"elementor-wrapper elementor-open-inline\">\n\t\t\t<div class=\"elementor-video\"><\/div>\t\t<\/div>\n\t\t\t\t\t\t<\/div>\n\t\t\t\t<\/div>\n\t\t\t\t\t<\/div>\n\t\t\t\t<\/div>\n\t\t<div class=\"elementor-element elementor-element-04a074e e-flex e-con-boxed e-con e-parent\" data-id=\"04a074e\" data-element_type=\"container\">\n\t\t\t\t\t<div class=\"e-con-inner\">\n\t\t\t\t<div class=\"elementor-element elementor-element-78a63e1 elementor-widget elementor-widget-text-editor\" data-id=\"78a63e1\" data-element_type=\"widget\" data-widget_type=\"text-editor.default\">\n\t\t\t\t<div class=\"elementor-widget-container\">\n\t\t\t\t\t\t\t\t\t<p>El responsable del PAI, acot\u00f3, que a pesar de las m\u00faltiples alertas y campa\u00f1as que se cumplen, aun se puede encontrar a ni\u00f1os que no est\u00e1n vacunados, algo que va bajo la responsabilidad de los padres de familia que deben tomar conciencia sobre la importancia de llevar a los peque\u00f1os a los centros de salud para que puedan ser vacunados.<\/p><p>Otro factor que se tiene en las zonas fronterizas, sobre todo en Pisiga Bol\u00edvar, es la presencia de poblaci\u00f3n migrante como haitianos, venezolanos, cubanos, e incluso personas de otros continentes, lo que se hace es que estas personas ingresen con las vacunas respectivas para proteger a la poblaci\u00f3n boliviana sobre diferentes enfermedades.<\/p>\t\t\t\t\t\t\t\t<\/div>\n\t\t\t\t<\/div>\n\t\t\t\t\t<\/div>\n\t\t\t\t<\/div>\n\t\t<div class=\"elementor-element elementor-element-5163d0d e-flex e-con-boxed e-con e-parent\" data-id=\"5163d0d\" data-element_type=\"container\">\n\t\t\t\t\t<div class=\"e-con-inner\">\n\t\t<div class=\"elementor-element elementor-element-1377300 e-con-full e-flex e-con e-child\" data-id=\"1377300\" data-element_type=\"container\">\n\t\t\t\t<div class=\"elementor-element elementor-element-97dd291 elementor-widget elementor-widget-image\" data-id=\"97dd291\" data-element_type=\"widget\" data-widget_type=\"image.default\">\n\t\t\t\t<div class=\"elementor-widget-container\">\n\t\t\t\t\t\t\t\t\t\t\t\t\t\t\t<img loading=\"lazy\" decoding=\"async\" width=\"1024\" height=\"748\" src=\"https:\/\/www.sedesoruro.gob.bo\/wp-content\/uploads\/2024\/11\/WhatsApp-Image-2024-11-01-at-1.05.05-PM-1024x748.jpeg\" class=\"attachment-large size-large wp-image-4088\" alt=\"\" srcset=\"https:\/\/www.sedesoruro.gob.bo\/wp-content\/uploads\/2024\/11\/WhatsApp-Image-2024-11-01-at-1.05.05-PM-1024x748.jpeg 1024w, https:\/\/www.sedesoruro.gob.bo\/wp-content\/uploads\/2024\/11\/WhatsApp-Image-2024-11-01-at-1.05.05-PM-300x219.jpeg 300w, https:\/\/www.sedesoruro.gob.bo\/wp-content\/uploads\/2024\/11\/WhatsApp-Image-2024-11-01-at-1.05.05-PM-768x561.jpeg 768w, https:\/\/www.sedesoruro.gob.bo\/wp-content\/uploads\/2024\/11\/WhatsApp-Image-2024-11-01-at-1.05.05-PM.jpeg 1200w\" sizes=\"(max-width: 1024px) 100vw, 1024px\" \/>\t\t\t\t\t\t\t\t\t\t\t\t\t\t\t<\/div>\n\t\t\t\t<\/div>\n\t\t\t\t<\/div>\n\t\t\t\t\t<\/div>\n\t\t\t\t<\/div>\n\t\t\t\t<\/div>\n\t\t","protected":false},"excerpt":{"rendered":"<p>Cumpliendo con la Semana de Vacunaci\u00f3n en Fronteras, el Servicio Departamental de Salud Oruro a trav\u00e9s del Programa Ampliado de Inmunizaci\u00f3n (PAI), fortaleci\u00f3 con las Brigadas Especiales de Acci\u00f3n R\u00e1pida (BEAR) a los establecimientos&#46;&#46;&#46;<\/p>\n","protected":false},"author":1,"featured_media":4086,"comment_status":"closed","ping_status":"open","sticky":false,"template":"","format":"standard","meta":{"_cbd_carousel_blocks":"[]","footnotes":""},"categories":[17,60,21],"tags":[],"class_list":["post-4082","post","type-post","status-publish","format-standard","has-post-thumbnail","hentry","category-comunicacion","category-pai","category-reporte-epidemiologico"],"yoast_head":"<!-- This site is optimized with the Yoast SEO plugin v23.1 - https:\/\/yoast.com\/wordpress\/plugins\/seo\/ -->\n<title>SEDES ORURO CUMPLE CON LA CAMPA\u00d1A DE VACUNACI\u00d3N EN ZONAS FRONTERIZAS<\/title>\n<meta name=\"description\" content=\"Cumpliendo con la Semana de Vacunaci\u00f3n en Fronteras, el Servicio Departamental de Salud Oruro a trav\u00e9s del Programa Ampliado de Inmunizaci\u00f3n (PAI),\" \/>\n<meta name=\"robots\" content=\"index, follow, max-snippet:-1, max-image-preview:large, max-video-preview:-1\" \/>\n<link rel=\"canonical\" href=\"https:\/\/www.sedesoruro.gob.bo\/index.php\/2024\/11\/27\/sedes-oruro-cumple-con-la-campana-de-vacunacion-en-zonas-fronterizas\/\" \/>\n<meta property=\"og:locale\" content=\"es_ES\" \/>\n<meta property=\"og:type\" content=\"article\" \/>\n<meta property=\"og:title\" content=\"SEDES ORURO CUMPLE CON LA CAMPA\u00d1A DE VACUNACI\u00d3N EN ZONAS FRONTERIZAS\" \/>\n<meta property=\"og:description\" content=\"Cumpliendo con la Semana de Vacunaci\u00f3n en Fronteras, el Servicio Departamental de Salud Oruro a trav\u00e9s del Programa Ampliado de Inmunizaci\u00f3n (PAI),\" \/>\n<meta property=\"og:url\" content=\"https:\/\/www.sedesoruro.gob.bo\/index.php\/2024\/11\/27\/sedes-oruro-cumple-con-la-campana-de-vacunacion-en-zonas-fronterizas\/\" \/>\n<meta property=\"og:site_name\" content=\"SERVICIO DEPARTAMENTAL DE SALUD - ORURO\" \/>\n<meta property=\"article:publisher\" content=\"https:\/\/www.facebook.com\/SEDESOR\" \/>\n<meta property=\"article:published_time\" content=\"2024-11-27T15:26:45+00:00\" \/>\n<meta property=\"article:modified_time\" content=\"2025-10-29T12:56:28+00:00\" \/>\n<meta property=\"og:image\" content=\"https:\/\/www.sedesoruro.gob.bo\/wp-content\/uploads\/2024\/11\/WhatsApp-Image-2024-11-01-at-1.05.05-PM-2.jpeg\" \/>\n\t<meta property=\"og:image:width\" content=\"1600\" \/>\n\t<meta property=\"og:image:height\" content=\"1200\" \/>\n\t<meta property=\"og:image:type\" content=\"image\/jpeg\" \/>\n<meta name=\"author\" content=\"userdesse\" \/>\n<meta name=\"twitter:card\" content=\"summary_large_image\" \/>\n<meta name=\"twitter:label1\" content=\"Escrito por\" \/>\n\t<meta name=\"twitter:data1\" content=\"userdesse\" \/>\n\t<meta name=\"twitter:label2\" content=\"Tiempo de lectura\" \/>\n\t<meta name=\"twitter:data2\" content=\"3 minutos\" \/>\n<script type=\"application\/ld+json\" class=\"yoast-schema-graph\">{\"@context\":\"https:\/\/schema.org\",\"@graph\":[{\"@type\":\"Article\",\"@id\":\"https:\/\/www.sedesoruro.gob.bo\/index.php\/2024\/11\/27\/sedes-oruro-cumple-con-la-campana-de-vacunacion-en-zonas-fronterizas\/#article\",\"isPartOf\":{\"@id\":\"https:\/\/www.sedesoruro.gob.bo\/index.php\/2024\/11\/27\/sedes-oruro-cumple-con-la-campana-de-vacunacion-en-zonas-fronterizas\/\"},\"author\":{\"name\":\"userdesse\",\"@id\":\"https:\/\/www.sedesoruro.gob.bo\/#\/schema\/person\/269b8053e5fc16d4191978ba1f4ccfb0\"},\"headline\":\"SEDES ORURO CUMPLE CON LA CAMPA\u00d1A DE VACUNACI\u00d3N EN ZONAS FRONTERIZAS\",\"datePublished\":\"2024-11-27T15:26:45+00:00\",\"dateModified\":\"2025-10-29T12:56:28+00:00\",\"mainEntityOfPage\":{\"@id\":\"https:\/\/www.sedesoruro.gob.bo\/index.php\/2024\/11\/27\/sedes-oruro-cumple-con-la-campana-de-vacunacion-en-zonas-fronterizas\/\"},\"wordCount\":366,\"publisher\":{\"@id\":\"https:\/\/www.sedesoruro.gob.bo\/#organization\"},\"image\":{\"@id\":\"https:\/\/www.sedesoruro.gob.bo\/index.php\/2024\/11\/27\/sedes-oruro-cumple-con-la-campana-de-vacunacion-en-zonas-fronterizas\/#primaryimage\"},\"thumbnailUrl\":\"https:\/\/www.sedesoruro.gob.bo\/wp-content\/uploads\/2024\/11\/WhatsApp-Image-2024-11-01-at-1.05.05-PM-2.jpeg\",\"articleSection\":[\"COMUNICAC\u00cdON\",\"PAI\",\"REPORTE EPIDEMI\u00d3LOGICO\"],\"inLanguage\":\"es\"},{\"@type\":\"WebPage\",\"@id\":\"https:\/\/www.sedesoruro.gob.bo\/index.php\/2024\/11\/27\/sedes-oruro-cumple-con-la-campana-de-vacunacion-en-zonas-fronterizas\/\",\"url\":\"https:\/\/www.sedesoruro.gob.bo\/index.php\/2024\/11\/27\/sedes-oruro-cumple-con-la-campana-de-vacunacion-en-zonas-fronterizas\/\",\"name\":\"SEDES ORURO CUMPLE CON LA CAMPA\u00d1A DE VACUNACI\u00d3N EN ZONAS FRONTERIZAS\",\"isPartOf\":{\"@id\":\"https:\/\/www.sedesoruro.gob.bo\/#website\"},\"primaryImageOfPage\":{\"@id\":\"https:\/\/www.sedesoruro.gob.bo\/index.php\/2024\/11\/27\/sedes-oruro-cumple-con-la-campana-de-vacunacion-en-zonas-fronterizas\/#primaryimage\"},\"image\":{\"@id\":\"https:\/\/www.sedesoruro.gob.bo\/index.php\/2024\/11\/27\/sedes-oruro-cumple-con-la-campana-de-vacunacion-en-zonas-fronterizas\/#primaryimage\"},\"thumbnailUrl\":\"https:\/\/www.sedesoruro.gob.bo\/wp-content\/uploads\/2024\/11\/WhatsApp-Image-2024-11-01-at-1.05.05-PM-2.jpeg\",\"datePublished\":\"2024-11-27T15:26:45+00:00\",\"dateModified\":\"2025-10-29T12:56:28+00:00\",\"description\":\"Cumpliendo con la Semana de Vacunaci\u00f3n en Fronteras, el Servicio Departamental de Salud Oruro a trav\u00e9s del Programa Ampliado de Inmunizaci\u00f3n (PAI),\",\"breadcrumb\":{\"@id\":\"https:\/\/www.sedesoruro.gob.bo\/index.php\/2024\/11\/27\/sedes-oruro-cumple-con-la-campana-de-vacunacion-en-zonas-fronterizas\/#breadcrumb\"},\"inLanguage\":\"es\",\"potentialAction\":[{\"@type\":\"ReadAction\",\"target\":[\"https:\/\/www.sedesoruro.gob.bo\/index.php\/2024\/11\/27\/sedes-oruro-cumple-con-la-campana-de-vacunacion-en-zonas-fronterizas\/\"]}]},{\"@type\":\"ImageObject\",\"inLanguage\":\"es\",\"@id\":\"https:\/\/www.sedesoruro.gob.bo\/index.php\/2024\/11\/27\/sedes-oruro-cumple-con-la-campana-de-vacunacion-en-zonas-fronterizas\/#primaryimage\",\"url\":\"https:\/\/www.sedesoruro.gob.bo\/wp-content\/uploads\/2024\/11\/WhatsApp-Image-2024-11-01-at-1.05.05-PM-2.jpeg\",\"contentUrl\":\"https:\/\/www.sedesoruro.gob.bo\/wp-content\/uploads\/2024\/11\/WhatsApp-Image-2024-11-01-at-1.05.05-PM-2.jpeg\",\"width\":1600,\"height\":1200},{\"@type\":\"BreadcrumbList\",\"@id\":\"https:\/\/www.sedesoruro.gob.bo\/index.php\/2024\/11\/27\/sedes-oruro-cumple-con-la-campana-de-vacunacion-en-zonas-fronterizas\/#breadcrumb\",\"itemListElement\":[{\"@type\":\"ListItem\",\"position\":1,\"name\":\"Portada\",\"item\":\"https:\/\/www.sedesoruro.gob.bo\/\"},{\"@type\":\"ListItem\",\"position\":2,\"name\":\"SEDES ORURO CUMPLE CON LA CAMPA\u00d1A DE VACUNACI\u00d3N EN ZONAS FRONTERIZAS\"}]},{\"@type\":\"WebSite\",\"@id\":\"https:\/\/www.sedesoruro.gob.bo\/#website\",\"url\":\"https:\/\/www.sedesoruro.gob.bo\/\",\"name\":\"sedesoruro.gob.bo\",\"description\":\"SERVICIO DEPARTAMENTAL DE SALUD - ORURO\",\"publisher\":{\"@id\":\"https:\/\/www.sedesoruro.gob.bo\/#organization\"},\"alternateName\":\"Servicio Departamental de Salud - Oruro\",\"potentialAction\":[{\"@type\":\"SearchAction\",\"target\":{\"@type\":\"EntryPoint\",\"urlTemplate\":\"https:\/\/www.sedesoruro.gob.bo\/?s={search_term_string}\"},\"query-input\":\"required name=search_term_string\"}],\"inLanguage\":\"es\"},{\"@type\":\"Organization\",\"@id\":\"https:\/\/www.sedesoruro.gob.bo\/#organization\",\"name\":\"Servicio Departamental de Salud - Oruro\",\"alternateName\":\"SEDES ORURO\",\"url\":\"https:\/\/www.sedesoruro.gob.bo\/\",\"logo\":{\"@type\":\"ImageObject\",\"inLanguage\":\"es\",\"@id\":\"https:\/\/www.sedesoruro.gob.bo\/#\/schema\/logo\/image\/\",\"url\":\"https:\/\/www.sedesoruro.gob.bo\/wp-content\/uploads\/2024\/08\/LOGO-SEDES.jpg\",\"contentUrl\":\"https:\/\/www.sedesoruro.gob.bo\/wp-content\/uploads\/2024\/08\/LOGO-SEDES.jpg\",\"width\":226,\"height\":223,\"caption\":\"Servicio Departamental de Salud - Oruro\"},\"image\":{\"@id\":\"https:\/\/www.sedesoruro.gob.bo\/#\/schema\/logo\/image\/\"},\"sameAs\":[\"https:\/\/www.facebook.com\/SEDESOR\"]},{\"@type\":\"Person\",\"@id\":\"https:\/\/www.sedesoruro.gob.bo\/#\/schema\/person\/269b8053e5fc16d4191978ba1f4ccfb0\",\"name\":\"userdesse\",\"image\":{\"@type\":\"ImageObject\",\"inLanguage\":\"es\",\"@id\":\"https:\/\/www.sedesoruro.gob.bo\/#\/schema\/person\/image\/\",\"url\":\"https:\/\/secure.gravatar.com\/avatar\/d620fe5460db87edd265e5743d4b6428870636320ba06173d03a4368a03d84aa?s=96&d=mm&r=g\",\"contentUrl\":\"https:\/\/secure.gravatar.com\/avatar\/d620fe5460db87edd265e5743d4b6428870636320ba06173d03a4368a03d84aa?s=96&d=mm&r=g\",\"caption\":\"userdesse\"},\"sameAs\":[\"http:\/\/www.sedesoruro.gob.bo\"]}]}<\/script>\n<!-- \/ Yoast SEO plugin. -->","yoast_head_json":{"title":"SEDES ORURO CUMPLE CON LA CAMPA\u00d1A DE VACUNACI\u00d3N EN ZONAS FRONTERIZAS","description":"Cumpliendo con la Semana de Vacunaci\u00f3n en Fronteras, el Servicio Departamental de Salud Oruro a trav\u00e9s del Programa Ampliado de Inmunizaci\u00f3n (PAI),","robots":{"index":"index","follow":"follow","max-snippet":"max-snippet:-1","max-image-preview":"max-image-preview:large","max-video-preview":"max-video-preview:-1"},"canonical":"https:\/\/www.sedesoruro.gob.bo\/index.php\/2024\/11\/27\/sedes-oruro-cumple-con-la-campana-de-vacunacion-en-zonas-fronterizas\/","og_locale":"es_ES","og_type":"article","og_title":"SEDES ORURO CUMPLE CON LA CAMPA\u00d1A DE VACUNACI\u00d3N EN ZONAS FRONTERIZAS","og_description":"Cumpliendo con la Semana de Vacunaci\u00f3n en Fronteras, el Servicio Departamental de Salud Oruro a trav\u00e9s del Programa Ampliado de Inmunizaci\u00f3n (PAI),","og_url":"https:\/\/www.sedesoruro.gob.bo\/index.php\/2024\/11\/27\/sedes-oruro-cumple-con-la-campana-de-vacunacion-en-zonas-fronterizas\/","og_site_name":"SERVICIO DEPARTAMENTAL DE SALUD - ORURO","article_publisher":"https:\/\/www.facebook.com\/SEDESOR","article_published_time":"2024-11-27T15:26:45+00:00","article_modified_time":"2025-10-29T12:56:28+00:00","og_image":[{"width":1600,"height":1200,"url":"https:\/\/www.sedesoruro.gob.bo\/wp-content\/uploads\/2024\/11\/WhatsApp-Image-2024-11-01-at-1.05.05-PM-2.jpeg","type":"image\/jpeg"}],"author":"userdesse","twitter_card":"summary_large_image","twitter_misc":{"Escrito por":"userdesse","Tiempo de lectura":"3 minutos"},"schema":{"@context":"https:\/\/schema.org","@graph":[{"@type":"Article","@id":"https:\/\/www.sedesoruro.gob.bo\/index.php\/2024\/11\/27\/sedes-oruro-cumple-con-la-campana-de-vacunacion-en-zonas-fronterizas\/#article","isPartOf":{"@id":"https:\/\/www.sedesoruro.gob.bo\/index.php\/2024\/11\/27\/sedes-oruro-cumple-con-la-campana-de-vacunacion-en-zonas-fronterizas\/"},"author":{"name":"userdesse","@id":"https:\/\/www.sedesoruro.gob.bo\/#\/schema\/person\/269b8053e5fc16d4191978ba1f4ccfb0"},"headline":"SEDES ORURO CUMPLE CON LA CAMPA\u00d1A DE VACUNACI\u00d3N EN ZONAS FRONTERIZAS","datePublished":"2024-11-27T15:26:45+00:00","dateModified":"2025-10-29T12:56:28+00:00","mainEntityOfPage":{"@id":"https:\/\/www.sedesoruro.gob.bo\/index.php\/2024\/11\/27\/sedes-oruro-cumple-con-la-campana-de-vacunacion-en-zonas-fronterizas\/"},"wordCount":366,"publisher":{"@id":"https:\/\/www.sedesoruro.gob.bo\/#organization"},"image":{"@id":"https:\/\/www.sedesoruro.gob.bo\/index.php\/2024\/11\/27\/sedes-oruro-cumple-con-la-campana-de-vacunacion-en-zonas-fronterizas\/#primaryimage"},"thumbnailUrl":"https:\/\/www.sedesoruro.gob.bo\/wp-content\/uploads\/2024\/11\/WhatsApp-Image-2024-11-01-at-1.05.05-PM-2.jpeg","articleSection":["COMUNICAC\u00cdON","PAI","REPORTE EPIDEMI\u00d3LOGICO"],"inLanguage":"es"},{"@type":"WebPage","@id":"https:\/\/www.sedesoruro.gob.bo\/index.php\/2024\/11\/27\/sedes-oruro-cumple-con-la-campana-de-vacunacion-en-zonas-fronterizas\/","url":"https:\/\/www.sedesoruro.gob.bo\/index.php\/2024\/11\/27\/sedes-oruro-cumple-con-la-campana-de-vacunacion-en-zonas-fronterizas\/","name":"SEDES ORURO CUMPLE CON LA CAMPA\u00d1A DE VACUNACI\u00d3N EN ZONAS FRONTERIZAS","isPartOf":{"@id":"https:\/\/www.sedesoruro.gob.bo\/#website"},"primaryImageOfPage":{"@id":"https:\/\/www.sedesoruro.gob.bo\/index.php\/2024\/11\/27\/sedes-oruro-cumple-con-la-campana-de-vacunacion-en-zonas-fronterizas\/#primaryimage"},"image":{"@id":"https:\/\/www.sedesoruro.gob.bo\/index.php\/2024\/11\/27\/sedes-oruro-cumple-con-la-campana-de-vacunacion-en-zonas-fronterizas\/#primaryimage"},"thumbnailUrl":"https:\/\/www.sedesoruro.gob.bo\/wp-content\/uploads\/2024\/11\/WhatsApp-Image-2024-11-01-at-1.05.05-PM-2.jpeg","datePublished":"2024-11-27T15:26:45+00:00","dateModified":"2025-10-29T12:56:28+00:00","description":"Cumpliendo con la Semana de Vacunaci\u00f3n en Fronteras, el Servicio Departamental de Salud Oruro a trav\u00e9s del Programa Ampliado de Inmunizaci\u00f3n (PAI),","breadcrumb":{"@id":"https:\/\/www.sedesoruro.gob.bo\/index.php\/2024\/11\/27\/sedes-oruro-cumple-con-la-campana-de-vacunacion-en-zonas-fronterizas\/#breadcrumb"},"inLanguage":"es","potentialAction":[{"@type":"ReadAction","target":["https:\/\/www.sedesoruro.gob.bo\/index.php\/2024\/11\/27\/sedes-oruro-cumple-con-la-campana-de-vacunacion-en-zonas-fronterizas\/"]}]},{"@type":"ImageObject","inLanguage":"es","@id":"https:\/\/www.sedesoruro.gob.bo\/index.php\/2024\/11\/27\/sedes-oruro-cumple-con-la-campana-de-vacunacion-en-zonas-fronterizas\/#primaryimage","url":"https:\/\/www.sedesoruro.gob.bo\/wp-content\/uploads\/2024\/11\/WhatsApp-Image-2024-11-01-at-1.05.05-PM-2.jpeg","contentUrl":"https:\/\/www.sedesoruro.gob.bo\/wp-content\/uploads\/2024\/11\/WhatsApp-Image-2024-11-01-at-1.05.05-PM-2.jpeg","width":1600,"height":1200},{"@type":"BreadcrumbList","@id":"https:\/\/www.sedesoruro.gob.bo\/index.php\/2024\/11\/27\/sedes-oruro-cumple-con-la-campana-de-vacunacion-en-zonas-fronterizas\/#breadcrumb","itemListElement":[{"@type":"ListItem","position":1,"name":"Portada","item":"https:\/\/www.sedesoruro.gob.bo\/"},{"@type":"ListItem","position":2,"name":"SEDES ORURO CUMPLE CON LA CAMPA\u00d1A DE VACUNACI\u00d3N EN ZONAS FRONTERIZAS"}]},{"@type":"WebSite","@id":"https:\/\/www.sedesoruro.gob.bo\/#website","url":"https:\/\/www.sedesoruro.gob.bo\/","name":"sedesoruro.gob.bo","description":"SERVICIO DEPARTAMENTAL DE SALUD - ORURO","publisher":{"@id":"https:\/\/www.sedesoruro.gob.bo\/#organization"},"alternateName":"Servicio Departamental de Salud - Oruro","potentialAction":[{"@type":"SearchAction","target":{"@type":"EntryPoint","urlTemplate":"https:\/\/www.sedesoruro.gob.bo\/?s={search_term_string}"},"query-input":"required name=search_term_string"}],"inLanguage":"es"},{"@type":"Organization","@id":"https:\/\/www.sedesoruro.gob.bo\/#organization","name":"Servicio Departamental de Salud - Oruro","alternateName":"SEDES ORURO","url":"https:\/\/www.sedesoruro.gob.bo\/","logo":{"@type":"ImageObject","inLanguage":"es","@id":"https:\/\/www.sedesoruro.gob.bo\/#\/schema\/logo\/image\/","url":"https:\/\/www.sedesoruro.gob.bo\/wp-content\/uploads\/2024\/08\/LOGO-SEDES.jpg","contentUrl":"https:\/\/www.sedesoruro.gob.bo\/wp-content\/uploads\/2024\/08\/LOGO-SEDES.jpg","width":226,"height":223,"caption":"Servicio Departamental de Salud - Oruro"},"image":{"@id":"https:\/\/www.sedesoruro.gob.bo\/#\/schema\/logo\/image\/"},"sameAs":["https:\/\/www.facebook.com\/SEDESOR"]},{"@type":"Person","@id":"https:\/\/www.sedesoruro.gob.bo\/#\/schema\/person\/269b8053e5fc16d4191978ba1f4ccfb0","name":"userdesse","image":{"@type":"ImageObject","inLanguage":"es","@id":"https:\/\/www.sedesoruro.gob.bo\/#\/schema\/person\/image\/","url":"https:\/\/secure.gravatar.com\/avatar\/d620fe5460db87edd265e5743d4b6428870636320ba06173d03a4368a03d84aa?s=96&d=mm&r=g","contentUrl":"https:\/\/secure.gravatar.com\/avatar\/d620fe5460db87edd265e5743d4b6428870636320ba06173d03a4368a03d84aa?s=96&d=mm&r=g","caption":"userdesse"},"sameAs":["http:\/\/www.sedesoruro.gob.bo"]}]}},"_links":{"self":[{"href":"https:\/\/www.sedesoruro.gob.bo\/index.php\/wp-json\/wp\/v2\/posts\/4082","targetHints":{"allow":["GET"]}}],"collection":[{"href":"https:\/\/www.sedesoruro.gob.bo\/index.php\/wp-json\/wp\/v2\/posts"}],"about":[{"href":"https:\/\/www.sedesoruro.gob.bo\/index.php\/wp-json\/wp\/v2\/types\/post"}],"author":[{"embeddable":true,"href":"https:\/\/www.sedesoruro.gob.bo\/index.php\/wp-json\/wp\/v2\/users\/1"}],"replies":[{"embeddable":true,"href":"https:\/\/www.sedesoruro.gob.bo\/index.php\/wp-json\/wp\/v2\/comments?post=4082"}],"version-history":[{"count":8,"href":"https:\/\/www.sedesoruro.gob.bo\/index.php\/wp-json\/wp\/v2\/posts\/4082\/revisions"}],"predecessor-version":[{"id":4636,"href":"https:\/\/www.sedesoruro.gob.bo\/index.php\/wp-json\/wp\/v2\/posts\/4082\/revisions\/4636"}],"wp:featuredmedia":[{"embeddable":true,"href":"https:\/\/www.sedesoruro.gob.bo\/index.php\/wp-json\/wp\/v2\/media\/4086"}],"wp:attachment":[{"href":"https:\/\/www.sedesoruro.gob.bo\/index.php\/wp-json\/wp\/v2\/media?parent=4082"}],"wp:term":[{"taxonomy":"category","embeddable":true,"href":"https:\/\/www.sedesoruro.gob.bo\/index.php\/wp-json\/wp\/v2\/categories?post=4082"},{"taxonomy":"post_tag","embeddable":true,"href":"https:\/\/www.sedesoruro.gob.bo\/index.php\/wp-json\/wp\/v2\/tags?post=4082"}],"curies":[{"name":"wp","href":"https:\/\/api.w.org\/{rel}","templated":true}]}}